{"id":110942,"date":"2025-12-12T03:28:13","date_gmt":"2025-12-12T03:28:13","guid":{"rendered":"https:\/\/www.europesays.com\/no\/110942\/"},"modified":"2025-12-12T03:28:13","modified_gmt":"2025-12-12T03:28:13","slug":"fenerbahce-herjet-med-brann-i-europa-league","status":"publish","type":"post","link":"https:\/\/www.europesays.com\/no\/110942\/","title":{"rendered":"Fenerbahce herjet med Brann i Europa League"},"content":{"rendered":"\n<p class=\"_lead_o9xde_2 _lead_xtcu6_50 layout-component text-serif-m layout-normal text-serif-l layout-component layout-wide layout-padded _wide_17hqh_1 layout-padded\">Brann ble filleristet av Fenerbah\u00e7e, etter kamp har Branns trener et par ord \u00e5 si om den franske kamplederen.<\/p>\n<p><img alt=\"Her blir Eivind Helland utvist av Will Delojad. Foto: Paul S. Amundsen \/ NTB\" class=\"_image_qp4xg_65 layout-component layout-wide\" data-fullscreen- data-track-element-type=\"Article image fullscreen\" data-track-name=\"ImageFullscreen\" fetchpriority=\"high\" decoding=\"sync\" loading=\"eager\" height=\"3169\" itemprop=\"image\"  src=\"https:\/\/www.europesays.com\/no\/wp-content\/uploads\/2025\/12\/fa33d40c-a6c6-41d1-975d-fa568731f056\"  style=\"object-position:0% 0%\" width=\"4752\"\/>Her blir Eivind Helland utvist av Will Delojad. Foto: Paul S. Amundsen \/ NTB<\/p>\n<ul aria-hidden=\"true\" class=\"_images_ntbth_112\">\n<li><a class=\"_link_ntbth_117\" href=\"https:\/\/www.vg.no\/forfatter\/andreas-hopen\" style=\"z-index:1\" title=\"Andreas Hopen\" rel=\"nofollow noopener\" target=\"_blank\"><img alt=\"Bilde av Andreas Hopen\" class=\"_image_ntbth_93\" fetchpriority=\"low\" loading=\"lazy\" decoding=\"async\" itemprop=\"image\"  src=\"https:\/\/www.europesays.com\/no\/wp-content\/uploads\/2025\/12\/1765510092_245_8d697287-ea03-4d54-ab67-6d65b82629eb\"  width=\"480\"\/><\/a><\/li>\n<\/ul>\n<p> Oppdatert fredag 12. desember kl. 00:00    <\/p>\n<ul class=\"_list_o9xde_3 _list_64s2r_85 _unordered_o9xde_106 text-sans-m\">\n<li class=\"_item_o9xde_30\">Brann fikk en tr\u00f8blete start mot Fenerbah\u00e7e med tidlig m\u00e5l imot og r\u00f8dt kort til Eivind Helland.<\/li>\n<li class=\"_item_o9xde_30\">Tyrkernes artist Anderson Talisca scoret tre ganger og satte Brann p\u00e5 bakbeina.<\/li>\n<li class=\"_item_o9xde_30\">Etter en brutal 0-4 kampslutt trenger Brann minst tre poeng fra sine to siste kamper for \u00e5 g\u00e5 videre i Europa League.<\/li>\n<\/ul>\n<p>Vis mer <\/p>\n<p class=\"_paragraph_o9xde_4 _paragraph_xtcu6_10 layout-component text-serif-m layout-normal text-serif-m layout-padded\">For avgj\u00f8relsen Will Delajod tok etter 19 minutter ble trolig skjebnesvanger for Brann-laget. I en god periode for vertene ble Eivind Helland utvist for en felling som bakerste mann.<\/p>\n<p class=\"_paragraph_o9xde_4 _paragraph_xtcu6_10 layout-component text-serif-m layout-normal text-serif-m layout-padded\">I kj\u00f8lvannet av utvisningen fikk Brann-trener Freyr Alexandersson gult kort.<\/p>\n<p class=\"_paragraph_o9xde_4 _paragraph_xtcu6_10 layout-component text-serif-m layout-normal text-serif-m layout-padded\"><strong class=\"_strong_o9xde_25\">\u2013 Det er en arrogant dommer. Det liker jeg aldri. Det gule kortet fikk jeg fordi jeg ikke hadde respekt for ham, det er latterlig, sier Alexandersson til Viaplay etter kampslutt.<\/strong><\/p>\n<p class=\"_paragraph_o9xde_4 _paragraph_xtcu6_10 layout-component text-serif-m layout-normal text-serif-m layout-padded\">\u2013 Han oppf\u00f8rte seg p\u00e5 en merkelig m\u00e5te, legger han til.<\/p>\n<p class=\"_paragraph_o9xde_4 _paragraph_xtcu6_10 layout-component text-serif-m layout-normal text-serif-m layout-padded\">Etter kampslutt var Alexandersson i dialog med den franske dommeren p\u00e5 ny.<\/p>\n<p class=\"_paragraph_o9xde_4 _paragraph_xtcu6_10 layout-component text-serif-m layout-normal text-serif-m layout-padded\">\u2013 Han sier til meg at jeg er respektl\u00f8s overfor ham, men jeg sier ikke et ord til ham. Etter kampen sier jeg at jeg ikke liker det, ellers hadde jeg ingen kommentar til ham, forklarer islendingen.<\/p>\n<p class=\"_paragraph_o9xde_4 _paragraph_xtcu6_10 layout-component text-serif-m layout-normal text-serif-m layout-padded\">Se utvisningen her:<\/p>\n<p class=\"_paragraph_o9xde_4 _paragraph_xtcu6_10 layout-component text-serif-m layout-normal text-serif-m layout-padded\">Etter kampslutt hadde Alexandersson sett situasjonen som endte med r\u00f8dt kort p\u00e5 ny.<\/p>\n<p class=\"_paragraph_o9xde_4 _paragraph_xtcu6_10 layout-component text-serif-m layout-normal text-serif-m layout-padded\"> \u2013 Det er et billig r\u00f8dt kort. Veldig, veldig billig, men med VAR, hvor man kan finne kontakt i slow motion s\u00e5 kan det v\u00e6re r\u00f8dt, konkluderer Brann-treneren med.<\/p>\n<p class=\"_paragraph_o9xde_4 _paragraph_xtcu6_10 layout-component text-serif-m layout-normal text-serif-m layout-padded\">Syndebukken selv var langt nede etter utvisningen.<\/p>\n<p class=\"_paragraph_o9xde_4 _paragraph_xtcu6_10 layout-component text-serif-m layout-normal text-serif-m layout-padded\">\u2013 Det har v\u00e6rt en tung fotballkveld. Den m\u00f8rkeste fotballkvelden jeg har hatt, men jeg f\u00e5r ikke gjort noe med det n\u00e5, sier 20-\u00e5ringen til kanalen.<\/p>\n<p class=\"_paragraph_o9xde_4 _paragraph_xtcu6_10 layout-component text-serif-m layout-normal text-serif-m layout-padded\">Se h\u00f8ydepunktene her:<\/p>\n<p>    Tribunekaos<\/p>\n<p class=\"_paragraph_o9xde_4 _paragraph_xtcu6_10 layout-component text-serif-m layout-normal text-serif-m layout-padded\">Det var ekstra sikkerhetstiltak p\u00e5 Brann Stadion i anledning det store tyrkiske supporterf\u00f8lget \u2013 men etter kampslutt kunne man se at bortesupporterne tok seg forbi sperringene og tok seg inn p\u00e5 langsiden p\u00e5 Brann Stadion.<\/p>\n<p class=\"_paragraph_o9xde_4 _paragraph_xtcu6_10 layout-component text-serif-m layout-normal text-serif-m layout-padded\">\u2013 Noe gj\u00f8r at Fenerbah\u00e7e-supporterne blir s\u00e5 provosert at de hopper over gjerdet og pr\u00f8ver \u00e5 f\u00e5 tak i noen. S\u00e5 tar det litt tid f\u00f8r politiet kommer, sier Viaplay-ekspert P\u00e5l-Andre Helland p\u00e5 Brann Stadion.<\/p>\n<p><img alt=\"Foto: Paul S. Amundsen \/ NTB\" class=\"_image_qp4xg_65 layout-component layout-normal\" data-fullscreen- data-track-element-type=\"Article image fullscreen\" data-track-name=\"ImageFullscreen\" decoding=\"async\" loading=\"lazy\" height=\"5313\" itemprop=\"image\"  src=\"https:\/\/www.europesays.com\/no\/wp-content\/uploads\/2025\/12\/1200fb2d-36b4-48fe-9406-a39b75954f80\"  style=\"object-position:0% 0%\" width=\"7969\"\/>Foto: Paul S. Amundsen \/ NTB<\/p>\n<p class=\"_paragraph_o9xde_4 _paragraph_xtcu6_10 layout-component text-serif-m layout-normal text-serif-m layout-padded\"><a href=\"https:\/\/www.bt.no\/sport\/ballspark\/i\/k0aPwL\/slaassing-paa-tribunen-etter-brann-kamp\" class=\"_link_o9xde_39\" rel=\"nofollow noopener\" target=\"_blank\">Bergens Tidende<\/a> har v\u00e6rt i kontakt med \u00f8yenvitner som forteller til avisen at det skal ha blitt vist frem flatt fra BT-tribunen (langsiden) som en provokasjon mot bortesupporterne.<\/p>\n<p class=\"_paragraph_o9xde_4 _paragraph_xtcu6_10 layout-component text-serif-m layout-normal text-serif-m layout-padded\">Man kunne se Fenerbah\u00e7e-supportere som pr\u00f8vde \u00e5 ta komme seg gjennom tunnelen og bak tribunen, men de ble stoppet av vakter og politi.<\/p>\n<p class=\"_paragraph_o9xde_4 _paragraph_xtcu6_10 layout-component text-serif-m layout-normal text-serif-m layout-padded\">\u2013 Du ser det er noen jenter som har vakt og de er ikke rustet til \u00e5 st\u00e5 imot n\u00e5r det kommer voksne menn og renner over dem og vil forbi. S\u00e5 kom politiet og det roet seg. Det var litt hjertet i halsen en stund der, fortsetter Helland.<\/p>\n<p class=\"_paragraph_o9xde_4 _paragraph_xtcu6_10 layout-component text-serif-m layout-normal text-serif-m layout-padded\">Viaplay-studioet med Helland og \u00d8rjan Bj\u00f8rnstad var vitne til det hele.<\/p>\n<p class=\"_paragraph_o9xde_4 _paragraph_xtcu6_10 layout-component text-serif-m layout-normal text-serif-m layout-padded\">\u2013 Det meldes i retning hverandre og kommer vakter til. Flere hopper over gjerdet og det blir en slags liten konfrontasjon, beskriver Bj\u00f8rnstad.<\/p>\n<p class=\"_paragraph_o9xde_4 _paragraph_xtcu6_10 layout-component text-serif-m layout-normal text-serif-m layout-padded\">Saken oppdateres.<\/p>\n<p>Kalddusj fra start<\/p>\n<p class=\"_paragraph_o9xde_4 _paragraph_xtcu6_10 layout-component text-serif-m layout-normal text-serif-m layout-padded\">F\u00f8r det var spilt fem minutter ble Kerem Akt\u00fcrkoglu spilt lekkert gjennom av Nene. Tyrkeren svarte med \u00e5 lobbe ballen over en sjansel\u00f8s Dyngeland \u2013 og vipps hadde Fenerbache f\u00e5tt en dr\u00f8mme\u00e5pning.<\/p>\n<p class=\"_paragraph_o9xde_4 _paragraph_xtcu6_10 layout-component text-serif-m layout-normal text-serif-m layout-padded\">\u2013 Et kunstverk av en avslutning, sa Viaplay-ekspert P\u00e5l-Andre Helland.<\/p>\n<p class=\"_paragraph_o9xde_4 _paragraph_xtcu6_10 layout-component text-serif-m layout-normal text-serif-m layout-padded\">I minuttene etter scoringen spilte Brann seg inn i kampen \u2013 og begynte s\u00e5 sm\u00e5tt \u00e5 f\u00e5 et overtak, men s\u00e5 endret kampen karakter p\u00e5 f\u00e5 sekunder.<\/p>\n<p class=\"_paragraph_o9xde_4 _paragraph_xtcu6_10 layout-component text-serif-m layout-normal text-serif-m layout-padded\">En-Nesyri kom seg forbi Branns stortalent Eivind Helland og var p\u00e5 vei alene mot m\u00e5l. Midtstopperen la armen p\u00e5 skulderen til marokkaneren \u2013 som gikk i bakken. Frispark \u2013 og r\u00f8dt kort til 20-\u00e5r gamle Helland.<\/p>\n<p class=\"_paragraph_o9xde_4 _paragraph_xtcu6_10 layout-component text-serif-m layout-normal text-serif-m layout-padded\">\u2013 Derfra g\u00e5r det over i ren ydmykelse, kommenterte Helland i pausen.<\/p>\n<p><img alt=\"Anderson Talisca (til h\u00f8yre) tar med seg et hattrick fra Brann Stadion.  Foto: Paul S. Amundsen \/ NTB\" class=\"_image_qp4xg_65 layout-component layout-normal\" data-fullscreen- data-track-element-type=\"Article image fullscreen\" data-track-name=\"ImageFullscreen\" decoding=\"async\" loading=\"lazy\" height=\"3739\" itemprop=\"image\"  src=\"https:\/\/www.europesays.com\/no\/wp-content\/uploads\/2025\/12\/6bcff79b-f2d2-4491-8e89-faea72c0f8c1\"  style=\"object-position:0% 0%\" width=\"5608\"\/>Anderson Talisca (til h\u00f8yre) tar med seg et hattrick fra Brann Stadion.  Foto: Paul S. Amundsen \/ NTB<\/p>\n<p class=\"_paragraph_o9xde_4 _paragraph_xtcu6_10 layout-component text-serif-m layout-normal text-serif-m layout-padded\">Og den neste halvtimen handlet bare om Fenerbah\u00e7e.<\/p>\n<ul class=\"_list_o9xde_3 _list_xtcu6_9 _unordered_o9xde_106 layout-component text-serif-m layout-normal text-serif-m layout-padded\">\n<li class=\"_item_o9xde_30\">Jayden Oosterwolde stusset videre et hj\u00f8rnespark. Inne i femmeteren sto Anderson Talisca alene \u2013 og doblet ledelsen.<\/li>\n<li class=\"_item_o9xde_30\">Like f\u00f8r pause slo Archie Brown inn fra venstre. Innbytter Sery Larsen bommet helt i duellen \u2013 og Talisca kunne enkelt ta ned ballen og sette inn sin andre alene med Dyngeland.<\/li>\n<\/ul>\n<p class=\"_paragraph_o9xde_4 _paragraph_xtcu6_10 layout-component text-serif-m layout-normal text-serif-m layout-padded\">Brann hadde lite \u00e5 komme med ogs\u00e5 etter hvilen. Like etter timen var spilt kunne en brasilianer feire for tredje gang.<\/p>\n<p class=\"_paragraph_o9xde_4 _paragraph_xtcu6_10 layout-component text-serif-m layout-normal text-serif-m layout-padded\">Munir Mercan fikk et hav av tid da han skulle prikke inn innlegget fra venstre. Inne foran m\u00e5l sto Talisca igjen alene \u2013 og sikret hattricket sitt uten store problemer.<\/p>\n<p class=\"_paragraph_o9xde_4 _paragraph_xtcu6_10 layout-component text-serif-m layout-normal text-serif-m layout-padded\">\u2013 De har et niv\u00e5 som er tydelig h\u00f8yere enn oss. En ordentlig l\u00e6repenge for oss i dag, sier Brann-kaptein Fredrik Pallesen Knudsen til Viaplay.<\/p>\n<p class=\"_paragraph_o9xde_4 _paragraph_xtcu6_10 layout-component text-serif-m layout-normal text-serif-m layout-padded\">Brann st\u00e5r med \u00e5tte poeng i Europa League med to kamper igjen \u00e5 spille. Der venter Midtjylland hjemme og Sturm Graz borte. Trolig trenger Brann minst tre poeng for \u00e5 g\u00e5 videre fra ligaspillet.<\/p>\n","protected":false},"excerpt":{"rendered":"Brann ble filleristet av Fenerbah\u00e7e, etter kamp har Branns trener et par ord \u00e5 si om den franske&hellip;\n","protected":false},"author":2,"featured_media":110943,"comment_status":"","ping_status":"","sticky":false,"template":"","format":"standard","meta":{"footnotes":""},"categories":[5],"tags":[20,21,86,24,25,92,15,19,22,23,17,18,13,30,28,29,14,16,418,26,27],"class_list":{"0":"post-110942","1":"post","2":"type-post","3":"status-publish","4":"format-standard","5":"has-post-thumbnail","7":"category-overskrifter","8":"tag-breaking-news","9":"tag-breakingnews","10":"tag-europa-league","11":"tag-featured-news","12":"tag-featurednews","13":"tag-fotball","14":"tag-headlines","15":"tag-hovedoppslag","16":"tag-latest-news","17":"tag-latestnews","18":"tag-main-news","19":"tag-mainnews","20":"tag-news","21":"tag-no","22":"tag-norge","23":"tag-norway","24":"tag-nyheter","25":"tag-overskrifter","26":"tag-sk-brann","27":"tag-top-stories","28":"tag-topstories"},"share_on_mastodon":{"url":"https:\/\/pubeurope.com\/@no\/115704476965706124","error":""},"_links":{"self":[{"href":"https:\/\/www.europesays.com\/no\/wp-json\/wp\/v2\/posts\/110942","targetHints":{"allow":["GET"]}}],"collection":[{"href":"https:\/\/www.europesays.com\/no\/wp-json\/wp\/v2\/posts"}],"about":[{"href":"https:\/\/www.europesays.com\/no\/wp-json\/wp\/v2\/types\/post"}],"author":[{"embeddable":true,"href":"https:\/\/www.europesays.com\/no\/wp-json\/wp\/v2\/users\/2"}],"replies":[{"embeddable":true,"href":"https:\/\/www.europesays.com\/no\/wp-json\/wp\/v2\/comments?post=110942"}],"version-history":[{"count":0,"href":"https:\/\/www.europesays.com\/no\/wp-json\/wp\/v2\/posts\/110942\/revisions"}],"wp:featuredmedia":[{"embeddable":true,"href":"https:\/\/www.europesays.com\/no\/wp-json\/wp\/v2\/media\/110943"}],"wp:attachment":[{"href":"https:\/\/www.europesays.com\/no\/wp-json\/wp\/v2\/media?parent=110942"}],"wp:term":[{"taxonomy":"category","embeddable":true,"href":"https:\/\/www.europesays.com\/no\/wp-json\/wp\/v2\/categories?post=110942"},{"taxonomy":"post_tag","embeddable":true,"href":"https:\/\/www.europesays.com\/no\/wp-json\/wp\/v2\/tags?post=110942"}],"curies":[{"name":"wp","href":"https:\/\/api.w.org\/{rel}","templated":true}]}}