{"id":110988,"date":"2025-12-12T05:20:10","date_gmt":"2025-12-12T05:20:10","guid":{"rendered":"https:\/\/www.europesays.com\/no\/110988\/"},"modified":"2025-12-12T05:20:10","modified_gmt":"2025-12-12T05:20:10","slug":"lavebrann-pa-rennesoy-over-100-griser-trolig-dode-nrk-rogaland-lokale-nyheter-tv-og-radio","status":"publish","type":"post","link":"https:\/\/www.europesays.com\/no\/110988\/","title":{"rendered":"L\u00e5vebrann p\u00e5 Rennes\u00f8y \u2013 over 100 griser trolig d\u00f8de \u2013 NRK Rogaland \u2013 Lokale nyheter, TV og radio"},"content":{"rendered":"<p>\u2013 Ut fra det en kan se og h\u00f8re fra utsiden av bygningen s\u00e5 tyder alt p\u00e5 at alle grisene er d\u00f8de, skriver operasjonsleder Olaug Bj\u00f8rnsen i politiet rett f\u00f8r klokken 5.<\/p>\n<p>\u2013 Det har ikke v\u00e6rt mulig \u00e5 g\u00e5 inn i bygningen p\u00e5 grunn av skadene som f\u00f8lge av brannen, fortsetter hun.<\/p>\n<p>Klokken 02.30 i natt fikk politiet melding om en kraftig brann i en driftsbygning p\u00e5 Rennes\u00f8y, som er en \u00f8y i Stavanger kommune.<\/p>\n<p>Rennes\u00f8y er en \u00f8y i Stavanger kommune<\/p>\n<p>Da n\u00f8dressursene kom til stedet var bygningen overtent.<\/p>\n<p><strong>Kort tid senere kollapset taket p\u00e5 bygningen. Det har ikke v\u00e6rt mulig \u00e5 ta seg inn i l\u00e5ven for \u00e5 se hvordan det har g\u00e5tt med grisene. <\/strong><\/p>\n<p><img decoding=\"async\"   src=\"data:image\/gif;base64,R0lGODlhAQABAIAAAAAAAP\/\/\/yH5BAEAAAAALAAAAAABAAEAAAIBRAA7\" loading=\"eager\" alt=\"Et hus i brann (Bildebeskrivelsen er laget av en KI-tjeneste)\" title=\"Foto: Ingvald Nordmark \/ NRK\"\/><\/p>\n<p class=\"\">Taket p\u00e5 bygningen kollapset som f\u00f8lge av brannen. <\/p>\n<p>Foto: Ingvald Nordmark \/ NRK<\/p>\n<p>Nabo varslet brannvesenet<\/p>\n<p>Bygningen er totalskadd, og brannvesenet driver n\u00e5 med etterslukking.<\/p>\n<p>\u2013 Den hadde nesten rast sammen f\u00f8r brannvesenet kom til stedet, sier innsatsleder i brannvesenet, Erik Berge.<\/p>\n<p>\u2013 Det er ikke s\u00e5 mye \u00e5 redde her, gulv og tak har rast sammen, fortsetter han.<\/p>\n<p>Nabo Morten Ringdal var tett p\u00e5 brannen i natt, og varslet brannvesenet.<\/p>\n<p><img decoding=\"async\"   src=\"data:image\/gif;base64,R0lGODlhAQABAIAAAAAAAP\/\/\/yH5BAEAAAAALAAAAAABAAEAAAIBRAA7\" loading=\"eager\" alt=\"Nabo brann Rennes\u00f8y\" title=\"Foto: Ingvald Nordmark \/ NRK\"\/><\/p>\n<p class=\"\">Nabo Morten Ringdal var tett p\u00e5 brannen i natt. <\/p>\n<p>Foto: Ingvald Nordmark \/ NRK<\/p>\n<p>\u2013 Jeg h\u00f8rte noe knitring, og da jeg s\u00e5 ut av vinduet forstod jeg hva som skjedde. Jeg ringte eieren av grisehuset, og deretter 110.<\/p>\n<p>\u2013 Jeg kjente faktisk litt varme i vinduet i andreetasje, og da tenkte jeg at n\u00e5 g\u00e5r jeg ikke n\u00e6rmere f\u00f8r brannvesenet er her.<\/p>\n<p>Ringdal var p\u00e5 tr\u00e5den med n\u00f8detatene fram til de kom til stedet.<\/p>\n<p>\u2013 Det var fyr i hele taket, heldigvis var det vindstille, for jeg bor jo i huset ved siden av.<\/p>\n<p>Var manuell dirigering p\u00e5 E39<\/p>\n<p>Det var manuell dirigering p\u00e5 E39 i en periode p\u00e5 grunn av kraftig r\u00f8ykutvikling, men veien er n\u00e5 helt \u00e5pen igjen.<\/p>\n<p>Politiet var ferdige p\u00e5 stedet i 5-tiden i dag tidlig, men brannvesenet er fortsatt p\u00e5 brannstedet.<\/p>\n<p><img decoding=\"async\"   src=\"data:image\/gif;base64,R0lGODlhAQABAIAAAAAAAP\/\/\/yH5BAEAAAAALAAAAAABAAEAAAIBRAA7\" loading=\"eager\" alt=\"Et hus med lys p\u00e5 taket om natten (Bildebeskrivelsen er laget av en KI-tjeneste)\" title=\"Foto: Ingvald Nordmark \/ NRK\"\/><\/p>\n<p class=\"\">Det skal ha v\u00e6rt 108 slaktegriser i bygget. <\/p>\n<p>Foto: Ingvald Nordmark \/ NRK<\/p>\n<p>Brann\u00e5rsaken er forel\u00f8pig ukjent, og politiet vil unders\u00f8ke videre.<\/p>\n<p>Publisert<\/p>\n<p>12.12.2025, kl. 05.22<\/p>\n<p>Oppdatert<\/p>\n<p>12.12.2025, kl. 06.19<\/p>\n","protected":false},"excerpt":{"rendered":"\u2013 Ut fra det en kan se og h\u00f8re fra utsiden av bygningen s\u00e5 tyder alt p\u00e5 at&hellip;\n","protected":false},"author":2,"featured_media":110989,"comment_status":"","ping_status":"","sticky":false,"template":"","format":"standard","meta":{"footnotes":""},"categories":[10],"tags":[20,21,24,25,15,22,23,13,30,28,29,14,16,26,27],"class_list":{"0":"post-110988","1":"post","2":"type-post","3":"status-publish","4":"format-standard","5":"has-post-thumbnail","7":"category-norge","8":"tag-breaking-news","9":"tag-breakingnews","10":"tag-featured-news","11":"tag-featurednews","12":"tag-headlines","13":"tag-latest-news","14":"tag-latestnews","15":"tag-news","16":"tag-no","17":"tag-norge","18":"tag-norway","19":"tag-nyheter","20":"tag-overskrifter","21":"tag-top-stories","22":"tag-topstories"},"share_on_mastodon":{"url":"https:\/\/pubeurope.com\/@no\/115704917065011345","error":""},"_links":{"self":[{"href":"https:\/\/www.europesays.com\/no\/wp-json\/wp\/v2\/posts\/110988","targetHints":{"allow":["GET"]}}],"collection":[{"href":"https:\/\/www.europesays.com\/no\/wp-json\/wp\/v2\/posts"}],"about":[{"href":"https:\/\/www.europesays.com\/no\/wp-json\/wp\/v2\/types\/post"}],"author":[{"embeddable":true,"href":"https:\/\/www.europesays.com\/no\/wp-json\/wp\/v2\/users\/2"}],"replies":[{"embeddable":true,"href":"https:\/\/www.europesays.com\/no\/wp-json\/wp\/v2\/comments?post=110988"}],"version-history":[{"count":0,"href":"https:\/\/www.europesays.com\/no\/wp-json\/wp\/v2\/posts\/110988\/revisions"}],"wp:featuredmedia":[{"embeddable":true,"href":"https:\/\/www.europesays.com\/no\/wp-json\/wp\/v2\/media\/110989"}],"wp:attachment":[{"href":"https:\/\/www.europesays.com\/no\/wp-json\/wp\/v2\/media?parent=110988"}],"wp:term":[{"taxonomy":"category","embeddable":true,"href":"https:\/\/www.europesays.com\/no\/wp-json\/wp\/v2\/categories?post=110988"},{"taxonomy":"post_tag","embeddable":true,"href":"https:\/\/www.europesays.com\/no\/wp-json\/wp\/v2\/tags?post=110988"}],"curies":[{"name":"wp","href":"https:\/\/api.w.org\/{rel}","templated":true}]}}