{"id":110994,"date":"2025-12-12T05:27:11","date_gmt":"2025-12-12T05:27:11","guid":{"rendered":"https:\/\/www.europesays.com\/no\/110994\/"},"modified":"2025-12-12T05:27:11","modified_gmt":"2025-12-12T05:27:11","slug":"brann-driftsbygning-bygning-med-over-100-griser-overtent-pa-rennesoy","status":"publish","type":"post","link":"https:\/\/www.europesays.com\/no\/110994\/","title":{"rendered":"Brann, Driftsbygning | Bygning med over 100 griser overtent p\u00e5 Rennes\u00f8y"},"content":{"rendered":"\n<p>S\u00f8rvest politidistrikt opplyser at det er full overtenning i taket p\u00e5 bygningen.<\/p>\n<p>Politiet meldte klokken 2.38 at n\u00f8detatene hadde rykket ut etter melding om brann i en driftsbygning p\u00e5 Rennes\u00f8y i Stavanger. Da ble det meldt at det skal v\u00e6re flere titalls dyr i bygningen.<\/p>\n<p>\u2013 Eier av driftsbygningene er p\u00e5 stedet. Veterin\u00e6r er varslet og er p\u00e5 vei, skriver S\u00f8rvest politidistrikt i en melding klokken 02.53.<\/p>\n<p>Ved 03.30-tiden opplyser politiet at \u00f8vre del av bygningen er kollapset.<\/p>\n<p>\u2013 Det p\u00e5g\u00e5r fortsatt slukkearbeid p\u00e5 stedet. Forel\u00f8pig s\u00e5 er det ikke kjent hvordan det har g\u00e5tt med grisene, melder politiets operasjonsleder Olaug Bj\u00f8rnsen.\u00a8<\/p>\n<p>   <img decoding=\"async\" width=\"1200\" height=\"900\" fetchpriority=\"low\"  loading=\"lazy\"  src=\"https:\/\/www.europesays.com\/no\/wp-content\/uploads\/2025\/12\/2cdce763-a1a9-4b5a-b442-9712b21a516b.jpg\" alt=\"\" class=\"brick-c-cFOWSL\" style=\"--brick-image-ratio: 1200 \/ 900;\"\/><\/p>\n<p>      RYKKET UT: Det var store mengder n\u00f8detater p\u00e5 stedet.<br \/>\n      Foto: Erlend Handeland Tuastad, Bygdebladet\n    <\/p>\n<p>Hun legger til at brann\u00e5rsaken forel\u00f8pig er ukjent.<\/p>\n<p>\u2013 Ut fra det en kan se og h\u00f8re fra utsiden av bygningen s\u00e5 tyder alt p\u00e5 at alle grisene er d\u00f8de, skriver operasjonsleder Olaug Bj\u00f8rnsen i S\u00f8rvest politidistrikt p\u00e5 politiloggen klokken 4.51.<\/p>\n<p>Hun opplyser at det ikke har v\u00e6rt mulig \u00e5 g\u00e5 inn i bygningen p\u00e5 grunn av skadene som f\u00f8lge av brannen.<\/p>\n","protected":false},"excerpt":{"rendered":"S\u00f8rvest politidistrikt opplyser at det er full overtenning i taket p\u00e5 bygningen. Politiet meldte klokken 2.38 at n\u00f8detatene&hellip;\n","protected":false},"author":2,"featured_media":110995,"comment_status":"","ping_status":"","sticky":false,"template":"","format":"standard","meta":{"footnotes":""},"categories":[10],"tags":[20,21,24,25,15,22,23,13,30,28,29,14,16,26,27],"class_list":{"0":"post-110994","1":"post","2":"type-post","3":"status-publish","4":"format-standard","5":"has-post-thumbnail","7":"category-norge","8":"tag-breaking-news","9":"tag-breakingnews","10":"tag-featured-news","11":"tag-featurednews","12":"tag-headlines","13":"tag-latest-news","14":"tag-latestnews","15":"tag-news","16":"tag-no","17":"tag-norge","18":"tag-norway","19":"tag-nyheter","20":"tag-overskrifter","21":"tag-top-stories","22":"tag-topstories"},"share_on_mastodon":{"url":"https:\/\/pubeurope.com\/@no\/115704944748251259","error":""},"_links":{"self":[{"href":"https:\/\/www.europesays.com\/no\/wp-json\/wp\/v2\/posts\/110994","targetHints":{"allow":["GET"]}}],"collection":[{"href":"https:\/\/www.europesays.com\/no\/wp-json\/wp\/v2\/posts"}],"about":[{"href":"https:\/\/www.europesays.com\/no\/wp-json\/wp\/v2\/types\/post"}],"author":[{"embeddable":true,"href":"https:\/\/www.europesays.com\/no\/wp-json\/wp\/v2\/users\/2"}],"replies":[{"embeddable":true,"href":"https:\/\/www.europesays.com\/no\/wp-json\/wp\/v2\/comments?post=110994"}],"version-history":[{"count":0,"href":"https:\/\/www.europesays.com\/no\/wp-json\/wp\/v2\/posts\/110994\/revisions"}],"wp:featuredmedia":[{"embeddable":true,"href":"https:\/\/www.europesays.com\/no\/wp-json\/wp\/v2\/media\/110995"}],"wp:attachment":[{"href":"https:\/\/www.europesays.com\/no\/wp-json\/wp\/v2\/media?parent=110994"}],"wp:term":[{"taxonomy":"category","embeddable":true,"href":"https:\/\/www.europesays.com\/no\/wp-json\/wp\/v2\/categories?post=110994"},{"taxonomy":"post_tag","embeddable":true,"href":"https:\/\/www.europesays.com\/no\/wp-json\/wp\/v2\/tags?post=110994"}],"curies":[{"name":"wp","href":"https:\/\/api.w.org\/{rel}","templated":true}]}}