{"id":111000,"date":"2025-12-12T05:34:15","date_gmt":"2025-12-12T05:34:15","guid":{"rendered":"https:\/\/www.europesays.com\/no\/111000\/"},"modified":"2025-12-12T05:34:15","modified_gmt":"2025-12-12T05:34:15","slug":"kristiansand-omkom-trailersjafor-tiltalt-etter-at-sjuaring-dode","status":"publish","type":"post","link":"https:\/\/www.europesays.com\/no\/111000\/","title":{"rendered":"Kristiansand, Omkom | Trailersj\u00e5f\u00f8r tiltalt etter at sju\u00e5ring d\u00f8de"},"content":{"rendered":"\n<p>Finn Matre Langeland (7) omkom i ulykken i mars i fjor. N\u00e5 er sj\u00e5f\u00f8ren av vogntoget tiltalt, skriver <a rel=\"noopener nofollow\" href=\"https:\/\/www.fvn.no\/nyheter\/lokalt\/i\/ExoXa5\/trailersjaafoer-tiltalt-etter-at-finn-7-doede\" target=\"_blank\">F\u00e6drelandsvennen<\/a>.<\/p>\n<p>Statsadvokatene i Agder har tiltalt sj\u00e5f\u00f8ren for uaktsom forvoldelse av d\u00f8d og for hensynsl\u00f8s kj\u00f8ring etter vegtrafikkloven.<\/p>\n<p>Forsvarer Nils A. Gr\u00f8n\u00e5s sier at han er overrasket over tiltalebeslutningen. Sj\u00e5f\u00f8ren har v\u00e6rt siktet siden ulykken og hele tiden nektet straffskyld.<\/p>\n<p>\u2013 Vi mener uaktsomhetsnormen ikke er oppfylt. Men vi forholder oss til at det er tatt ut tiltale. S\u00e5 blir forh\u00e5pentligvis dette godt belyst under rettssaken, sier Gr\u00f8n\u00e5s til avisen.<\/p>\n<p>Den sju \u00e5r gamle gutten ble p\u00e5kj\u00f8rt i et gangfelt da han var p\u00e5 vei til skolen. I etterkant av ulykken har kommunen utbedret veien og redusert fartsgrensen p\u00e5 stedet.<\/p>\n<p>Saken kommer trolig opp for retten tidlig neste \u00e5r, if\u00f8lge politiadvokaten.<\/p>\n","protected":false},"excerpt":{"rendered":"Finn Matre Langeland (7) omkom i ulykken i mars i fjor. N\u00e5 er sj\u00e5f\u00f8ren av vogntoget tiltalt, skriver&hellip;\n","protected":false},"author":2,"featured_media":111001,"comment_status":"","ping_status":"","sticky":false,"template":"","format":"standard","meta":{"footnotes":""},"categories":[10],"tags":[20,21,24,25,15,22,23,13,30,28,29,14,16,26,27],"class_list":{"0":"post-111000","1":"post","2":"type-post","3":"status-publish","4":"format-standard","5":"has-post-thumbnail","7":"category-norge","8":"tag-breaking-news","9":"tag-breakingnews","10":"tag-featured-news","11":"tag-featurednews","12":"tag-headlines","13":"tag-latest-news","14":"tag-latestnews","15":"tag-news","16":"tag-no","17":"tag-norge","18":"tag-norway","19":"tag-nyheter","20":"tag-overskrifter","21":"tag-top-stories","22":"tag-topstories"},"share_on_mastodon":{"url":"https:\/\/pubeurope.com\/@no\/115704972178371836","error":""},"_links":{"self":[{"href":"https:\/\/www.europesays.com\/no\/wp-json\/wp\/v2\/posts\/111000","targetHints":{"allow":["GET"]}}],"collection":[{"href":"https:\/\/www.europesays.com\/no\/wp-json\/wp\/v2\/posts"}],"about":[{"href":"https:\/\/www.europesays.com\/no\/wp-json\/wp\/v2\/types\/post"}],"author":[{"embeddable":true,"href":"https:\/\/www.europesays.com\/no\/wp-json\/wp\/v2\/users\/2"}],"replies":[{"embeddable":true,"href":"https:\/\/www.europesays.com\/no\/wp-json\/wp\/v2\/comments?post=111000"}],"version-history":[{"count":0,"href":"https:\/\/www.europesays.com\/no\/wp-json\/wp\/v2\/posts\/111000\/revisions"}],"wp:featuredmedia":[{"embeddable":true,"href":"https:\/\/www.europesays.com\/no\/wp-json\/wp\/v2\/media\/111001"}],"wp:attachment":[{"href":"https:\/\/www.europesays.com\/no\/wp-json\/wp\/v2\/media?parent=111000"}],"wp:term":[{"taxonomy":"category","embeddable":true,"href":"https:\/\/www.europesays.com\/no\/wp-json\/wp\/v2\/categories?post=111000"},{"taxonomy":"post_tag","embeddable":true,"href":"https:\/\/www.europesays.com\/no\/wp-json\/wp\/v2\/tags?post=111000"}],"curies":[{"name":"wp","href":"https:\/\/api.w.org\/{rel}","templated":true}]}}