{"id":111006,"date":"2025-12-12T05:41:12","date_gmt":"2025-12-12T05:41:12","guid":{"rendered":"https:\/\/www.europesays.com\/no\/111006\/"},"modified":"2025-12-12T05:41:12","modified_gmt":"2025-12-12T05:41:12","slug":"uteliv-oslo-dramatisk-kveld-i-oslo-kvinne-spyttet-og-slo-folk-pa-utested","status":"publish","type":"post","link":"https:\/\/www.europesays.com\/no\/111006\/","title":{"rendered":"Uteliv, Oslo | Dramatisk kveld i Oslo: Kvinne spyttet og slo folk p\u00e5 utested"},"content":{"rendered":"\n<p>(<a href=\"https:\/\/www.ao.no\/aggressiv-kvinne-yppet-til-brak-bartenderen-matte-ta-affare-spyttet-og-slo\/s\/30-128-9706\" rel=\"Follow nofollow noopener\" target=\"_blank\">Avisa Oslo<\/a>): Plutselig dukket en utagerende kvinne opp i lokalene til utestedet Gamle Bj\u00f8rungs i bunnen av Hegdehaugsveien, forteller bartender Kasapras Inkenas til AO.<\/p>\n<p>Den unge kvinnen fors\u00f8kte \u00e5 f\u00e5 kontakt med flere gjester, blant annet en voksen kvinne som satt alene og s\u00e5 medtatt ut.<\/p>\n<p>S\u00e5 skal hun ha utbrutt: \u00abHar dere v\u00e6rt slemme med henne?\u00bb og henvendt seg til to menn p\u00e5 nabobordet, forteller Inekas.<\/p>\n<p>Men de to kameratene hadde verken sett noen av kvinnene f\u00f8r, if\u00f8lge bartenderen.<\/p>\n<p>Deretter eskalerte situasjonen.<\/p>\n<p>Les ogs\u00e5: <a class=\"simple-relation related-teaser article--c-eRUmMG article--c-eRUmMG-fZoQSp-design-nettavisen article--c-eRUmMG-gwthdJ-cv\" href=\"https:\/\/www.nettavisen.no\/haaland-avslorer-gjorde-sjeldent-alkoholunntak-under-norges-vm-fest\/s\/5-95-2774157\" rel=\"nofollow noopener\" target=\"_blank\">Haaland avsl\u00f8rer: Gjorde sjeldent alkoholunntak under Norges VM-fest<\/a><\/p>\n<p>\u2013 Ute av forstand<\/p>\n<p>AO har snakket med den mannlige gjesten som kvinnen skal ha ropt mot.<\/p>\n<p>\u2013 S\u00e5 helt ut av det bl\u00e5, kom et slag, forteller mannen til AO.<\/p>\n<p>\u2013 Hun var ute av forstand. Jeg forventet ikke det. Det var crazy, legger han til.<\/p>\n<p>P\u00e5 dette tidspunktet visste bartenderen Inekas at han m\u00e5tte reagere. Han tok aff\u00e6re og ringte politiet.<\/p>\n<p>\u2013 Hun var klin g\u00e6ren, sier Inkenas til AO.<\/p>\n<p>Ogs\u00e5 Inkenas&#8217; kollega Alisa Tan fikk med seg dramatikken.<\/p>\n<p>\u2013 Dette skjer ikke s\u00e5 ofte p\u00e5 en onsdagskveld, sier hun til AO.<\/p>\n<p>   <img decoding=\"async\" width=\"1200\" height=\"900\" fetchpriority=\"low\"  loading=\"lazy\"  src=\"https:\/\/www.europesays.com\/no\/wp-content\/uploads\/2025\/12\/8670fbd2-4484-493c-8838-6ff1767577b9.jpg\" alt=\"\" class=\"brick-c-cFOWSL\" style=\"--brick-image-ratio: 1200 \/ 900;\"\/><\/p>\n<p>      Ogs\u00e5 Inkenas&#8217; kollega Alisa Tan fikk med seg dramatikken.<br \/>\n      Foto: Helene Halvorsen Rossholt\n    <\/p>\n<p>Les ogs\u00e5: <a class=\"simple-relation related-teaser article--c-eRUmMG article--c-eRUmMG-fZoQSp-design-nettavisen article--c-eRUmMG-gwthdJ-cv\" href=\"https:\/\/www.nettavisen.no\/bonnie-blue-skal-vare-loslatt-i-bali\/s\/5-95-2772975\" rel=\"nofollow noopener\" target=\"_blank\">Bonnie Blue skal v\u00e6re l\u00f8slatt i Bali<\/a><\/p>\n<p>If\u00f8rt en spyttehette<\/p>\n<p>Klokken 21.04 meldte <a href=\"https:\/\/www.ao.no\/slagsmal-pa-byen-spyttet-pa-politiet\/s\/30-128-9702\" rel=\"nofollow noopener\" target=\"_blank\">politiet at de var tilstede p\u00e5 utestedet i sammenheng med et slagsm\u00e5l.<\/a><\/p>\n<p>\u2013 Tre, fire politifolk kom inn i lokalet. Da satt kvinnen inne i et hj\u00f8rne, forteller Inkenas.<\/p>\n<p>Hun skal ha strittet imot da politiet fors\u00f8kte \u00e5 ta henne med ut av lokalet, beskriver han.<\/p>\n<p>\u2013 Hun sparket, slo, spyttet og bannet, sier han til AO.<\/p>\n<p>Etter tumulter der den aggressive kvinnen f\u00f8rst ble lagt i bakken, ble hun p\u00e5f\u00f8rt en spyttehette utenfor baren.<\/p>\n<p>\u2013 Flere og flere politifolk kom til stedet, sier Inkenas.<\/p>\n<p>\u2013 Personen som spyttet p\u00e5 politiet blir kj\u00f8rt i arresten og anmeldes for vold og forulemping av offentlig tjenesteperson samt ordensforstyrrelse, skriver oppdragsleder Marius Hatl\u00f8y Kristiansen i politiet.<\/p>\n<p>Mannen som ble sl\u00e5tt, forteller til AO at han satt igjen forskrekket, men at det g\u00e5r bra med ham etter hendelsen.<\/p>\n","protected":false},"excerpt":{"rendered":"(Avisa Oslo): Plutselig dukket en utagerende kvinne opp i lokalene til utestedet Gamle Bj\u00f8rungs i bunnen av Hegdehaugsveien,&hellip;\n","protected":false},"author":2,"featured_media":111007,"comment_status":"","ping_status":"","sticky":false,"template":"","format":"standard","meta":{"footnotes":""},"categories":[10],"tags":[20,21,24,25,15,22,23,13,30,28,29,14,16,26,27],"class_list":{"0":"post-111006","1":"post","2":"type-post","3":"status-publish","4":"format-standard","5":"has-post-thumbnail","7":"category-norge","8":"tag-breaking-news","9":"tag-breakingnews","10":"tag-featured-news","11":"tag-featurednews","12":"tag-headlines","13":"tag-latest-news","14":"tag-latestnews","15":"tag-news","16":"tag-no","17":"tag-norge","18":"tag-norway","19":"tag-nyheter","20":"tag-overskrifter","21":"tag-top-stories","22":"tag-topstories"},"share_on_mastodon":{"url":"https:\/\/pubeurope.com\/@no\/115704999935514534","error":""},"_links":{"self":[{"href":"https:\/\/www.europesays.com\/no\/wp-json\/wp\/v2\/posts\/111006","targetHints":{"allow":["GET"]}}],"collection":[{"href":"https:\/\/www.europesays.com\/no\/wp-json\/wp\/v2\/posts"}],"about":[{"href":"https:\/\/www.europesays.com\/no\/wp-json\/wp\/v2\/types\/post"}],"author":[{"embeddable":true,"href":"https:\/\/www.europesays.com\/no\/wp-json\/wp\/v2\/users\/2"}],"replies":[{"embeddable":true,"href":"https:\/\/www.europesays.com\/no\/wp-json\/wp\/v2\/comments?post=111006"}],"version-history":[{"count":0,"href":"https:\/\/www.europesays.com\/no\/wp-json\/wp\/v2\/posts\/111006\/revisions"}],"wp:featuredmedia":[{"embeddable":true,"href":"https:\/\/www.europesays.com\/no\/wp-json\/wp\/v2\/media\/111007"}],"wp:attachment":[{"href":"https:\/\/www.europesays.com\/no\/wp-json\/wp\/v2\/media?parent=111006"}],"wp:term":[{"taxonomy":"category","embeddable":true,"href":"https:\/\/www.europesays.com\/no\/wp-json\/wp\/v2\/categories?post=111006"},{"taxonomy":"post_tag","embeddable":true,"href":"https:\/\/www.europesays.com\/no\/wp-json\/wp\/v2\/tags?post=111006"}],"curies":[{"name":"wp","href":"https:\/\/api.w.org\/{rel}","templated":true}]}}