{"id":111016,"date":"2025-12-12T05:48:17","date_gmt":"2025-12-12T05:48:17","guid":{"rendered":"https:\/\/www.europesays.com\/no\/111016\/"},"modified":"2025-12-12T05:48:17","modified_gmt":"2025-12-12T05:48:17","slug":"oppvekst-elevundersokelsen-2025-sjekk-mobbetallene-i-kommunene-pa-hedmarken-her","status":"publish","type":"post","link":"https:\/\/www.europesays.com\/no\/111016\/","title":{"rendered":"Oppvekst, Elevunders\u00f8kelsen 2025 | Sjekk mobbetallene i kommunene p\u00e5 Hedmarken her"},"content":{"rendered":"\n<p>\u2013 Dette er noe vi tar veldig p\u00e5 alvor, sier Aslaug Grimsmo, grunnskoleleder i Hamar kommune.<\/p>\n<p>Hun snakker om et av resultatene fra den siste , gjennomf\u00f8rt av Utdanningsdirektoratet:<\/p>\n<p>Andelen 10.-klassinger i Hamar som forteller at de mobbes av voksne ved skolen, \u00f8ker.<\/p>\n<p><b>Sjekk mobbetallene for din kommune i tabellen lenger ned i saken. <\/b><\/p>\n<p>8,5 prosent av 10.-klassingene i Hamar svarer i unders\u00f8kelsen at de er blitt mobbet av voksne ved skolen.<\/p>\n<p>Det er en liten \u00f8kning fra forrige skole\u00e5r, da tallet var 7,1 prosent.<\/p>\n<p>Til sammenligning svarer 4,1 prosent av 10.-klassingene p\u00e5 landsbasis at de er blitt mobbet av voksne p\u00e5 skolen.<\/p>\n<p>Resultatet fra Stange, Ringsaker og L\u00f8ten er <\/p>\n<p><b>Vet du om noen som har klart \u00e5 bedre skolemilj\u00f8et? Eller har du andre tips om dette temaet som vi b\u00f8r se n\u00e6rmere p\u00e5? Kontakt oss <a href=\"https:\/\/tipps.h-a.no\/auth\/newsTip\/wizard\" rel=\"Follow nofollow noopener\" target=\"_blank\">her<\/a> eller p\u00e5 tips@h-a.no!<\/b><\/p>\n<p>F\u00e6rre opplever \u00e5 bli mobbet av andre elever<\/p>\n<p>F\u00e6rre 10.- klassinger enn f\u00f8r i Hamar er blitt mobbet av andre elever p\u00e5 skolen de siste m\u00e5nedene.<\/p>\n<p>\u00c5rets unders\u00f8kelse viser at tallet er 11 prosent.<\/p>\n<p>Det er en liten nedgang fra forrige skole\u00e5r, da tallet var 12,9 prosent.<\/p>\n<p>Noen flere enn forrige skole\u00e5r svarer at de er blitt mobbet digitalt de siste m\u00e5nedene (7,0 prosent av 10.-klassingene i Hamar svarer dette i \u00e5r, mot 6,8 i fjor).<\/p>\n<p>Har pratet med rektorene<\/p>\n<p>Grunnskoleleder Grimsmo sier at hun har pratet med rektorene om de nye tallene, som viser hva elevene selv sier om l\u00e6ring og trivsel p\u00e5 skolen.<\/p>\n<p>Skolene skal n\u00e5 kartlegge og snakke med elevene om det tallene viser.<\/p>\n<p>Hun presiserer at Elevunders\u00f8kelsen er en liten del av hvordan skolene vurderer skolemilj\u00f8et.<\/p>\n<p>\u2013 Vi er bevisst p\u00e5 at svarene er gitt p\u00e5 \u00e9n dag i l\u00f8pet av ett skole\u00e5r. Elevsamtaler og observasjoner skolene gj\u00f8r hver eneste dag, gir et godt og bredt bilde, sier hun.<\/p>\n<p>            Om Elevunders\u00f8kelsen<\/p>\n<ul>\n<li>Rundt 444.000 elever har svart p\u00e5 unders\u00f8kelsen. <\/li>\n<li>Den er obligatorisk for 7. trinn, 10. trinn og vg1. <\/li>\n<li>Den er frivillig for andre elever fra og med 5.trinn.<\/li>\n<\/ul>\n<p>  <a href=\"https:\/\/www.h-a.no\/5-139-1718819\" class=\"related-teaser has-image default-story-teaser article--c-eRUmMG article--c-eRUmMG-jKCPdD-design-default\" rel=\"nofollow noopener\" target=\"_blank\"><\/p>\n<p>    <img decoding=\"async\" loading=\"lazy\"  src=\"https:\/\/www.europesays.com\/no\/wp-content\/uploads\/2025\/12\/Rollsl%C3%B8kken003.JPG\" alt=\"\" class=\"brick-c-cFOWSL\" style=\"\"\/><\/p>\n<p>\n            Les ogs\u00e5<\/p>\n<p>              Det skyh\u00f8ye mobbetallet ble en vekker: \u2013 Svarte du feil p\u00e5 et sp\u00f8rsm\u00e5l, ble det latter\n        <\/p>\n<p>  <\/a><\/p>\n<p>  <a href=\"https:\/\/www.h-a.no\/5-139-1428238\" class=\"related-teaser has-image default-story-teaser article--c-eRUmMG article--c-eRUmMG-jKCPdD-design-default\" rel=\"nofollow noopener\" target=\"_blank\"><\/p>\n<p>    <img decoding=\"async\" loading=\"lazy\"  src=\"https:\/\/www.europesays.com\/no\/wp-content\/uploads\/2025\/12\/stange+skole004.JPG\" alt=\"\" class=\"brick-c-cFOWSL\" style=\"\"\/><\/p>\n<p>\n            Les ogs\u00e5<\/p>\n<p>              Fjor\u00e5rets h\u00f8ye mobbetall ga skolen en oppstrammer: \u2013 Jeg var veldig spent p\u00e5 tallene i \u00e5r\n        <\/p>\n<p>  <\/a><\/p>\n<p>  <a href=\"https:\/\/www.h-a.no\/5-139-1658847\" class=\"related-teaser has-image default-story-teaser article--c-eRUmMG article--c-eRUmMG-jKCPdD-design-default\" rel=\"nofollow noopener\" target=\"_blank\"><\/p>\n<p>    <img decoding=\"async\" loading=\"lazy\"  src=\"https:\/\/www.europesays.com\/no\/wp-content\/uploads\/2025\/12\/Ajer+og+Ener006_1.JPG\" alt=\"\" class=\"brick-c-cFOWSL\" style=\"\"\/><\/p>\n<p>\n            Les ogs\u00e5<\/p>\n<p>              Foreldrem\u00f8tene flyttes fram: \u2013 Her m\u00e5 vi koble p\u00e5 FAU og foreldrene\n        <\/p>\n<p>  <\/a><\/p>\n","protected":false},"excerpt":{"rendered":"\u2013 Dette er noe vi tar veldig p\u00e5 alvor, sier Aslaug Grimsmo, grunnskoleleder i Hamar kommune. Hun snakker&hellip;\n","protected":false},"author":2,"featured_media":111017,"comment_status":"","ping_status":"","sticky":false,"template":"","format":"standard","meta":{"footnotes":""},"categories":[10],"tags":[36,20,21,13624,24,25,15,22,23,79,13,30,28,29,14,2208,16,1510,26,27],"class_list":{"0":"post-111016","1":"post","2":"type-post","3":"status-publish","4":"format-standard","5":"has-post-thumbnail","7":"category-norge","8":"tag-art","9":"tag-breaking-news","10":"tag-breakingnews","11":"tag-elevundersokelsen-2025","12":"tag-featured-news","13":"tag-featurednews","14":"tag-headlines","15":"tag-latest-news","16":"tag-latestnews","17":"tag-mobbing","18":"tag-news","19":"tag-no","20":"tag-norge","21":"tag-norway","22":"tag-nyheter","23":"tag-oppvekst","24":"tag-overskrifter","25":"tag-story","26":"tag-top-stories","27":"tag-topstories"},"share_on_mastodon":{"url":"https:\/\/pubeurope.com\/@no\/115705027492572865","error":""},"_links":{"self":[{"href":"https:\/\/www.europesays.com\/no\/wp-json\/wp\/v2\/posts\/111016","targetHints":{"allow":["GET"]}}],"collection":[{"href":"https:\/\/www.europesays.com\/no\/wp-json\/wp\/v2\/posts"}],"about":[{"href":"https:\/\/www.europesays.com\/no\/wp-json\/wp\/v2\/types\/post"}],"author":[{"embeddable":true,"href":"https:\/\/www.europesays.com\/no\/wp-json\/wp\/v2\/users\/2"}],"replies":[{"embeddable":true,"href":"https:\/\/www.europesays.com\/no\/wp-json\/wp\/v2\/comments?post=111016"}],"version-history":[{"count":0,"href":"https:\/\/www.europesays.com\/no\/wp-json\/wp\/v2\/posts\/111016\/revisions"}],"wp:featuredmedia":[{"embeddable":true,"href":"https:\/\/www.europesays.com\/no\/wp-json\/wp\/v2\/media\/111017"}],"wp:attachment":[{"href":"https:\/\/www.europesays.com\/no\/wp-json\/wp\/v2\/media?parent=111016"}],"wp:term":[{"taxonomy":"category","embeddable":true,"href":"https:\/\/www.europesays.com\/no\/wp-json\/wp\/v2\/categories?post=111016"},{"taxonomy":"post_tag","embeddable":true,"href":"https:\/\/www.europesays.com\/no\/wp-json\/wp\/v2\/tags?post=111016"}],"curies":[{"name":"wp","href":"https:\/\/api.w.org\/{rel}","templated":true}]}}