{"id":11102,"date":"2025-08-18T08:39:01","date_gmt":"2025-08-18T08:39:01","guid":{"rendered":"https:\/\/www.europesays.com\/no\/11102\/"},"modified":"2025-08-18T08:39:01","modified_gmt":"2025-08-18T08:39:01","slug":"okonomi-og-naeringsliv-arbeidsliv-stort-trykk-som-a-skru-pa-en-bryter","status":"publish","type":"post","link":"https:\/\/www.europesays.com\/no\/11102\/","title":{"rendered":"\u00d8konomi og n\u00e6ringsliv, Arbeidsliv | Stort trykk: \u2013 Som \u00e5 skru p\u00e5 en bryter"},"content":{"rendered":"\n<p>Han beskriver en sv\u00e6rt hektisk sommersesong som startet sm\u00e5tt allerede i mai, da folk begynte \u00e5 \u00e5pne hyttene sine. Men fellesferien var absolutt en topp. I juli hadde de en \u00f8kning p\u00e5 omsetningen med i overkant av 10 prosent, sammenliknet med samme uker \u00e5ret f\u00f8r. <\/p>\n<p>\u2013 Det er som \u00e5 skru p\u00e5 en bryter n\u00e5r fellesferien er i gang, sier han. <\/p>\n<p>Men det er kanskje ikke s\u00e5 rart n\u00e5r mye av varehusbeholdningen hos Biltema best\u00e5r av nettopp bygg- og fritidsartikler av ulike slag. <\/p>\n<p>\u2013 Vi selger jo ekstremt mye fritidsvarer til hus og hjem. Alt fra campingstoler, til andre utem\u00f8bler og s\u00e5nne ting. <\/p>\n<p>I sommer f\u00f8rte ogs\u00e5 heteb\u00f8lgen til at det ble solgt sv\u00e6rt mange vifter. <\/p>\n<p>\u2013 Det ble vi faktisk tomme for p\u00e5 veldig kort tid. Det tok litt av, forteller han. <\/p>\n<p>Det gode v\u00e6ret er imidlertid ikke alltid like positivt for butikkbransjen.<\/p>\n<p>\u2013 Med godt v\u00e6r, s\u00e5 kan det v\u00e6re litt labert her fordi folk heller vil bruke tiden sin ute. Men i sommer s\u00e5 vi at etter 30 dager med mye varme, s\u00e5 orket ikke folk strand og s\u00e5nt mer. Da trakk de faktisk inn, sier han. <\/p>\n<p>      Blitt mer kjent<\/p>\n<p>Biltema p\u00e5 Langr\u00f8nningen var blant de f\u00f8rste akt\u00f8rene som etablerte seg i n\u00e6ringsparken. Siden de \u00e5pnet d\u00f8rene for snart fire \u00e5r siden, har b\u00e5de lokalbefolkning og ferieturister f\u00e5tt \u00f8ynene opp for varehuset. <\/p>\n<p>De \u00f8ker omsetningen hvert \u00e5r, men skulle gjerne sett at flere brukte dem ogs\u00e5 i vinterm\u00e5nedene. <\/p>\n<p>\u2013 Det g\u00e5r riktig vei, men jeg skulle gjerne hatt flere kunder vinterstid. Fra n\u00e5 og frem til desember, er det helt greit. Men i januar, februar og mars, er det veldig rolig. Det er veldig sesongbetont, sier han. <\/p>\n<p>N\u00e5 som det st\u00f8rste rushet har lagt seg, bruker de ansatte tid p\u00e5 \u00e5 bygge opp butikken igjen. <\/p>\n<p>\u2013 Etter seks uker med hardkj\u00f8r er det fint \u00e5 f\u00e5 strukturert og ryddet butikken skikkelig igjen. P\u00e5 det travleste har vi hatt b\u00e5de tre og fire kasser \u00e5pne for \u00e5 ta trykket, s\u00e5 det sier seg selv at det er et stort volum med varer som har g\u00e5tt b\u00e5de inn og ut av butikken i sommer, avslutter han. <\/p>\n","protected":false},"excerpt":{"rendered":"Han beskriver en sv\u00e6rt hektisk sommersesong som startet sm\u00e5tt allerede i mai, da folk begynte \u00e5 \u00e5pne hyttene&hellip;\n","protected":false},"author":2,"featured_media":11103,"comment_status":"","ping_status":"","sticky":false,"template":"","format":"standard","meta":{"footnotes":""},"categories":[56],"tags":[465,36,1696,60,61,2273,62,30,28,29,216,1510],"class_list":{"0":"post-11102","1":"post","2":"type-post","3":"status-publish","4":"format-standard","5":"has-post-thumbnail","7":"category-naeringsliv","8":"tag-arbeidsliv","9":"tag-art","10":"tag-bamble","11":"tag-business","12":"tag-economy","13":"tag-langronningen","14":"tag-naeringsliv","15":"tag-no","16":"tag-norge","17":"tag-norway","18":"tag-okonomi-og-naeringsliv","19":"tag-story"},"share_on_mastodon":{"url":"","error":""},"_links":{"self":[{"href":"https:\/\/www.europesays.com\/no\/wp-json\/wp\/v2\/posts\/11102","targetHints":{"allow":["GET"]}}],"collection":[{"href":"https:\/\/www.europesays.com\/no\/wp-json\/wp\/v2\/posts"}],"about":[{"href":"https:\/\/www.europesays.com\/no\/wp-json\/wp\/v2\/types\/post"}],"author":[{"embeddable":true,"href":"https:\/\/www.europesays.com\/no\/wp-json\/wp\/v2\/users\/2"}],"replies":[{"embeddable":true,"href":"https:\/\/www.europesays.com\/no\/wp-json\/wp\/v2\/comments?post=11102"}],"version-history":[{"count":0,"href":"https:\/\/www.europesays.com\/no\/wp-json\/wp\/v2\/posts\/11102\/revisions"}],"wp:featuredmedia":[{"embeddable":true,"href":"https:\/\/www.europesays.com\/no\/wp-json\/wp\/v2\/media\/11103"}],"wp:attachment":[{"href":"https:\/\/www.europesays.com\/no\/wp-json\/wp\/v2\/media?parent=11102"}],"wp:term":[{"taxonomy":"category","embeddable":true,"href":"https:\/\/www.europesays.com\/no\/wp-json\/wp\/v2\/categories?post=11102"},{"taxonomy":"post_tag","embeddable":true,"href":"https:\/\/www.europesays.com\/no\/wp-json\/wp\/v2\/tags?post=11102"}],"curies":[{"name":"wp","href":"https:\/\/api.w.org\/{rel}","templated":true}]}}