{"id":111020,"date":"2025-12-12T05:58:13","date_gmt":"2025-12-12T05:58:13","guid":{"rendered":"https:\/\/www.europesays.com\/no\/111020\/"},"modified":"2025-12-12T05:58:13","modified_gmt":"2025-12-12T05:58:13","slug":"henning-solberg-okonomi-konkurs-krav-pa-over-60-millioner","status":"publish","type":"post","link":"https:\/\/www.europesays.com\/no\/111020\/","title":{"rendered":"Henning Solberg, \u00d8konomi | Konkurs: Krav p\u00e5 over 60 millioner"},"content":{"rendered":"\n<p>(<a href=\"https:\/\/www.nettavisen.no\/sport\/ser-morkt-ut-for-kreditorene-til-henning-solberg\/s\/5-95-2775717\" rel=\"Follow nofollow noopener\" target=\"_blank\">Nettavisen<\/a>): Det ser m\u00f8rkt ut for alle som har penger til gode oss Solberg, skriver <a href=\"https:\/\/www.smaalenene.no\/forelopig-borapport-etter-solberg-konkurs-lite-a-hente-for-kreditorer\/s\/5-38-1838271?ns_campaign=editorial.pushalert&amp;pushalert_publication=smaale&amp;pushalert_premium=true&amp;pushalert_messageId=58fb1765455032798T5-38-1838271\" rel=\"Follow nofollow noopener\" target=\"_blank\">Smaalenenes Avis<\/a>. <\/p>\n<p>De viser til bostyrer, advokat Unni R\u00e5dalens forel\u00f8pig borapport etter at Solberg <a href=\"https:\/\/www.nettavisen.no\/okonomi\/henning-solberg-slatt-personlig-konkurs\/s\/5-95-2706142\" rel=\"Follow nofollow noopener\" target=\"_blank\">ble sl\u00e5tt personlig konkurs i Follo og Nordre \u00d8stfold tingrett forrige m\u00e5ned<\/a>. <\/p>\n<p>Avgj\u00f8relsen er anket til lagmannsretten, men bostyrer og advokat Unni R\u00e5dalen har n\u00e5 overlevert sin forel\u00f8pige innberetning.<\/p>\n<p>Dyster lesing for kreditorene<\/p>\n<p>Konklusjonen er dyster for dem som har penger til gode.<\/p>\n<p>If\u00f8lge rapporten er det meldt inn 19 krav med en total verdi p\u00e5 62,9 millioner kroner.<\/p>\n<p>Det er angivelig i sterk kontrast til verdiene som s\u00e5 langt er avdekket i boet. Bostyrer beskriver nemlig boet som lite og med lav kompleksitet, if\u00f8lge Smaalenenes Avis.<\/p>\n<p>De kjente eiendelene inkluderer gokarter, en traktorklipper og verkstedutstyr. Den samlede verdien p\u00e5 disse gjenstandene ansl\u00e5s til mellom 72.000 og 80.000 kroner.<\/p>\n<p>I tillegg finnes det utest\u00e5ende fordringer p\u00e5 dr\u00f8ye 900.000 kroner i enkeltmannsforetaket.<\/p>\n<p>Skatteetaten tok beslag<\/p>\n<p>Rapporten opplyser ogs\u00e5 om at Skatteetaten gjennomf\u00f8rte bokettersyn hos Solberg i forkant av konkurs\u00e5pningen.<\/p>\n<p>I den forbindelse ble det tatt beslag i regnskapsmateriale og dokumenter, samt gjort speiling av Solbergs datamaskin og telefon.<\/p>\n<p>\u2013 Det beslaglagte materialet gjennomg\u00e5s av Skatteetaten, skriver bostyrer.<\/p>\n<p>Av rapporten fremg\u00e5r det at Solberg i 2024 sto oppf\u00f8rt med en inntekt p\u00e5 189.245 kroner, en nettogjeld p\u00e5 21,4 millioner og et fremf\u00f8rbart underskudd p\u00e5 over 26 millioner kroner fra tidligere \u00e5r. Det opplyses at han verken har bankkonti eller VPS-konto.<\/p>\n<p>Dersom anken over konkursen ikke f\u00f8rer frem, vil arbeidet med \u00e5 vurdere fordringer, realisere aktiva og eventuelt granske straffbare forhold fortsette.<\/p>\n<p>Retten viste ingen n\u00e5de<\/p>\n<p>Det var i november at <a href=\"https:\/\/www.nettavisen.no\/okonomi\/henning-solberg-slatt-personlig-konkurs\/s\/5-95-2706142\" rel=\"Follow nofollow noopener\" target=\"_blank\">Follo og Nordre \u00d8stfold tingrett ikke viste noen n\u00e5de da Solberg ble sl\u00e5tt konkurs<\/a>. <\/p>\n<p>Kravet var p\u00e5 22,6 millioner kroner, og ble fremmet av Solbergs tidligere kompanjong, Ramiz Safdar. <\/p>\n<p><a href=\"https:\/\/www.finansavisen.no\/bolig\/2025\/11\/03\/8303326\/henning-solberg-slatt-konkurs\" rel=\"Follow nofollow noopener\" target=\"_blank\">Finansavisen<\/a> omtalte saken f\u00f8rst.<\/p>\n<p>Gjelden stammer fra to l\u00e5n Solberg tok opp. L\u00e5nene, fra selskapet \u00d8stbergs i 2014 og 2016, var p\u00e5 henholdsvis 2,7 og 14 millioner kroner. Begge l\u00e5nene forfalt i 2016.<\/p>\n<p>Etter at \u00d8stbergs gikk konkurs, kj\u00f8pte Safdar kravet for 100.000 kroner. Forsinkelsesrenter over flere \u00e5r gjorde at bel\u00f8pet vokste til 22,6 millioner kroner.<\/p>\n<p>Dette er tredje gang Safdar har begj\u00e6rt Solberg konkurs. I to tidligere saker presset han ut 2,6 millioner og 1,6 millioner kroner.<\/p>\n","protected":false},"excerpt":{"rendered":"(Nettavisen): Det ser m\u00f8rkt ut for alle som har penger til gode oss Solberg, skriver Smaalenenes Avis. De&hellip;\n","protected":false},"author":2,"featured_media":111021,"comment_status":"","ping_status":"","sticky":false,"template":"","format":"standard","meta":{"footnotes":""},"categories":[12],"tags":[36,20,21,24,25,15,6802,1484,22,23,13,30,28,29,14,16,572,1510,26,27,42,43,44,45],"class_list":{"0":"post-111020","1":"post","2":"type-post","3":"status-publish","4":"format-standard","5":"has-post-thumbnail","7":"category-verden","8":"tag-art","9":"tag-breaking-news","10":"tag-breakingnews","11":"tag-featured-news","12":"tag-featurednews","13":"tag-headlines","14":"tag-henning-solberg","15":"tag-konkurs","16":"tag-latest-news","17":"tag-latestnews","18":"tag-news","19":"tag-no","20":"tag-norge","21":"tag-norway","22":"tag-nyheter","23":"tag-overskrifter","24":"tag-okonomi","25":"tag-story","26":"tag-top-stories","27":"tag-topstories","28":"tag-verden","29":"tag-world","30":"tag-world-news","31":"tag-worldnews"},"share_on_mastodon":{"url":"https:\/\/pubeurope.com\/@no\/115705066485066739","error":""},"_links":{"self":[{"href":"https:\/\/www.europesays.com\/no\/wp-json\/wp\/v2\/posts\/111020","targetHints":{"allow":["GET"]}}],"collection":[{"href":"https:\/\/www.europesays.com\/no\/wp-json\/wp\/v2\/posts"}],"about":[{"href":"https:\/\/www.europesays.com\/no\/wp-json\/wp\/v2\/types\/post"}],"author":[{"embeddable":true,"href":"https:\/\/www.europesays.com\/no\/wp-json\/wp\/v2\/users\/2"}],"replies":[{"embeddable":true,"href":"https:\/\/www.europesays.com\/no\/wp-json\/wp\/v2\/comments?post=111020"}],"version-history":[{"count":0,"href":"https:\/\/www.europesays.com\/no\/wp-json\/wp\/v2\/posts\/111020\/revisions"}],"wp:featuredmedia":[{"embeddable":true,"href":"https:\/\/www.europesays.com\/no\/wp-json\/wp\/v2\/media\/111021"}],"wp:attachment":[{"href":"https:\/\/www.europesays.com\/no\/wp-json\/wp\/v2\/media?parent=111020"}],"wp:term":[{"taxonomy":"category","embeddable":true,"href":"https:\/\/www.europesays.com\/no\/wp-json\/wp\/v2\/categories?post=111020"},{"taxonomy":"post_tag","embeddable":true,"href":"https:\/\/www.europesays.com\/no\/wp-json\/wp\/v2\/tags?post=111020"}],"curies":[{"name":"wp","href":"https:\/\/api.w.org\/{rel}","templated":true}]}}