{"id":111026,"date":"2025-12-12T06:09:19","date_gmt":"2025-12-12T06:09:19","guid":{"rendered":"https:\/\/www.europesays.com\/no\/111026\/"},"modified":"2025-12-12T06:09:19","modified_gmt":"2025-12-12T06:09:19","slug":"blommenholm-underholdning-overrasket-av-manager-med-svindyr-gave-ikke-sann-man-gjor-hele-tiden","status":"publish","type":"post","link":"https:\/\/www.europesays.com\/no\/111026\/","title":{"rendered":"Blommenholm, Underholdning | Overrasket av manager med svindyr gave: \u2013 Ikke s\u00e5nn man gj\u00f8r hele tiden"},"content":{"rendered":"\n<p>(<a href=\"www.nettavisen.no\" rel=\"Follow\">Nettavisen<\/a>) I 2005 imponerte Tone Damli (37) hele Norge da hun tok andreplassen i \u00abIdol\u00bb p\u00e5 TV 2, og dermed fikk sitt store gjennombrudd som artist. <\/p>\n<p>I dommerpanelet den sesongen satt David Eriksen (58), mannen som skulle bli hennes mange\u00e5rige manager og n\u00e6re venn.<\/p>\n<p>Siden den gang har duoen jobbet tett i to ti\u00e5r. Tidligere i h\u00f8st kunne de feire 20 \u00e5r som samarbeidspartnere, og markeringen ble like personlig som den var profesjonell.<\/p>\n<p>   <img decoding=\"async\" width=\"5477\" height=\"3651\" fetchpriority=\"low\"  loading=\"lazy\"  src=\"https:\/\/www.europesays.com\/no\/wp-content\/uploads\/2025\/12\/Hemmelige+duetter+-+Program+05%2C+15.+juni+2022\" alt=\"\" class=\"brick-c-cFOWSL\" style=\"--brick-image-ratio: 5477 \/ 3651;\"\/><\/p>\n<p>      Manageren David Eriksen overrasket Tone Damli med dr\u00f8mmegaven hun har \u00f8nsket seg lenge.<br \/>\n      Foto: Thomas Andersen \/ TV 2\n    <\/p>\n<p>  \u2013 Fortjener en ordentlig gave<\/p>\n<p>I anledning jubileet arrangerte Eriksen en fest for Damli. Det som likevel fikk mest oppmerksomhet, var gaven han overrakte henne: et splitter nytt Yamaha-flygel.<\/p>\n<p>\u2013 Det er jo ikke akkurat s\u00e5nn man gj\u00f8r hele tiden, sier Eriksen til Nettavisen.<\/p>\n<p>\u2013 Men hvis man har jobbet i en bedrift i 20 eller 25 \u00e5r, finnes det tradisjoner med gullklokker og slike ting. Det handler om lojalitet. Vi har jobbet s\u00e5 tett i 20 \u00e5r, og hun har gitt meg den tilliten. Da syns jeg hun fortjener en ordentlig gave.<\/p>\n<p>Eriksen forteller at han visste n\u00f8yaktig hva han skulle gi, og at planen om et flygel hadde v\u00e6rt i tankene en god stund.<\/p>\n<p>\u2013 Jeg vet at det er det hun har \u00f8nsket seg mest av alt, et Yamaha-flygel.<\/p>\n<p>Flygelpriser varierer enormt<\/p>\n<p>Et raskt s\u00f8k viser at Yamaha-flygler finnes i sv\u00e6rt ulike prisklasser. De rimeligste modellene starter rundt 170.000 kroner, mens toppmodellene, s\u00e6rlig konsertflygler, kan koste helt opp mot 2,2 millioner kroner.<\/p>\n<p>Hva Eriksen faktisk har spandert p\u00e5 artisten, vil han ikke r\u00f8pe. Men at det er en storsl\u00e5tt gave, er det liten tvil om.<\/p>\n<p>\u2013 Det m\u00e5 du google, sier han med et smil.<\/p>\n<p>   <img decoding=\"async\" width=\"1179\" height=\"2053\" fetchpriority=\"low\"  loading=\"lazy\"  src=\"https:\/\/www.europesays.com\/no\/wp-content\/uploads\/2025\/12\/IMG_6507.jpg\" alt=\"\" class=\"brick-c-cFOWSL\" style=\"--brick-image-ratio: 1179 \/ 2053;\"\/><\/p>\n<p>      20 \u00c5RS LOJALITET: David Eriksen markerte samarbeidet sitt med Tone Damli med et Yamaha-flygel.<br \/>\n      Foto: Skjermdump (Snapchat)\n    <\/p>\n<p>  \u2013 En dr\u00f8m<\/p>\n<p>P\u00e5 Snapchat delte Damli sin reaksjon etter \u00e5 ha mottatt gaven.<\/p>\n<p>\u2013 Jeg har f\u00e5tt meg flygel. Herregud. Oh my god. Dette her har v\u00e6rt en dr\u00f8m s\u00e5 lenge, men det er en syk gave, sa en tydelig overveldet artist til f\u00f8lgerne sine.<\/p>\n<p>   <img decoding=\"async\" width=\"4913\" height=\"3275\" fetchpriority=\"low\"  loading=\"lazy\"  src=\"https:\/\/www.europesays.com\/no\/wp-content\/uploads\/2025\/12\/Tone+Damli+prver+igjen%3A+Krever+10+millioner.bin\" alt=\"Trondheim 20200212. &#10;Tone Damli er en av finalistene i Melodi Grand Prix 2020 i Trondheim Spektrum. Foto: Alexander Vestrum \/ NTB&#10;Foto: Alexander Vestrum \/ NTB\" class=\"brick-c-cFOWSL\" style=\"--brick-image-ratio: 4913 \/ 3275;\"\/><\/p>\n<p>      Tone Damli ble sv\u00e6rt overrasket over jublieumsgaven hun fikk fra manageren David Eriksen.<br \/>\n      Foto: Alexander Vestrum (NTB)\n    <\/p>\n<p>For Damli, som de siste 20 \u00e5rene har vokst fra ten\u00e5ringsidol til etablert norsk artist, markerer flygelet b\u00e5de et nytt kapittel, og et langt og lojalt samarbeid.<\/p>\n<p>Og for manageren hennes er det ingen tvil om hva som har v\u00e6rt viktigst:<\/p>\n<p>\u2013 Det handler om reisen vi har hatt sammen. Da fortjener hun det beste.<\/p>\n","protected":false},"excerpt":{"rendered":"(Nettavisen) I 2005 imponerte Tone Damli (37) hele Norge da hun tok andreplassen i \u00abIdol\u00bb p\u00e5 TV 2,&hellip;\n","protected":false},"author":2,"featured_media":111027,"comment_status":"","ping_status":"","sticky":false,"template":"","format":"standard","meta":{"footnotes":""},"categories":[58],"tags":[36,3578,71,30,28,29,1510,3579,72],"class_list":{"0":"post-111026","1":"post","2":"type-post","3":"status-publish","4":"format-standard","5":"has-post-thumbnail","7":"category-underholdning","8":"tag-art","9":"tag-blommenholm","10":"tag-entertainment","11":"tag-no","12":"tag-norge","13":"tag-norway","14":"tag-story","15":"tag-tone-damli","16":"tag-underholdning"},"share_on_mastodon":{"url":"https:\/\/pubeurope.com\/@no\/115705109965239043","error":""},"_links":{"self":[{"href":"https:\/\/www.europesays.com\/no\/wp-json\/wp\/v2\/posts\/111026","targetHints":{"allow":["GET"]}}],"collection":[{"href":"https:\/\/www.europesays.com\/no\/wp-json\/wp\/v2\/posts"}],"about":[{"href":"https:\/\/www.europesays.com\/no\/wp-json\/wp\/v2\/types\/post"}],"author":[{"embeddable":true,"href":"https:\/\/www.europesays.com\/no\/wp-json\/wp\/v2\/users\/2"}],"replies":[{"embeddable":true,"href":"https:\/\/www.europesays.com\/no\/wp-json\/wp\/v2\/comments?post=111026"}],"version-history":[{"count":0,"href":"https:\/\/www.europesays.com\/no\/wp-json\/wp\/v2\/posts\/111026\/revisions"}],"wp:featuredmedia":[{"embeddable":true,"href":"https:\/\/www.europesays.com\/no\/wp-json\/wp\/v2\/media\/111027"}],"wp:attachment":[{"href":"https:\/\/www.europesays.com\/no\/wp-json\/wp\/v2\/media?parent=111026"}],"wp:term":[{"taxonomy":"category","embeddable":true,"href":"https:\/\/www.europesays.com\/no\/wp-json\/wp\/v2\/categories?post=111026"},{"taxonomy":"post_tag","embeddable":true,"href":"https:\/\/www.europesays.com\/no\/wp-json\/wp\/v2\/tags?post=111026"}],"curies":[{"name":"wp","href":"https:\/\/api.w.org\/{rel}","templated":true}]}}