{"id":111030,"date":"2025-12-12T06:12:14","date_gmt":"2025-12-12T06:12:14","guid":{"rendered":"https:\/\/www.europesays.com\/no\/111030\/"},"modified":"2025-12-12T06:12:14","modified_gmt":"2025-12-12T06:12:14","slug":"en-av-fire-amerikanere-sier-drapet-pa-kirk-har-fatt-andelige-folger","status":"publish","type":"post","link":"https:\/\/www.europesays.com\/no\/111030\/","title":{"rendered":"En av fire amerikanere sier drapet p\u00e5 Kirk har f\u00e5tt \u00e5ndelige f\u00f8lger"},"content":{"rendered":"<p><strong>En ny unders\u00f8kelse fra Barna Group viser at drapet p\u00e5 aktivisten som ble drept ved Utah Valley University i september, har f\u00e5tt uventet sterke \u00e5ndelige ringvirkninger i USA. 5.003 voksne amerikanere ble spurt rundt to m\u00e5neder etter hendelsen, og s\u00e6rlig unge respondenter rapporterer reaksjoner. Det skriver <a href=\"https:\/\/www.dagen.no\/nyheter\/en-av-fire-amerikanere-har-tatt-andelige-konsekvenser-av-kirk-drapet\/1519805\" rel=\"nofollow noopener\" target=\"_blank\">Dagen<\/a>.<\/strong><\/p>\n<p>N\u00e6r tre av ti oppgir at drapet har hatt praktiske konsekvenser, og langt flere viser til \u00e5ndelige enn politiske svar. Unders\u00f8kelsen inng\u00e5r i et st\u00f8rre bilde av \u00f8kt religi\u00f8s interesse, der flere analyser har vist \u00f8kende bibelsalg og st\u00f8rre nysgjerrighet p\u00e5 kristen praksis de siste \u00e5rene.<\/p>\n<p>Interessen rundt aktivisten var betydelig allerede f\u00f8r drapet. Over \u00e5tte av ti hadde h\u00f8rt om ham, og rundt en tredel fulgte ham tett. Blant amerikanere i ten\u00e5rene og 20-\u00e5rene gjaldt dette hele 40 prosent, med s\u00e6rlig stor oppmerksomhet blant praktiserende kristne.<\/p>\n<p>Til tross for at 71 prosent oppgir at drapet ikke har p\u00e5virket dem direkte, sier 18 prosent at det har f\u00e5tt dem til \u00e5 ta \u00e5ndelige valg. Bare 5 prosent viser til politiske konsekvenser. Samtidig er vurderingene delte om hva dette betyr p\u00e5 lengre sikt: Nesten halvparten venter positiv innflytelse p\u00e5 kristendommens plass blant unge, mens forventningene til virkningen p\u00e5 amerikansk politikk er mer pessimistiske.<\/p>\n<p>Barna-sjef David Kinnaman ber om varsomhet i tolkningen av tallene og mener hendelsen m\u00e5 sees i en bredere sammenheng av \u00f8kende \u00e5ndelig interesse. Han sier: <br \/>\u2013 Det er bemerkelsesverdig \u00e5 se p\u00e5virkningen til en bredt kjent offentlig figur, og at millioner ble inspirert til handling.<\/p>\n<p>Kinnaman legger til \u2013 Det handler trolig mer om en st\u00f8rre, p\u00e5g\u00e5ende s\u00f8ken etter kristen tro enn om \u00e9n enkelt person.<\/p>\n","protected":false},"excerpt":{"rendered":"En ny unders\u00f8kelse fra Barna Group viser at drapet p\u00e5 aktivisten som ble drept ved Utah Valley University&hellip;\n","protected":false},"author":2,"featured_media":111031,"comment_status":"","ping_status":"","sticky":false,"template":"","format":"standard","meta":{"footnotes":""},"categories":[12],"tags":[20,21,5099,24,25,15,22,23,13,30,28,29,14,16,905,26,27,50,42,43,44,45],"class_list":{"0":"post-111030","1":"post","2":"type-post","3":"status-publish","4":"format-standard","5":"has-post-thumbnail","7":"category-verden","8":"tag-breaking-news","9":"tag-breakingnews","10":"tag-charlie-kirk","11":"tag-featured-news","12":"tag-featurednews","13":"tag-headlines","14":"tag-latest-news","15":"tag-latestnews","16":"tag-news","17":"tag-no","18":"tag-norge","19":"tag-norway","20":"tag-nyheter","21":"tag-overskrifter","22":"tag-religion","23":"tag-top-stories","24":"tag-topstories","25":"tag-usa","26":"tag-verden","27":"tag-world","28":"tag-world-news","29":"tag-worldnews"},"share_on_mastodon":{"url":"https:\/\/pubeurope.com\/@no\/115705121570035133","error":""},"_links":{"self":[{"href":"https:\/\/www.europesays.com\/no\/wp-json\/wp\/v2\/posts\/111030","targetHints":{"allow":["GET"]}}],"collection":[{"href":"https:\/\/www.europesays.com\/no\/wp-json\/wp\/v2\/posts"}],"about":[{"href":"https:\/\/www.europesays.com\/no\/wp-json\/wp\/v2\/types\/post"}],"author":[{"embeddable":true,"href":"https:\/\/www.europesays.com\/no\/wp-json\/wp\/v2\/users\/2"}],"replies":[{"embeddable":true,"href":"https:\/\/www.europesays.com\/no\/wp-json\/wp\/v2\/comments?post=111030"}],"version-history":[{"count":0,"href":"https:\/\/www.europesays.com\/no\/wp-json\/wp\/v2\/posts\/111030\/revisions"}],"wp:featuredmedia":[{"embeddable":true,"href":"https:\/\/www.europesays.com\/no\/wp-json\/wp\/v2\/media\/111031"}],"wp:attachment":[{"href":"https:\/\/www.europesays.com\/no\/wp-json\/wp\/v2\/media?parent=111030"}],"wp:term":[{"taxonomy":"category","embeddable":true,"href":"https:\/\/www.europesays.com\/no\/wp-json\/wp\/v2\/categories?post=111030"},{"taxonomy":"post_tag","embeddable":true,"href":"https:\/\/www.europesays.com\/no\/wp-json\/wp\/v2\/tags?post=111030"}],"curies":[{"name":"wp","href":"https:\/\/api.w.org\/{rel}","templated":true}]}}