{"id":111038,"date":"2025-12-12T06:34:15","date_gmt":"2025-12-12T06:34:15","guid":{"rendered":"https:\/\/www.europesays.com\/no\/111038\/"},"modified":"2025-12-12T06:34:15","modified_gmt":"2025-12-12T06:34:15","slug":"datasenter-gigant-cts-kan-fa-bot-pa-12-millioner-kroner","status":"publish","type":"post","link":"https:\/\/www.europesays.com\/no\/111038\/","title":{"rendered":"Datasenter-gigant CTS kan f\u00e5 bot p\u00e5 12 millioner kroner"},"content":{"rendered":"<p>    Kort fortalt<\/p>\n<p lang=\"nb-NO\">Selskapet CTS Nordics st\u00e5r overfor en millionbot etter flere lovbrudd ved bygging av datasenter p\u00e5 S\u00f8rlandet.<\/p>\n<p lang=\"nb-NO\">Arbeidstilsynet har funnet alvorlige brudd p\u00e5 arbeidsforhold hos underleverand\u00f8rer i Vennesla.<\/p>\n<p lang=\"nb-NO\">CTS Nordics protesterer mot boten og mener grunnlaget er mangelfullt.<\/p>\n<p class=\"italic ai-disclaimer\" data-lab-italic=\"italic\">Sammendraget er laget av ChatGPT og godkjent av B\u00f8rsen.<\/p>\n<p>      Vis mer<br \/>\n      Vis mindre<\/p>\n<p>CTS Nordics har p\u00e5 f\u00e5 \u00e5r gjort milliardbutikk p\u00e5 bygging av datasentre. N\u00e5 trues de med millionbot for flere lovbrudd, f\u00f8rst omtalt av <a href=\"https:\/\/www.fvn.no\/nyheter\/okonomi\/i\/2pnodB\/bygger-datasenter-paa-stoeleheia-naa-vil-arbeidtilsynet-gi-gigantbot\" target=\"_blank\" rel=\"nofollow noopener\">F\u00e6drelandsvennen<\/a>.\u00a0<\/p>\n<p>Det er ikke f\u00f8rste gang de f\u00e5r en smekk for arbeidsmilj\u00f8et. Det kan du lese mer om lenger ned i saken.\u00a0<\/p>\n<p>CTS Nordics, som har hovedkontor p\u00e5 Ensj\u00f8 i Oslo, har alts\u00e5 spesialisert seg p\u00e5 \u00e5 bygge datasentre. Det var under bygging av et datasenter i St\u00f8leheia i Vennesla n\u00e6r Kristiansand, der de har inng\u00e5tt partnerskap med Bulk Infrastructure om byggingen av et stort datasenter, at tilsynet fant sted.<\/p>\n<p>Tilsynet med den s\u00e5kalte p\u00e5seplikten, ansvaret for l\u00f8nns- og arbeidforhold hos underleverand\u00f8rer, inkludert hos egne ansatte, foregikk forrige vinter.<\/p>\n<p>Protester\t<\/p>\n<p>10. november i \u00e5r varslet Arbeidstilsynet om et overtredelsesgebyr p\u00e5 hele 12 millioner kroner. CTS Nordic bekrefter dette, og har protestert p\u00e5 overtredelsesgebyret.<\/p>\n<p>I en kommentar sier administerende direkt\u00f8r Rolf Stor\u00f8y i CTS Nordic f\u00f8lgende til Dagbladet B\u00f8rsen:<\/p>\n<p class=\"font-weight-bold m-font-weight-bold\" data-lab-font_weight=\"font-weight-bold\">&#8211; CTS Nordics tar helse, milj\u00f8 og sikkerhet sv\u00e6rt alvorlig, ikke minst fordi vi er ansvarlige for et stort antall mennesker og et av de st\u00f8rste byggeprosjektene i Agder. Vi er imidlertid uenig i grunnlaget for overtredelsesgebyret og h\u00e5per p\u00e5 en konstruktiv dialog med Arbeidstilsynet om dette.<\/p>\n<p>Han legger til:<\/p>\n<p>&#8211; Det overordnede inntrykket er at Arbeidstilsynet i sv\u00e6rt liten grad redegj\u00f8r for hvilket faktisk grunnlag som ligger til grunn for det varslede overtredelsesgebyret. I tillegg fremst\u00e5r saksunderlaget som mangelfullt.<\/p>\n<p>    <a itemprop=\"url\" href=\"https:\/\/borsen.dagbladet.no\/nyheter\/ruinert-etter-arbeidsulykke\/82726543\" rel=\"nofollow noopener\" target=\"_blank\"><\/p>\n<p>        <img loading=\"lazy\" decoding=\"async\" src=\"https:\/\/www.europesays.com\/no\/wp-content\/uploads\/2025\/12\/82807470.webp\" width=\"147\" height=\"98\" title=\"Ruinert etter arbeidsulykke\" alt=\"\" class=\"lazyload\" style=\"--aspect-ratio-image: 1.50; \"\/><\/p>\n<p>        Ruinert etter arbeidsulykke<\/p>\n<p>    <\/a><\/p>\n<p>Forholdene skal &#8211; if\u00f8lge CTS uttalelser til F\u00e6drelandvennen &#8211; v\u00e6re rettet opp, men Arbeidstilsynet har opprettholdt boten likevel. CTS&#8217; datterselskap, fra 2024, Velox Electro Nordics uttaler seg ogs\u00e5:<\/p>\n<p class=\"font-weight-bold m-font-weight-bold\" data-lab-font_weight=\"font-weight-bold\">&#8211; Vi kjenner oss ikke igjen i beskrivelsen av forholdene. Velox Electro Nordics AS drives i tr\u00e5d med gjeldende lover og regler, og vi f\u00f8lger tariffavtalen med EL- og IT-Forbundet, sier administrerende direkt\u00f8r i Velox, Geir Mykland til Dagbladet B\u00f8rsen.<\/p>\n<p>Han mener arbeidstidsordningene er fullt ut forankret i b\u00e5de tariff- og lovverk.<\/p>\n<p>\u00a0&#8211; Vi kjenner oss heller ikke igjen i beskrivelsen av at CTS Nordics AS ikke skal ha fulgt opp dette. Tvert imot, understreker Mykland.<\/p>\n<p>    <a itemprop=\"url\" href=\"https:\/\/borsen.dagbladet.no\/nyheter\/kjempebot-etter-snomaking\/80754815\" rel=\"nofollow noopener\" target=\"_blank\"><\/p>\n<p>        <img loading=\"lazy\" decoding=\"async\" src=\"https:\/\/www.europesays.com\/no\/wp-content\/uploads\/2025\/12\/80755525.webp\" width=\"980\" height=\"441\" title=\"Kjempebot etter sn\u00f8m\u00e5king\" alt=\"\" class=\"lazyload\" style=\"--aspect-ratio-image: 2.22; \"\/><\/p>\n<p>        Kjempebot etter sn\u00f8m\u00e5king<\/p>\n<p>    <\/a><\/p>\n<p>\u00a0&#8211; Sv\u00e6rt alvorlig\t<\/p>\n<p>N\u00e5 har Arbeidstilsynet f\u00e5tt utvidet adgang til \u00e5 benytte st\u00f8rre b\u00f8ter. De har tidligere ikke skrevet ut noe i n\u00e6rheten av dette, st\u00f8rrelsesmessig.<\/p>\n<p class=\"font-weight-bold m-font-weight-bold\" data-lab-font_weight=\"font-weight-bold\">&#8211; Vi vurderer bruddene som alvorlige, skriver seksjonsleder for arbeidskrim i Arbeidstilsynet S\u00f8r, Helle Hartz Hagen, til Dagbladet B\u00f8rsen.\u00a0<\/p>\n<p>Hun legger til:<\/p>\n<p>&#8211;\u00a0Vi har mottatt tilbakemelding fra virksomheten og vil n\u00e5 g\u00e5 igjennom denne. Avhengig av hva som kommer inn der s\u00e5 kan det varslede gebyret opprettholdes, gebyrets st\u00f8rrelse kan endres eller det kan frafalles. <\/p>\n<p>Noe mer vil hun ikke si, s\u00e5 lenge boten ikke er vedtatt, men alts\u00e5 er en trussel.<\/p>\n<p>Det skal ha v\u00e6rt flere lovbrudd p\u00e5 S\u00f8rlandet. Det g\u00e5r p\u00e5 ikke \u00e5 informere om allmenngj\u00f8ring, det at underleverand\u00f8rer skal ha like gode l\u00f8nns- og arbeidsvilk\u00e5r som de over dem i kjeden &#8211; tariffl\u00f8nn.<\/p>\n<p>Det g\u00e5r dessuten p\u00e5 ikke \u00e5 ha risikovurdert forholdene for arbeidstakerne.<\/p>\n<p>    <a itemprop=\"url\" href=\"https:\/\/borsen.dagbladet.no\/nyheter\/dekker-sykehusregning\/82852584\" rel=\"nofollow noopener\" target=\"_blank\"><\/p>\n<p>        <img loading=\"lazy\" decoding=\"async\" src=\"https:\/\/www.europesays.com\/no\/wp-content\/uploads\/2025\/12\/82852670.webp\" width=\"980\" height=\"441\" title=\"Dekker sykehus\u00adregning\" alt=\"\" class=\"lazyload\" style=\"--aspect-ratio-image: 2.22; \"\/><\/p>\n<p>        Dekker sykehus\u00adregning<\/p>\n<p>    <\/a><\/p>\n<p>CTS skal ha hatt 44 underleverand\u00f8rer i Vennesla, og 33 bedrifter under dem igjen. 160 var til stede under kontrollen, ogs\u00e5 CTS-ansatte, skriver F\u00e6drelandsvennen.\u00a0<\/p>\n<p>Fikk smekk\t<\/p>\n<p>Det er ikke f\u00f8rste gang CTS f\u00e5r en smekk for arbeidsmilj\u00f8et p\u00e5 byggeplassene.<\/p>\n<p>Rumenske Florin Sauluc jobbet for Anglo Europe Limited p\u00e5 et Green Mountain-datasenter p\u00e5 L\u00f8ten i Innlandet, da han falt ned og skadet seg 10. august i fjor.<\/p>\n<p class=\"font-weight-bold m-font-weight-bold\" data-lab-font_weight=\"font-weight-bold\">Datasenteret p\u00e5 L\u00f8ten er mye omtalt, og da s\u00e6rlig fordi det skulle huse TikTok.<\/p>\n<p>CTS Nordics hadde Anglo som underleverand\u00f8r, og fra 2024 var CTS-eide Velox Electro Nordics ansvarlig for sikkerheten.<\/p>\n<p>P\u00e5 TikTok-senteret mente Florin Sauluc at sikkerheten var sv\u00e6rt d\u00e5rlig. Det ga Arbeidstilsynet ham langt p\u00e5 vei rett i.\u00a0I en rapport etter ulykken konstaterte tilsynet at selskapet Velox Electro Nordics, med CTS som hovedeier fra 2024 og som var oppdragsgiver for Anglo, ikke hadde fulgt opp sitt ansvar for ansattes sikkerhet. Velox hadde med dette brutt reglene. Selskapet ble p\u00e5lagt av Arbeidstilsynet \u00e5 rette det opp.<\/p>\n<p>    <a itemprop=\"url\" href=\"https:\/\/borsen.dagbladet.no\/nyheter\/kamp-for-feriepenger-folk-gir-opp\/82205360\" rel=\"nofollow noopener\" target=\"_blank\"><\/p>\n<p>        <img loading=\"lazy\" decoding=\"async\" src=\"https:\/\/www.europesays.com\/no\/wp-content\/uploads\/2025\/12\/82269268.webp\" width=\"980\" height=\"441\" title=\"Kamp for feriepenger: - Folk gir opp\" alt=\"\" class=\"lazyload\" style=\"--aspect-ratio-image: 2.22; \"\/><\/p>\n<p>        Kamp for feriepenger: &#8211; Folk gir opp<\/p>\n<p>    <\/a><\/p>\n<p>Endte godt\t<\/p>\n<p>Arbeidsulykke-saken endte med at selve datasenteret p\u00e5 L\u00f8ten, Green Mountain, tok sykehusregningen som Sauluc hadde blitt sittende med etter ulykken. Anglo Europe Limited, som ikke hadde den lovp\u00e5lagte yrkesskadeforsikringen p\u00e5 plass, har aldri svart ordentlig for seg i sakens anledning.<\/p>\n<p>Om overtredelsesgebyret p\u00e5 S\u00f8rlandet, sier datasenter-utbygger Bulk Infrastucture:<\/p>\n<p>&#8211; Vi forventer at alle v\u00e5re underleverand\u00f8rer f\u00f8lger norsk lov, og at de etterf\u00f8lger de p\u00e5legg som Arbeidstilsynet gir dem. N\u00e5r det gjelder denne saken s\u00e5 er den formelt mellom Arbeidstilsynet og CTS Nordics. Bulk tar denne saken mellom v\u00e5r underleverand\u00f8r og Arbeidstilsynet p\u00e5 stort alvor, sier kommunikasjonssjef Einar Stabell i Bulk Infrastructure.<\/p>\n<p>Han legger til:<\/p>\n<p>\u00a0&#8211; Arbeidstilsynet har en viktig rolle og vi er glade for at de hjelper med \u00e5 sikre et seri\u00f8st, inkluderende arbeidsliv og et trygt, forsvarlig arbeidsmilj\u00f8, legger han til.\u00a0<\/p>\n<p>CTS-eide Velox Elecro Nordics har \u00f8kt omsetningen til 430 millioner i 2024, mot 80 millioner to \u00e5r tidligere. Selskapet har n\u00e5 over 700 ansatte.\u00a0<\/p>\n<p>Tilsvarende har CTS Nordics ligget p\u00e5 en omsetning p\u00e5 6-7 milliarder de siste \u00e5rene, opp fra 130 millioner i 2021.<\/p>\n","protected":false},"excerpt":{"rendered":"Kort fortalt Selskapet CTS Nordics st\u00e5r overfor en millionbot etter flere lovbrudd ved bygging av datasenter p\u00e5 S\u00f8rlandet.&hellip;\n","protected":false},"author":2,"featured_media":111039,"comment_status":"","ping_status":"","sticky":false,"template":"","format":"standard","meta":{"footnotes":""},"categories":[10],"tags":[3177,1718,20,21,876,24,25,15,22,23,13,30,28,29,14,16,26,27],"class_list":{"0":"post-111038","1":"post","2":"type-post","3":"status-publish","4":"format-standard","5":"has-post-thumbnail","7":"category-norge","8":"tag-arbeidstilsynet","9":"tag-bot","10":"tag-breaking-news","11":"tag-breakingnews","12":"tag-datasenter","13":"tag-featured-news","14":"tag-featurednews","15":"tag-headlines","16":"tag-latest-news","17":"tag-latestnews","18":"tag-news","19":"tag-no","20":"tag-norge","21":"tag-norway","22":"tag-nyheter","23":"tag-overskrifter","24":"tag-top-stories","25":"tag-topstories"},"share_on_mastodon":{"url":"https:\/\/pubeurope.com\/@no\/115705208263596743","error":""},"_links":{"self":[{"href":"https:\/\/www.europesays.com\/no\/wp-json\/wp\/v2\/posts\/111038","targetHints":{"allow":["GET"]}}],"collection":[{"href":"https:\/\/www.europesays.com\/no\/wp-json\/wp\/v2\/posts"}],"about":[{"href":"https:\/\/www.europesays.com\/no\/wp-json\/wp\/v2\/types\/post"}],"author":[{"embeddable":true,"href":"https:\/\/www.europesays.com\/no\/wp-json\/wp\/v2\/users\/2"}],"replies":[{"embeddable":true,"href":"https:\/\/www.europesays.com\/no\/wp-json\/wp\/v2\/comments?post=111038"}],"version-history":[{"count":0,"href":"https:\/\/www.europesays.com\/no\/wp-json\/wp\/v2\/posts\/111038\/revisions"}],"wp:featuredmedia":[{"embeddable":true,"href":"https:\/\/www.europesays.com\/no\/wp-json\/wp\/v2\/media\/111039"}],"wp:attachment":[{"href":"https:\/\/www.europesays.com\/no\/wp-json\/wp\/v2\/media?parent=111038"}],"wp:term":[{"taxonomy":"category","embeddable":true,"href":"https:\/\/www.europesays.com\/no\/wp-json\/wp\/v2\/categories?post=111038"},{"taxonomy":"post_tag","embeddable":true,"href":"https:\/\/www.europesays.com\/no\/wp-json\/wp\/v2\/tags?post=111038"}],"curies":[{"name":"wp","href":"https:\/\/api.w.org\/{rel}","templated":true}]}}