{"id":111047,"date":"2025-12-12T06:51:15","date_gmt":"2025-12-12T06:51:15","guid":{"rendered":"https:\/\/www.europesays.com\/no\/111047\/"},"modified":"2025-12-12T06:51:15","modified_gmt":"2025-12-12T06:51:15","slug":"justin-theroux-sjokkerer-med-nytt-utseende-pa-rod-loper","status":"publish","type":"post","link":"https:\/\/www.europesays.com\/no\/111047\/","title":{"rendered":"Justin Theroux sjokkerer med nytt utseende p\u00e5 r\u00f8d l\u00f8per"},"content":{"rendered":"<p class=\"kicker \" style=\"\">Justin Theroux:<\/p>\n<p>  Skuespilleren setter fyr p\u00e5 nettet &#8211; flere mener at det har skjedd en stor endring.<\/p>\n<p>\n    ENDRING: Flere har merket seg at Justin ikke ser slik ut lenger. Foto: NTB\n  <\/p>\n<p>Den amerikanske skuespilleren Justin Theroux (54) har mye \u00e5 v\u00e6re glad for om dagen. Ikke bare er kona Nicole Brydon Bloom (31) gravid, han har ogs\u00e5 kapret en gjesterolle i suksesserien \u00abFallout\u00bb.<\/p>\n<p>    <a itemprop=\"url\" href=\"https:\/\/www.seher.no\/kjendis\/avslorte-gladnyhet-pa-rod-loper\/83962960\" rel=\"nofollow noopener\" target=\"_blank\"><\/p>\n<p>        <img loading=\"lazy\" decoding=\"async\" src=\"https:\/\/www.europesays.com\/no\/wp-content\/uploads\/2025\/12\/1765522270_944_83963704.webp\" width=\"147\" height=\"98\" title=\"Avsl\u00f8rte gladnyhet p\u00e5 r\u00f8d l\u00f8per\" alt=\"\" class=\"lazyload\" style=\"--aspect-ratio-image: 1.50; \"\/><\/p>\n<p>        Avsl\u00f8rte gladnyhet p\u00e5 r\u00f8d l\u00f8per<\/p>\n<p>    <\/a><\/p>\n<p>Det var faktisk p\u00e5 premieren av sesong to at han og Nicole annonserte graviditeten offentlig &#8211; de skal f\u00e5 sitt f\u00f8rste barn sammen.<\/p>\n<p>        SKJULES FRA MAMMA: Solveig Kloppen r\u00f8per at hun f\u00e5r se Tiktok-videoene som s\u00f8nnen Albert legger ut av henne. Reporter: Sanne Holt. Video: Nora Skavhaug\/ R\u00f8d L\u00f8per\/ Tiktok\/ @albertkloppen<\/p>\n<p>Ekteparet var utvilsomt glade der de poserte villig p\u00e5 den r\u00f8de l\u00f8peren, men det er ikke bare den kommende babyen &#8211; eller premieren &#8211; som har f\u00e5tt oppmerksomhet.<\/p>\n<p>        <img loading=\"lazy\" decoding=\"async\" src=\"https:\/\/www.europesays.com\/no\/wp-content\/uploads\/2025\/12\/83972272.webp\" width=\"686\" height=\"789\" title=\"BLIR FORELDRE: Justin og Nicole venter sitt f\u00f8rste barn sammen. Foto: NTB\" alt=\"\" class=\"\" style=\"--aspect-ratio-image: 0.87; \"\/><\/p>\n<p>\n        BLIR FORELDRE: Justin og Nicole venter sitt f\u00f8rste barn sammen. Foto: NTB\n    <\/p>\n<p>If\u00f8lge australske <a href=\"https:\/\/www.news.com.au\/entertainment\/celebrity-style\/red-carpet\/actor-justin-theroux-suddenly-looks-very-different-in-latest-red-carpet-outing\/news-story\/63ff2b5812ddc9bcbc8f80fb8ef77037\" rel=\"nofollow noopener\" target=\"_blank\">News<\/a> var det nemlig flere som bet seg merke i Justins ansikt &#8211; og mente at det hadde skjedd store endringer.<\/p>\n<p>    <a itemprop=\"url\" href=\"https:\/\/www.seher.no\/kjendis\/hjerteskjaerende-provde-alt\/83700395\" rel=\"nofollow noopener\" target=\"_blank\"><\/p>\n<p>        <img loading=\"lazy\" decoding=\"async\" src=\"https:\/\/www.europesays.com\/no\/wp-content\/uploads\/2025\/12\/83700639.webp\" width=\"147\" height=\"98\" title=\"Holdt det skjult i 20 \u00e5r\" alt=\"\" class=\"lazyload\" style=\"--aspect-ratio-image: 1.50; \"\/><\/p>\n<p>        Holdt det skjult i 20 \u00e5r<\/p>\n<p>    <\/a><\/p>\n<p>Da han stilte p\u00e5 r\u00f8d l\u00f8per med kona var nemlig 54-\u00e5ringen helt glattbarbert &#8211; til forskjell fra slik man kanskje er blitt vant til \u00e5 se ham.<\/p>\n<p>        \u00abHelt Perfekt\u00bb er tilbake p\u00e5 TV 2 Play med en ny sesong etter en 12 \u00e5rs lang pause, der Thomas Giertsen og resten av gjengen vender tilbake sammen med flere nye profiler. Video: \u00abThomas Giertsen: Helt Perfekt\u00bb \/ TV2. <\/p>\n<p>Flere ulike nettsteder delte nemlig nyheten om at Justin og Nicole skal bli foreldre, og det er under slike innlegg p\u00e5 Instagram at kommentarene hagler.<\/p>\n<p>\u00abHar han gjort noe med ansiktet sitt? Han ser annerledes ut\u00bb, skriver en.<\/p>\n<p>        <img loading=\"lazy\" decoding=\"async\" src=\"https:\/\/www.europesays.com\/no\/wp-content\/uploads\/2025\/12\/83972279.webp\" width=\"686\" height=\"460\" title=\"HELT GLATT: Uten skjegget ser definitivt skuespilleren noe annerledes ut. Foto: NTB\" alt=\"\" class=\"\" style=\"--aspect-ratio-image: 1.49; \"\/><\/p>\n<p>\n        HELT GLATT: Uten skjegget ser definitivt skuespilleren noe annerledes ut. Foto: NTB\n    <\/p>\n<p>\u00abHva har skjedd med ansiktet hans?\u00bb, skriver en annen.<\/p>\n<p>Flere sier han ser helt annerledes ut, og hevder at han er helt \u00abugjenkjennelig\u00bb.<\/p>\n<p>\u00abDette ser ikke ut som ham\u00bb, g\u00e5r igjen.<\/p>\n<p>    <a itemprop=\"url\" href=\"https:\/\/www.seher.no\/kjendis\/advares-mot-ny-flamme\/83339351\" rel=\"nofollow noopener\" target=\"_blank\"><\/p>\n<p>        <img loading=\"lazy\" decoding=\"async\" src=\"https:\/\/www.europesays.com\/no\/wp-content\/uploads\/2025\/12\/83339499.webp\" width=\"147\" height=\"98\" title=\"Advares mot ny flamme\" alt=\"\" class=\"lazyload\" style=\"--aspect-ratio-image: 1.50; \"\/><\/p>\n<p>        Advares mot ny flamme<\/p>\n<p>    <\/a><\/p>\n<p>\u00abBra for ham, men hvem er denne fyren?\u00bb, sp\u00f8r en person sp\u00f8kefullt.<\/p>\n<p>Det er imidlertid f\u00e5 som peker ut n\u00f8yaktig hva endringen i Justins utseende &#8211; og uten at Se og H\u00f8r kjenner til svaret, drister vi oss til \u00e5 foresl\u00e5 at det handler om skjegget!<\/p>\n","protected":false},"excerpt":{"rendered":"Justin Theroux: Skuespilleren setter fyr p\u00e5 nettet &#8211; flere mener at det har skjedd en stor endring. ENDRING:&hellip;\n","protected":false},"author":2,"featured_media":111048,"comment_status":"","ping_status":"","sticky":false,"template":"","format":"standard","meta":{"footnotes":""},"categories":[58],"tags":[4104,71,8469,479,30,28,29,6561,7920,72],"class_list":{"0":"post-111047","1":"post","2":"type-post","3":"status-publish","4":"format-standard","5":"has-post-thumbnail","7":"category-underholdning","8":"tag-eksklusivt","9":"tag-entertainment","10":"tag-justin-theroux","11":"tag-kjendis","12":"tag-no","13":"tag-norge","14":"tag-norway","15":"tag-skjegg","16":"tag-ugjenkjennelig","17":"tag-underholdning"},"share_on_mastodon":{"url":"https:\/\/pubeurope.com\/@no\/115705275263697601","error":""},"_links":{"self":[{"href":"https:\/\/www.europesays.com\/no\/wp-json\/wp\/v2\/posts\/111047","targetHints":{"allow":["GET"]}}],"collection":[{"href":"https:\/\/www.europesays.com\/no\/wp-json\/wp\/v2\/posts"}],"about":[{"href":"https:\/\/www.europesays.com\/no\/wp-json\/wp\/v2\/types\/post"}],"author":[{"embeddable":true,"href":"https:\/\/www.europesays.com\/no\/wp-json\/wp\/v2\/users\/2"}],"replies":[{"embeddable":true,"href":"https:\/\/www.europesays.com\/no\/wp-json\/wp\/v2\/comments?post=111047"}],"version-history":[{"count":0,"href":"https:\/\/www.europesays.com\/no\/wp-json\/wp\/v2\/posts\/111047\/revisions"}],"wp:featuredmedia":[{"embeddable":true,"href":"https:\/\/www.europesays.com\/no\/wp-json\/wp\/v2\/media\/111048"}],"wp:attachment":[{"href":"https:\/\/www.europesays.com\/no\/wp-json\/wp\/v2\/media?parent=111047"}],"wp:term":[{"taxonomy":"category","embeddable":true,"href":"https:\/\/www.europesays.com\/no\/wp-json\/wp\/v2\/categories?post=111047"},{"taxonomy":"post_tag","embeddable":true,"href":"https:\/\/www.europesays.com\/no\/wp-json\/wp\/v2\/tags?post=111047"}],"curies":[{"name":"wp","href":"https:\/\/api.w.org\/{rel}","templated":true}]}}