{"id":111049,"date":"2025-12-12T06:56:17","date_gmt":"2025-12-12T06:56:17","guid":{"rendered":"https:\/\/www.europesays.com\/no\/111049\/"},"modified":"2025-12-12T06:56:17","modified_gmt":"2025-12-12T06:56:17","slug":"maria-corina-machados-hjemreise-blir-ekstremt-farlig","status":"publish","type":"post","link":"https:\/\/www.europesays.com\/no\/111049\/","title":{"rendered":"Maria Corina Machados hjemreise blir ekstremt farlig"},"content":{"rendered":"\n<ul class=\"_list_o9xde_3 _list_64s2r_85 _unordered_o9xde_106 text-sans-m\">\n<li class=\"_item_o9xde_30\">Fredsprisvinneren risikerer stor fare ved hjemreise til Venezuela.<\/li>\n<li class=\"_item_o9xde_30\">Eksperter VG har snakket med tror hun mener alvor av \u00e5 dra tilbake. <\/li>\n<li class=\"_item_o9xde_30\">UiO-professor Benedicte Bull skisserer to mulige veier tilbake. <\/li>\n<\/ul>\n<p>Vis mer <\/p>\n<p class=\"_paragraph_o9xde_4 _paragraph_xtcu6_10 layout-component text-serif-m layout-normal text-serif-m layout-padded\">Ti timers hemmelig biltransport, fiskeb\u00e5t, d\u00e5rlig v\u00e6r, privatfly og en parykk. <\/p>\n<p class=\"_paragraph_o9xde_4 _paragraph_xtcu6_10 layout-component text-serif-m layout-normal text-serif-m layout-padded\"><strong class=\"_strong_o9xde_25\">Nobelprisvinnerens <a href=\"https:\/\/www.vg.no\/nyheter\/i\/V6Rkd3\/fredsprisvinneren-i-norge-etter-dramatisk-flukt\" data-track-element-type=\"Link\" data-track-id=\"link:V6Rkd3\" class=\"_link_o9xde_39\" rel=\"nofollow noopener\" target=\"_blank\">angivelige fluktrute <\/a>var strabasi\u00f8s. <\/strong><\/p>\n<p class=\"_paragraph_o9xde_4 _paragraph_xtcu6_10 layout-component text-serif-m layout-normal text-serif-m layout-padded\">Likevel har opposisjonslederen lovet \u00e5 dra tilbake igjen til hjemlandet. <\/p>\n<p class=\"_paragraph_o9xde_4 _paragraph_xtcu6_10 layout-component text-serif-m layout-normal text-serif-m layout-padded\">VG stilte Machado f\u00f8lgende sp\u00f8rsm\u00e5l torsdag:<\/p>\n<p class=\"_paragraph_o9xde_4 _paragraph_xtcu6_10 layout-component text-serif-m layout-normal text-serif-m layout-padded\">\u2013 Du valgte \u00e5 dra til Oslo. Hva om du ikke kan reise tilbake igjen? Vil ditt frav\u00e6r p\u00e5 bakken svekke motstanden?<\/p>\n<p><img alt=\"LOVER RETUR: Maria Corina Machado lover \u00e5 komme tilbake til Venezuela. Men hvordan skal hun komme seg tilbake?   Foto: ODD ANDERSEN \/ AFP \/ NTB\" class=\"_image_qp4xg_65 layout-component layout-normal\" data-fullscreen- data-track-element-type=\"Article image fullscreen\" data-track-name=\"ImageFullscreen\" decoding=\"async\" loading=\"lazy\" height=\"2360\" itemprop=\"image\"  src=\"https:\/\/www.europesays.com\/no\/wp-content\/uploads\/2025\/12\/4fd1cc8d-eb04-4db3-9143-7e3cf286e1af\"  style=\"object-position:0% 0%\" width=\"3910\"\/>LOVER RETUR: Maria Corina Machado lover \u00e5 komme tilbake til Venezuela. Men hvordan skal hun komme seg tilbake?   Foto: ODD ANDERSEN \/ AFP \/ NTB<\/p>\n<p class=\"_paragraph_o9xde_4 _paragraph_xtcu6_10 layout-component text-serif-m layout-normal text-serif-m layout-padded\">\u2013 Det var en beslutning vi reflekterte grundig over. Selvf\u00f8lgelig mener de som er glade i meg, og som bryr seg om meg, at det ikke var n\u00f8dvendig at jeg dro. Jeg er uenig. Det var en av de viktigste og mest presserende beslutningene jeg har m\u00e5ttet ta. Jeg m\u00e5tte v\u00e6re her. Jeg mener at risikoen, selv om den var sv\u00e6rt h\u00f8y, var verdt det. Det er det alltid, sier Machado. <\/p>\n<p class=\"_paragraph_o9xde_4 _paragraph_xtcu6_10 layout-component text-serif-m layout-normal text-serif-m layout-padded\"><strong class=\"_strong_o9xde_25\">\u2013 Og jeg kommer tilbake til Venezuela. Det er jeg ikke i tvil om.<\/strong><\/p>\n<p class=\"_paragraph_o9xde_4 _paragraph_xtcu6_10 layout-component text-serif-m layout-normal text-serif-m layout-padded\">Datteren tok onsdag imot fredsprisen<a href=\"https:\/\/www.vg.no\/nyheter\/i\/RjxEna\/tar-imot-fredsprisen-jeg-er-her-for-moren-min\" data-track-element-type=\"Link\" data-track-id=\"link:RjxEna\" class=\"_link_o9xde_39\" rel=\"nofollow noopener\" target=\"_blank\"> p\u00e5 vegne av moren<\/a>, som ikke rakk seremonien.<\/p>\n<p>SAMMEN I OSLO: Fredsprisvinner Maria Corina Machado sammen med datteren Ana Cornia Sosa.  Foto: Leonhard Foeger \/ Reuters \/ NTB<\/p>\n<p>\u2013 Veldig farlig<\/p>\n<p class=\"_paragraph_o9xde_4 _paragraph_xtcu6_10 layout-component text-serif-m layout-normal text-serif-m layout-padded\">Returen blir alt annet enn enkel, if\u00f8lge UiO-professor Benedicte Bull:<\/p>\n<p class=\"_paragraph_o9xde_4 _paragraph_xtcu6_10 layout-component text-serif-m layout-normal text-serif-m layout-padded\"><strong class=\"_strong_o9xde_25\">\u2013 \u00c5 komme seg inn igjen blir nok et stort problem, lokale myndigheter kommer til \u00e5 v\u00e6re veldig p\u00e5 vakt. <\/strong><\/p>\n<p class=\"_paragraph_o9xde_4 _paragraph_xtcu6_10 layout-component text-serif-m layout-normal text-serif-m layout-padded\">\u2013 Dette krever kreativitet. Det viser jo m\u00e5ten hun kom <a href=\"https:\/\/www.vg.no\/nyheter\/i\/V6Rkd3\/fredsprisvinneren-i-norge-etter-dramatisk-flukt\" data-track-element-type=\"Link\" data-track-id=\"link:V6Rkd3\" class=\"_link_o9xde_39\" rel=\"nofollow noopener\" target=\"_blank\">seg ut <\/a>p\u00e5, p\u00e5 mirakul\u00f8st vis. Det har ikke v\u00e6rt enkelt og det er veldig farlig.<\/p>\n<p class=\"_paragraph_o9xde_4 _paragraph_xtcu6_10 layout-component text-serif-m layout-normal text-serif-m layout-padded\"><strong class=\"_strong_o9xde_25\">Men hvilken rute kan hun ta hjem? <\/strong><\/p>\n<p class=\"_paragraph_o9xde_4 _paragraph_xtcu6_10 layout-component text-serif-m layout-normal text-serif-m layout-padded\">Bull skisserer to muligheter: Landveien via Colombia \u2013 eller sj\u00f8veien.<\/p>\n<p><img decoding=\"async\" alt=\"Bilde av Benedicte Bull\" class=\"_image_ygndg_42\" height=\"27\" itemprop=\"image\" loading=\"lazy\"  src=\"https:\/\/www.europesays.com\/no\/wp-content\/uploads\/2025\/12\/33dd101a-e884-4364-8d2c-8a9694c88d5e\"  width=\"40\"\/><strong class=\"_name_ygndg_51 title-serif-xs\">Benedicte Bull<\/strong><\/p>\n<p class=\"_paragraph_o9xde_4 text-sans-m _description_ygndg_56\">Statsviter og UiO-professor<\/p>\n<p class=\"_paragraph_o9xde_4 _paragraph_xtcu6_10 layout-component text-serif-m layout-normal text-serif-m layout-padded\">\u2013 \u00c5 fly hjem blir vanskelig. Den vanligste veien inn er over grensen til Colombia, den er lang, og det er mange steder \u00e5 komme over. <\/p>\n<p class=\"_paragraph_o9xde_4 _paragraph_xtcu6_10 layout-component text-serif-m layout-normal text-serif-m layout-padded\">\u2013 Det sp\u00f8rs ogs\u00e5 hvor hun skal i Venezuela. Caracas er mye n\u00e6rmere kysten. Der ligger ogs\u00e5 flere amerikanske krigsskip, sier Bull. <\/p>\n<p>\u00abRasende\u00bb<\/p>\n<p class=\"_paragraph_o9xde_4 _paragraph_xtcu6_10 layout-component text-serif-m layout-normal text-serif-m layout-padded\">Men selv om USA styrker sitt milit\u00e6re n\u00e6rv\u00e6r, peker professoren p\u00e5 en mye farligere situasjon i Venezuela n\u00e5 enn for kort tid siden. <\/p>\n<p class=\"_paragraph_o9xde_4 _paragraph_xtcu6_10 layout-component text-serif-m layout-normal text-serif-m layout-padded\"><strong class=\"_strong_o9xde_25\">\u2013 Myndighetene er rasende, for \u00e5 si det forsiktig. Retorikk og praksis har forverret seg betydelig de siste m\u00e5nedene, og det hadde allerede blitt mye verre etter valget i 2024. <\/strong><\/p>\n<p class=\"_paragraph_o9xde_4 _paragraph_xtcu6_10 layout-component text-serif-m layout-normal text-serif-m layout-padded\">\u2013 Tror du hun egentlig dro ut fordi hun vil s\u00f8ke asyl i Europa eller USA?<\/p>\n<p class=\"_paragraph_o9xde_4 _paragraph_xtcu6_10 layout-component text-serif-m layout-normal text-serif-m layout-padded\">\u2013 Hadde det v\u00e6rt en hvilken som helst annen \u2013 ja. Men hun har flere ganger sagt \u00abhasta el final\u00bb, at hun skal kjempe \u00abtil slutten\u00bb, og jeg tror faktisk hun mener det. Hun er drevet av verdier, og vil fors\u00f8ke \u00e5 f\u00e5 det til.<\/p>\n<p class=\"_paragraph_o9xde_4 _paragraph_xtcu6_10 layout-component text-serif-m layout-normal text-serif-m layout-padded\">Dette betyr at Machado m\u00e5 fortsette \u00e5 leve i skjul, slik hun har gjort i lang tid, etter at hun ble fratatt sine politiske rettigheter. <\/p>\n<p><img alt=\"SIST SETT OFFENTLIG: Maria Corina Machado ble sist sett offentlig i hjemlandet under en protest i anledning presidentinnsettelsen i Caracas i januar 2025, hvor Nicol\u00e1s Maduro ble innsatt som Venezuelas president for en tredje seks\u00e5rsperiode.   Foto: Matias Delacroix \/ AP \/ NTB\" class=\"_image_qp4xg_65 layout-component layout-normal\" data-fullscreen- data-track-element-type=\"Article image fullscreen\" data-track-name=\"ImageFullscreen\" decoding=\"async\" loading=\"lazy\" height=\"1874\" itemprop=\"image\"  src=\"https:\/\/www.europesays.com\/no\/wp-content\/uploads\/2025\/12\/55a51333-e05d-4fe5-b124-3945314faad0\"  style=\"object-position:0% 0%\" width=\"2656\"\/>SIST SETT OFFENTLIG: Maria Corina Machado ble sist sett offentlig i hjemlandet under en protest i anledning presidentinnsettelsen i Caracas i januar 2025, hvor Nicol\u00e1s Maduro ble innsatt som Venezuelas president for en tredje seks\u00e5rsperiode.   Foto: Matias Delacroix \/ AP \/ NTB<\/p>\n<p class=\"_paragraph_o9xde_4 _paragraph_xtcu6_10 layout-component text-serif-m layout-normal text-serif-m layout-padded\">\u2013 Hun har levd under veldig vanskelige forhold lenge, sier Bull, og legger til: <\/p>\n<p class=\"_paragraph_o9xde_4 _paragraph_xtcu6_10 layout-component text-serif-m layout-normal text-serif-m layout-padded\">\u2013 Det har g\u00e5tt rykter om en presidentinnsettelse av Edmundo Gonz\u00e1lez, og det kan hende de kommer til \u00e5 gj\u00f8re det, alts\u00e5 lage en eksilregjering. Men jeg tror Machado har kommet hit for \u00e5 styrke troen hos sine f\u00f8lgere, vise at hun tar sjanser, ikke for \u00e5 s\u00f8ke asyl, sier Bull. <\/p>\n<p>Omstridt valgresultat <\/p>\n<ul class=\"_list_o9xde_3 _list_xtcu6_9 _list_16v91_9 _unordered_o9xde_106 layout-component text-serif-m layout-normal text-sans-m layout-padded\">\n<li class=\"_item_o9xde_30\">President Nicol\u00e1s Maduro har sittet ved makten siden 2013. I juli 2024 vant han igjen valget med 51,2 prosent av stemmene, if\u00f8lge valgmyndighetene. <\/li>\n<li class=\"_item_o9xde_30\">Opposisjonen, p\u00e5 sin side, hevder at deres kandidat Edmundo Gonz\u00e1lez vant 2024-valget.<\/li>\n<li class=\"_item_o9xde_30\">Amerikanske myndigheter avviste ogs\u00e5 valgresultatet og anerkjente opposisjonen som vinnere. <\/li>\n<\/ul>\n<p>Vis merFikk hjelp fra USA<\/p>\n<p class=\"_paragraph_o9xde_4 _paragraph_xtcu6_10 layout-component text-serif-m layout-normal text-serif-m layout-padded\">Machado har ikke v\u00e6rt ute av hjemlandet p\u00e5 15 \u00e5r. Torsdag har hun v\u00e6rt Oslo rundt, og blant annet <a href=\"https:\/\/www.vg.no\/nyheter\/i\/Gx1KdB\/fredsprisvinneren-moeter-stoere\" data-track-element-type=\"Link\" data-track-id=\"link:Gx1KdB\" class=\"_link_o9xde_39\" rel=\"nofollow noopener\" target=\"_blank\">m\u00f8tt statsminister Jonas Gahr St\u00f8re.<\/a><\/p>\n<p class=\"_paragraph_o9xde_4 _paragraph_xtcu6_10 layout-component text-serif-m layout-normal text-serif-m layout-padded\">Under en pressekonferanse bekrefter Machado at hun fikk amerikansk bistand for \u00e5 komme seg ut av hjemlandet Venezuela. Ellers har prisvinneren og apparatet hennes v\u00e6rt sv\u00e6rt hemmelighetsfulle.<\/p>\n<p class=\"_paragraph_o9xde_4 _paragraph_xtcu6_10 layout-component text-serif-m layout-normal text-serif-m layout-padded\"><a href=\"https:\/\/www.vg.no\/nyheter\/i\/V6Rkd3\/fredsprisvinneren-i-norge-etter-dramatisk-flukt\" data-track-element-type=\"Link\" data-track-id=\"link:V6Rkd3\" class=\"_link_o9xde_39\" rel=\"nofollow noopener\" target=\"_blank\">Her <\/a>kan du lese mer om den dramatiske flukten.<\/p>\n<p> Statsviter: Trump vil bruke Machado<\/p>\n<p class=\"_paragraph_o9xde_4 _paragraph_xtcu6_10 layout-component text-serif-m layout-normal text-serif-m layout-padded\">\u2013 Skal hun ha noen troverdighet, m\u00e5 hun tilbake, sier statsviter og Venezuela-ekspert Vegard Bye til VG.<\/p>\n<p class=\"_paragraph_o9xde_4 _paragraph_xtcu6_10 layout-component text-serif-m layout-normal text-serif-m layout-padded\">Han har i flere ti\u00e5r arbeidet med latinamerikanske sp\u00f8rsm\u00e5l og er tidligere SV-politiker. <\/p>\n<p class=\"_paragraph_o9xde_4 _paragraph_xtcu6_10 layout-component text-serif-m layout-normal text-serif-m layout-padded\">Bye tror Trump kan komme til \u00e5 bruke Machado som en brikke i et spill om \u00e5 f\u00e5 til en forhandlingsl\u00f8sning med sittende president Maduro.<\/p>\n<p>Et land i krise<\/p>\n<ul class=\"_list_o9xde_3 _list_xtcu6_9 _list_16v91_9 _unordered_o9xde_106 layout-component text-serif-m layout-normal text-sans-m layout-padded\">\n<li class=\"_item_o9xde_30\">President Nicol\u00e1s Maduro styrer Venezuela med hard h\u00e5nd. Hans tredje valgseier i fjor er ikke anerkjent av opposisjonen, EU, USA og en rekke latinamerikanske land.<\/li>\n<li class=\"_item_o9xde_30\">Den politiske splittelsen er stor. Under Maduro er flere opposisjonspolitikere blitt fengslet, mens andre har dradd i eksil. N\u00e6r \u00e5tte millioner har flyttet fra landet siden 2015, if\u00f8lge FN.<\/li>\n<li class=\"_item_o9xde_30\">Venezuelas oljereserver er blant de st\u00f8rste i verden, men landet har i flere \u00e5r v\u00e6rt rammet av \u00f8konomisk og humanit\u00e6r krise, preget av sterk inflasjon.<\/li>\n<\/ul>\n<p>Vis mer<\/p>\n<p class=\"_paragraph_o9xde_4 _paragraph_xtcu6_10 layout-component text-serif-m layout-normal text-serif-m layout-padded\">\u2013 Trumps strategi er \u00e5 komme seg ut av denne milit\u00e6re og h\u00e5pl\u00f8se situasjonen han er i, som MAGA-bevegelsen er sterkt imot, og satse p\u00e5 en eller annen form for dialog. <\/p>\n<p class=\"_paragraph_o9xde_4 _paragraph_xtcu6_10 layout-component text-serif-m layout-normal text-serif-m layout-padded\">\u2013 Kanskje en forhandlingsl\u00f8sning som gj\u00f8r at hun kan komme tilbake, sier Bye, og legger til:<\/p>\n<p class=\"_paragraph_o9xde_4 _paragraph_xtcu6_10 layout-component text-serif-m layout-normal text-serif-m layout-padded\"><strong class=\"_strong_o9xde_25\">\u2013 Vi m\u00e5 ogs\u00e5 huske p\u00e5 at Trump ikke er interessert i demokrati. Han vil ha kontroll over oljen, gullet, mineralene. Han tror kanskje ogs\u00e5 at hun tok fra ham fredsprisen.<\/strong><\/p>\n<p class=\"_paragraph_o9xde_4 _paragraph_xtcu6_10 layout-component text-serif-m layout-normal text-serif-m layout-padded\">Bye vil ikke spekulere i hvor hjemreisen g\u00e5r.<\/p>\n<p class=\"_paragraph_o9xde_4 _paragraph_xtcu6_10 layout-component text-serif-m layout-normal text-serif-m layout-padded\">\u2013 Du f\u00e5r ringe CIA. <\/p>\n<p>\u2013 Fantastisk dramaturgi<\/p>\n<p class=\"_paragraph_o9xde_4 _paragraph_xtcu6_10 layout-component text-serif-m layout-normal text-serif-m layout-padded\">Han synes imidlertid det er p\u00e5fallende at hun ventet til s\u00f8ndag med \u00e5 reise til Norge.<\/p>\n<p class=\"_paragraph_o9xde_4 _paragraph_xtcu6_10 layout-component text-serif-m layout-normal text-serif-m layout-padded\">\u2013 Det ble i hvert fall en fantastisk dramaturgi rundt dette, sier han, uten \u00e5 ville spekulere mer i hvordan hun kom seg ut. <\/p>\n<p>Derfor er Machado omstridt:<\/p>\n<p class=\"_paragraph_o9xde_4 _paragraph_xtcu6_10 _paragraph_16v91_10 layout-component text-serif-m layout-normal text-sans-m layout-padded\">Fredsprisvinneren\u00a0<a href=\"https:\/\/www.vg.no\/i\/Gx1BQ9\" data-track-element-type=\"Link\" data-track-id=\"link:Gx1BQ9\" class=\"_link_o9xde_39\" rel=\"nofollow noopener\" target=\"_blank\">er omstridt<\/a>. Mange har reagert p\u00e5 at hun, som har v\u00e6rt\u00a0<a href=\"https:\/\/www.vg.no\/nyheter\/i\/Gx1BQ9\/nobels-fredspris-2025-hvem-kommer-til-prisutdelingen\" data-track-element-type=\"Link\" data-track-id=\"link:Gx1BQ9\" class=\"_link_o9xde_39\" rel=\"nofollow noopener\" target=\"_blank\">positiv til amerikansk inngripen<\/a>\u00a0i venezuelansk politikk, f\u00e5r en fredspris.<\/p>\n<p class=\"_paragraph_o9xde_4 _paragraph_xtcu6_10 _paragraph_16v91_10 layout-component text-serif-m layout-normal text-sans-m layout-padded\">Machado har uttrykt st\u00f8tte til USAs milit\u00e6re oppbygging i Karibia og tidligere president Donald Trumps trusler om maktbruk for \u00e5 fjerne Maduro.<\/p>\n<p class=\"_paragraph_o9xde_4 _paragraph_xtcu6_10 _paragraph_16v91_10 layout-component text-serif-m layout-normal text-sans-m layout-padded\">Tirsdag ettermiddag ble det arrangert en demonstrasjon i Oslos gater mot fredsprisvinneren, som ble omtalt som en krigshisser.<\/p>\n<p class=\"_paragraph_o9xde_4 _paragraph_xtcu6_10 _paragraph_16v91_10 layout-component text-serif-m layout-normal text-sans-m layout-padded\">Norges Fredsr\u00e5d, som tidligere har st\u00e5tt i bresjen for et tradisjonsrikt fakkeltog gjennom Oslos gater,\u00a0<a href=\"https:\/\/www.vg.no\/nyheter\/i\/Xjxagm\/norges-fredsraad-dropper-nobels-fredspris-fakkeltoget-i-protest\" data-track-element-type=\"Link\" data-track-id=\"link:Xjxagm\" class=\"_link_o9xde_39\" rel=\"nofollow noopener\" target=\"_blank\">trakk seg i \u00e5r<\/a>\u00a0fra fakkeltoget i protest.<\/p>\n<p>Vis mer<\/p>\n<p class=\"_paragraph_o9xde_4 _paragraph_xtcu6_10 layout-component text-serif-m layout-normal text-serif-m layout-padded\">If\u00f8lge <a href=\"https:\/\/www.bloomberg.com\/news\/articles\/2025-12-10\/nobel-winner-machado-leaves-venezuela-before-prize-ceremony?srnd=undefined&amp;sref=EROITBzT&amp;embedded-checkout=true\" class=\"_link_o9xde_39\" rel=\"nofollow noopener\" target=\"_blank\">Bloomberg<\/a> skal Machado ogs\u00e5 ha f\u00e5tt hjelp av medlemmer av president Nicol\u00e1s Maduros regime til \u00e5 forlate landet. <\/p>\n<p class=\"_paragraph_o9xde_4 _paragraph_xtcu6_10 layout-component text-serif-m layout-normal text-serif-m layout-padded\">\u2013 Jeg tror ikke at det er mulig \u00e5 f\u00e5 dette til, uten noen som helst forst\u00e5else fra lokale myndigheter. De har st\u00e5lkontroll p\u00e5 kyststripen. Hun m\u00e5 ogs\u00e5 ha hatt garantier fra USA om at en slik b\u00e5t ikke skulle angripes, sier Bye, som selv har reist med b\u00e5t fra nordkysten av Venezuela\u00a0til Cura\u00e7ao.<\/p>\n<p><img alt=\"Kystvaktfart\u00f8y patruljerer utenfor kysten av Cura\u00e7ao.  Foto: LUIS ACOSTA \/ AFP \/ NTB\" class=\"_image_qp4xg_65 layout-component layout-normal\" data-fullscreen- data-track-element-type=\"Article image fullscreen\" data-track-name=\"ImageFullscreen\" decoding=\"async\" loading=\"lazy\" height=\"1756\" itemprop=\"image\"  src=\"https:\/\/www.europesays.com\/no\/wp-content\/uploads\/2025\/12\/1765522577_879_ba8d0c6c-acfc-46c6-a332-5d85a76251bc\"  style=\"object-position:0% 0%\" width=\"2898\"\/>Kystvaktfart\u00f8y patruljerer utenfor kysten av Cura\u00e7ao.  Foto: LUIS ACOSTA \/ AFP \/ NTB<\/p>\n<p class=\"_paragraph_o9xde_4 _paragraph_xtcu6_10 layout-component text-serif-m layout-normal text-serif-m layout-padded\">Flere medier har skrevet at prisvinneren planlegger \u00e5 v\u00e6re noen dager i Oslo f\u00f8r hun skal reise videre i Europa. <\/p>\n<p class=\"_paragraph_o9xde_4 _paragraph_xtcu6_10 layout-component text-serif-m layout-normal text-serif-m layout-padded\"> <strong class=\"_strong_o9xde_25\">\u2013 Jeg f\u00e5r en del invitasjoner, men jeg tar en dag av gangen. Det var mye usikkerhet om jeg kunne komme hit, s\u00e5 jeg har ikke lagt s\u00e5 mange planer, sa hun til pressen torsdag.<\/strong><\/p>\n","protected":false},"excerpt":{"rendered":"Fredsprisvinneren risikerer stor fare ved hjemreise til Venezuela. Eksperter VG har snakket med tror hun mener alvor av&hellip;\n","protected":false},"author":2,"featured_media":111050,"comment_status":"","ping_status":"","sticky":false,"template":"","format":"standard","meta":{"footnotes":""},"categories":[5],"tags":[20,21,8227,2823,55,24,25,15,19,201,22,23,17,18,8707,13,4037,30,1125,28,29,14,16,26,27,50,95],"class_list":{"0":"post-111049","1":"post","2":"type-post","3":"status-publish","4":"format-standard","5":"has-post-thumbnail","7":"category-overskrifter","8":"tag-breaking-news","9":"tag-breakingnews","10":"tag-caracas","11":"tag-colombia","12":"tag-donald-trump","13":"tag-featured-news","14":"tag-featurednews","15":"tag-headlines","16":"tag-hovedoppslag","17":"tag-jonas-gahr-store","18":"tag-latest-news","19":"tag-latestnews","20":"tag-main-news","21":"tag-mainnews","22":"tag-maria-corina-machado","23":"tag-news","24":"tag-nicolas-maduro","25":"tag-no","26":"tag-nobels-fredspris","27":"tag-norge","28":"tag-norway","29":"tag-nyheter","30":"tag-overskrifter","31":"tag-top-stories","32":"tag-topstories","33":"tag-usa","34":"tag-venezuela"},"share_on_mastodon":{"url":"https:\/\/pubeurope.com\/@no\/115705294954046611","error":""},"_links":{"self":[{"href":"https:\/\/www.europesays.com\/no\/wp-json\/wp\/v2\/posts\/111049","targetHints":{"allow":["GET"]}}],"collection":[{"href":"https:\/\/www.europesays.com\/no\/wp-json\/wp\/v2\/posts"}],"about":[{"href":"https:\/\/www.europesays.com\/no\/wp-json\/wp\/v2\/types\/post"}],"author":[{"embeddable":true,"href":"https:\/\/www.europesays.com\/no\/wp-json\/wp\/v2\/users\/2"}],"replies":[{"embeddable":true,"href":"https:\/\/www.europesays.com\/no\/wp-json\/wp\/v2\/comments?post=111049"}],"version-history":[{"count":0,"href":"https:\/\/www.europesays.com\/no\/wp-json\/wp\/v2\/posts\/111049\/revisions"}],"wp:featuredmedia":[{"embeddable":true,"href":"https:\/\/www.europesays.com\/no\/wp-json\/wp\/v2\/media\/111050"}],"wp:attachment":[{"href":"https:\/\/www.europesays.com\/no\/wp-json\/wp\/v2\/media?parent=111049"}],"wp:term":[{"taxonomy":"category","embeddable":true,"href":"https:\/\/www.europesays.com\/no\/wp-json\/wp\/v2\/categories?post=111049"},{"taxonomy":"post_tag","embeddable":true,"href":"https:\/\/www.europesays.com\/no\/wp-json\/wp\/v2\/tags?post=111049"}],"curies":[{"name":"wp","href":"https:\/\/api.w.org\/{rel}","templated":true}]}}