{"id":111063,"date":"2025-12-12T07:11:28","date_gmt":"2025-12-12T07:11:28","guid":{"rendered":"https:\/\/www.europesays.com\/no\/111063\/"},"modified":"2025-12-12T07:11:28","modified_gmt":"2025-12-12T07:11:28","slug":"debatt-lillehammer-ishockeyklubb-feil-hockey-fokus","status":"publish","type":"post","link":"https:\/\/www.europesays.com\/no\/111063\/","title":{"rendered":"Debatt, Lillehammer Ishockeyklubb | Feil hockey-fokus!"},"content":{"rendered":"\n<p>Det er mykje sutring i avisa om kor d\u00e5rleg oppm\u00f8te det var av LIK-fans p\u00e5 bortekampen mot Storhamar og kor d\u00e5rleg det st\u00e5r til med LIK for tida. Ekstra ille var det at det vart arrangert showkamp og fest med gamal eurodance-musikk.<\/p>\n<p>Sj\u00f8lvsagt gnukkar GD og HA p\u00e5 dette, og algoritmane p\u00e5 sosiale media gler seg over fleire treff og sure kommentarar.<\/p>\n<p>I staden for \u00e5 sj\u00e5 p\u00e5 A-lags kampen k\u00f8yrde eg buss tur\/retur Skedsmo med 22 fantastiske 8-\u00e5ringar p\u00e5 Lillehammers U9-lag. P\u00e5 miniturneringa tapte vi ogs\u00e5 s\u00e5 det song mot Storhamar, men vi hadde det g\u00f8y! Nokre av gutane reiste utan foreldre og fekk skikkeleg kjenne p\u00e5 meistring. Andre knyta nye venskap p\u00e5 tvers av kommunegrenser og utanfor eigen skulekrins. Alle var utslitne p\u00e5 veg heim, men kontoen for hockey-glede hadde blitt fylt opp. Det er vel slike opplevingar som byggjer LIK si framtid?<\/p>\n<p>Lillehammer Ishockeyklubb er s\u00e5 mykje meir enn A-laget. Eg skulle \u00f8nske fokuset l\u00e5g p\u00e5 alt det gode arbeidet som blir lagt ned i klubben v\u00e5r, p\u00e5 dei sportslege resultata til damelaget v\u00e5rt (som ligg p\u00e5 andreplass p\u00e5 tabellen \u2013 hurra!), p\u00e5 jentesatsinga, p\u00e5 hockeyskulen, og p\u00e5 alle turneringar og kampar vi stiller opp p\u00e5. Og eg skulle \u00f8nskje at GD brukte tid og spalteplass p\u00e5 dette, i staden for \u00e5 dyrke negativitet rundt klubben.<\/p>\n<p>Eg meiner sj\u00f8lvsagt at det er viktig at vi har eit A-lag. Guten min har to store idrettsheltar: Martin Ellingsen og Theo Rooseboom de Vries. At desse to, og A-laget, gjer det bra er viktig for han, men det viktigaste er at han kjenner tilh\u00f8yrsle til klubben og til sporten. D\u00e5 blir negativitet og \u00abalt var betre f\u00f8r\u00bb-haldningar ikkje spesielt motiverande. Kanskje vi alle saman kan g\u00e5 i oss sj\u00f8lve og ha eit anna fokus?<\/p>\n","protected":false},"excerpt":{"rendered":"Det er mykje sutring i avisa om kor d\u00e5rleg oppm\u00f8te det var av LIK-fans p\u00e5 bortekampen mot Storhamar&hellip;\n","protected":false},"author":2,"featured_media":111064,"comment_status":"","ping_status":"","sticky":false,"template":"","format":"standard","meta":{"footnotes":""},"categories":[59],"tags":[36,2767,37,5516,2898,30,28,29,1533,2208,83,82],"class_list":{"0":"post-111063","1":"post","2":"type-post","3":"status-publish","4":"format-standard","5":"has-post-thumbnail","7":"category-sport","8":"tag-art","9":"tag-barneidrett","10":"tag-debatt","11":"tag-lillehammer-ishockeyklubb","12":"tag-media","13":"tag-no","14":"tag-norge","15":"tag-norway","16":"tag-opinion","17":"tag-oppvekst","18":"tag-sport","19":"tag-sports"},"share_on_mastodon":{"url":"https:\/\/pubeurope.com\/@no\/115705353552649581","error":""},"_links":{"self":[{"href":"https:\/\/www.europesays.com\/no\/wp-json\/wp\/v2\/posts\/111063","targetHints":{"allow":["GET"]}}],"collection":[{"href":"https:\/\/www.europesays.com\/no\/wp-json\/wp\/v2\/posts"}],"about":[{"href":"https:\/\/www.europesays.com\/no\/wp-json\/wp\/v2\/types\/post"}],"author":[{"embeddable":true,"href":"https:\/\/www.europesays.com\/no\/wp-json\/wp\/v2\/users\/2"}],"replies":[{"embeddable":true,"href":"https:\/\/www.europesays.com\/no\/wp-json\/wp\/v2\/comments?post=111063"}],"version-history":[{"count":0,"href":"https:\/\/www.europesays.com\/no\/wp-json\/wp\/v2\/posts\/111063\/revisions"}],"wp:featuredmedia":[{"embeddable":true,"href":"https:\/\/www.europesays.com\/no\/wp-json\/wp\/v2\/media\/111064"}],"wp:attachment":[{"href":"https:\/\/www.europesays.com\/no\/wp-json\/wp\/v2\/media?parent=111063"}],"wp:term":[{"taxonomy":"category","embeddable":true,"href":"https:\/\/www.europesays.com\/no\/wp-json\/wp\/v2\/categories?post=111063"},{"taxonomy":"post_tag","embeddable":true,"href":"https:\/\/www.europesays.com\/no\/wp-json\/wp\/v2\/tags?post=111063"}],"curies":[{"name":"wp","href":"https:\/\/api.w.org\/{rel}","templated":true}]}}