{"id":111073,"date":"2025-12-12T07:28:12","date_gmt":"2025-12-12T07:28:12","guid":{"rendered":"https:\/\/www.europesays.com\/no\/111073\/"},"modified":"2025-12-12T07:28:12","modified_gmt":"2025-12-12T07:28:12","slug":"fiskeri-arbeidsliv-knuser-rekord-motiverer","status":"publish","type":"post","link":"https:\/\/www.europesays.com\/no\/111073\/","title":{"rendered":"Fiskeri, Arbeidsliv | Knuser rekord: \u2013 Motiverer"},"content":{"rendered":"\n<p>For to \u00e5r siden feiret bod\u00f8selskapet Nofir en \u00abmagisk grense\u00bb p\u00e5 400 konteinere med fiskeri- og oppdrettsredskap. For en uke siden var de allerede 100 over.<\/p>\n<p>Skutt fart<\/p>\n<p>Nofir, som samler inn og gjenvinner kasserte fiske- og oppdrettsredskap som n\u00f8ter, garn og tr\u00e5ler, omdanner dette til nye r\u00e5varer og produkter, noe som bidrar til en sirkul\u00e6r \u00f8konomi og minimerer plastforurensing.<\/p>\n<p>\u2013 Det samles inn og gjenvinnes mer enn noensinne. Vi sier det vel hvert \u00e5r, men det gr\u00f8nne arbeidet i de bl\u00e5 n\u00e6ringene har virkelig skutt fart de siste par \u00e5rene, sier innkj\u00f8psansvarlig i Nofir, Kristian Sandbakk Hansen, i en pressemelding. <\/p>\n<p>Hvor mange tonn redskap de ender opp p\u00e5, gjenst\u00e5r \u00e5 se. Til sammenligning har de satt stadige rekorder de siste par \u00e5rene, med 8521 tonn i 2024 og 8212 tonn i 2023, og flere av de store oppdrettsredskapene er p\u00e5 vei mot rekord.<\/p>\n<p>Sandbakk peker p\u00e5 flere \u00e5rsaker til at det gjenvinnes mer og mer. Han mener blant annet at det kommer av \u00f8kt bevissthet hos produsentene, som i st\u00f8rre grad velger riktige materialer allerede i designfasen.<\/p>\n<p>Videre peker han p\u00e5 mer bevissthet hos oppdrettere og fiskere, tettere samarbeid gjennom hele verdikjeden, flere og bedre l\u00f8sninger for materialgjenvinning og \u00f8kt kapasitet i organisasjoner.<\/p>\n<p>\u2013 Slike tall var utenkelig<\/p>\n<p>Innkj\u00f8pssjefen kaller det en \u00abpositiv spiral\u00bb. N\u00e5r mer blir gjenvunnet, \u00f8ker motivasjonen for \u00e5 f\u00e5 ting til gjenvinning. Det f\u00f8rer igjen til flere produkter med et design som enklere kan bli om til noe nytt.<\/p>\n<p>\u2013 Til sjuende og sist er dette en fj\u00e6r i hatten til n\u00e6ringa, og det unike samarbeidet vi har f\u00e5tt med hele verdikjeden. Det beviser at det meste er mulig, for slike tall var utenkelige for ikke lenge siden. Forh\u00e5pentligvis motiverer det i andre utfordringer vi st\u00e5r ovenfor ogs\u00e5, avslutter Sandbakk Hansen.<\/p>\n","protected":false},"excerpt":{"rendered":"For to \u00e5r siden feiret bod\u00f8selskapet Nofir en \u00abmagisk grense\u00bb p\u00e5 400 konteinere med fiskeri- og oppdrettsredskap. For&hellip;\n","protected":false},"author":2,"featured_media":111074,"comment_status":"","ping_status":"","sticky":false,"template":"","format":"standard","meta":{"footnotes":""},"categories":[56],"tags":[465,36,60,61,3288,11306,62,30,13626,28,29,1510],"class_list":{"0":"post-111073","1":"post","2":"type-post","3":"status-publish","4":"format-standard","5":"has-post-thumbnail","7":"category-naeringsliv","8":"tag-arbeidsliv","9":"tag-art","10":"tag-business","11":"tag-economy","12":"tag-fiskeri","13":"tag-havbruk","14":"tag-naeringsliv","15":"tag-no","16":"tag-nofir","17":"tag-norge","18":"tag-norway","19":"tag-story"},"share_on_mastodon":{"url":"https:\/\/pubeurope.com\/@no\/115705420450003190","error":""},"_links":{"self":[{"href":"https:\/\/www.europesays.com\/no\/wp-json\/wp\/v2\/posts\/111073","targetHints":{"allow":["GET"]}}],"collection":[{"href":"https:\/\/www.europesays.com\/no\/wp-json\/wp\/v2\/posts"}],"about":[{"href":"https:\/\/www.europesays.com\/no\/wp-json\/wp\/v2\/types\/post"}],"author":[{"embeddable":true,"href":"https:\/\/www.europesays.com\/no\/wp-json\/wp\/v2\/users\/2"}],"replies":[{"embeddable":true,"href":"https:\/\/www.europesays.com\/no\/wp-json\/wp\/v2\/comments?post=111073"}],"version-history":[{"count":0,"href":"https:\/\/www.europesays.com\/no\/wp-json\/wp\/v2\/posts\/111073\/revisions"}],"wp:featuredmedia":[{"embeddable":true,"href":"https:\/\/www.europesays.com\/no\/wp-json\/wp\/v2\/media\/111074"}],"wp:attachment":[{"href":"https:\/\/www.europesays.com\/no\/wp-json\/wp\/v2\/media?parent=111073"}],"wp:term":[{"taxonomy":"category","embeddable":true,"href":"https:\/\/www.europesays.com\/no\/wp-json\/wp\/v2\/categories?post=111073"},{"taxonomy":"post_tag","embeddable":true,"href":"https:\/\/www.europesays.com\/no\/wp-json\/wp\/v2\/tags?post=111073"}],"curies":[{"name":"wp","href":"https:\/\/api.w.org\/{rel}","templated":true}]}}