{"id":111075,"date":"2025-12-12T07:29:12","date_gmt":"2025-12-12T07:29:12","guid":{"rendered":"https:\/\/www.europesays.com\/no\/111075\/"},"modified":"2025-12-12T07:29:12","modified_gmt":"2025-12-12T07:29:12","slug":"fremmer-lovforslag-om-trekke-usa-ut-av-nato-skal-ikke-forsvare-sosialistiske-land","status":"publish","type":"post","link":"https:\/\/www.europesays.com\/no\/111075\/","title":{"rendered":"Fremmer lovforslag om trekke USA ut av NATO:\u00a0\u2013 Skal ikke forsvare sosialistiske land"},"content":{"rendered":"<p><strong>Republikaneren Thomas Massie fra Kentucky har fremmet et lovforslag som vil trekke USA ut av NATO-alliansen, og kaller forsvarssamarbeidet for \u00aben relikvie fra den kalde krigen\u00bb, melder <a href=\"https:\/\/thehill.com\/homenews\/house\/5642964-massie-introduces-nato-withdrawal-bill\/\" rel=\"nofollow noopener\" target=\"_blank\">The Hill<\/a>.<\/strong><\/p>\n<p>Massie f\u00e5r st\u00f8tte fra representanten Anna Paulina Luna fra Florida, som har sagt hun vil st\u00f8tte lovforslaget. I Senatet har Mike Lee fra Utah fremmet et parallelt forslag.<\/p>\n<p>\u2013\u00a0NATO er en relikvie fra den kalde krigen. Vi b\u00f8r trekke oss ut av NATO og bruke pengene p\u00e5 \u00e5 forsvare v\u00e5rt eget land, ikke sosialistiske land, sa Massie i en uttalelse if\u00f8lge The Hill.<\/p>\n<p>Han argumenterte med at NATO ble opprettet for \u00e5 motvirke Sovjetunionen, som kollapset for over 30 \u00e5r siden.<\/p>\n<p>\u2013\u00a0Siden den gang har USAs deltakelse kostet skattebetalerne billioner av dollar og fortsetter \u00e5 risikere USAs involvering i utenlandske kriger, la han til.<\/p>\n<p>\u2013\u00a0Amerika skal ikke v\u00e6re verdens sikkerhetsteppe, spesielt ikke n\u00e5r velst\u00e5ende land nekter \u00e5 betale for sitt eget forsvar, sa han.<\/p>\n<p>Lovforslaget, kjent som NATO Act, ville ikke bare trekke USA ut av alliansen, men ogs\u00e5 forhindre bruken av amerikanske skattebetaleres midler til NATOs felles budsjetter, inkludert det sivile budsjettet, det milit\u00e6re budsjettet og Security Investment Program.<\/p>\n<p>Initiativet kommer samtidig som medlemslandene allerede har signalisert mistillit til Trump midt i fredsforhandlinger for \u00e5 avslutte krigen i Ukraina.<\/p>\n<p>Massie, som har v\u00e6rt uenig med Trump ved flere anledninger, argumenterer for at NATOs opprinnelige form\u00e5l fra den kalde krigen ikke lenger er i tr\u00e5d med amerikanske nasjonale sikkerhetsinteresser.<\/p>\n","protected":false},"excerpt":{"rendered":"Republikaneren Thomas Massie fra Kentucky har fremmet et lovforslag som vil trekke USA ut av NATO-alliansen, og kaller&hellip;\n","protected":false},"author":2,"featured_media":111076,"comment_status":"","ping_status":"","sticky":false,"template":"","format":"standard","meta":{"footnotes":""},"categories":[12],"tags":[20,21,24,25,15,22,23,233,13,30,28,29,14,16,188,26,27,50,42,43,44,45],"class_list":{"0":"post-111075","1":"post","2":"type-post","3":"status-publish","4":"format-standard","5":"has-post-thumbnail","7":"category-verden","8":"tag-breaking-news","9":"tag-breakingnews","10":"tag-featured-news","11":"tag-featurednews","12":"tag-headlines","13":"tag-latest-news","14":"tag-latestnews","15":"tag-nato","16":"tag-news","17":"tag-no","18":"tag-norge","19":"tag-norway","20":"tag-nyheter","21":"tag-overskrifter","22":"tag-russland","23":"tag-top-stories","24":"tag-topstories","25":"tag-usa","26":"tag-verden","27":"tag-world","28":"tag-world-news","29":"tag-worldnews"},"share_on_mastodon":{"url":"https:\/\/pubeurope.com\/@no\/115705424402571120","error":""},"_links":{"self":[{"href":"https:\/\/www.europesays.com\/no\/wp-json\/wp\/v2\/posts\/111075","targetHints":{"allow":["GET"]}}],"collection":[{"href":"https:\/\/www.europesays.com\/no\/wp-json\/wp\/v2\/posts"}],"about":[{"href":"https:\/\/www.europesays.com\/no\/wp-json\/wp\/v2\/types\/post"}],"author":[{"embeddable":true,"href":"https:\/\/www.europesays.com\/no\/wp-json\/wp\/v2\/users\/2"}],"replies":[{"embeddable":true,"href":"https:\/\/www.europesays.com\/no\/wp-json\/wp\/v2\/comments?post=111075"}],"version-history":[{"count":0,"href":"https:\/\/www.europesays.com\/no\/wp-json\/wp\/v2\/posts\/111075\/revisions"}],"wp:featuredmedia":[{"embeddable":true,"href":"https:\/\/www.europesays.com\/no\/wp-json\/wp\/v2\/media\/111076"}],"wp:attachment":[{"href":"https:\/\/www.europesays.com\/no\/wp-json\/wp\/v2\/media?parent=111075"}],"wp:term":[{"taxonomy":"category","embeddable":true,"href":"https:\/\/www.europesays.com\/no\/wp-json\/wp\/v2\/categories?post=111075"},{"taxonomy":"post_tag","embeddable":true,"href":"https:\/\/www.europesays.com\/no\/wp-json\/wp\/v2\/tags?post=111075"}],"curies":[{"name":"wp","href":"https:\/\/api.w.org\/{rel}","templated":true}]}}