{"id":11108,"date":"2025-08-18T08:43:25","date_gmt":"2025-08-18T08:43:25","guid":{"rendered":"https:\/\/www.europesays.com\/no\/11108\/"},"modified":"2025-08-18T08:43:25","modified_gmt":"2025-08-18T08:43:25","slug":"camilla-herrem-helse-herrem-apner-opp-om-kreftsykdommen-fortsatt-et-sjokk","status":"publish","type":"post","link":"https:\/\/www.europesays.com\/no\/11108\/","title":{"rendered":"Camilla Herrem, Helse | Herrem \u00e5pner opp om kreftsykdommen: \u2013 Fortsatt et sjokk"},"content":{"rendered":"\n<p>\u2013 Det var jo totalt sjokk. Det er fortsatt et sjokk, sier Herrem om kreftdiagnosen i et stort intervju med <a href=\"https:\/\/www.tv2.no\/spesialer\/sport\/camilla-herrem-brystkreft\" rel=\"Follow nofollow noopener\" target=\"_blank\">TV 2. <\/a><\/p>\n<p>Det var i slutten av juni at den folkekj\u00e6re h\u00e5ndballspilleren delte at hun hadde f\u00e5tt brystkreft.<\/p>\n<p>I intervjuet med TV 2 \u00e5pner hun opp om tiden etter hun delte den brutale beskjeden.<\/p>\n<p>\u2013 Kroppen har taklet cellegiften ganske bra \u2013 jeg er veldig takknemlig for det. Du har jo ikke peiling p\u00e5 hvordan det p\u00e5virker deg, sier hun.<\/p>\n<p>  <a href=\"https:\/\/www.oa.no\/5-35-1990221\" class=\"related-teaser has-image default-feature-teaser article--c-eRUmMG article--c-eRUmMG-jKCPdD-design-default\" rel=\"nofollow noopener\" target=\"_blank\"><\/p>\n<p>    <img decoding=\"async\" loading=\"lazy\"  src=\"https:\/\/www.europesays.com\/no\/wp-content\/uploads\/2025\/08\/IMG_0875.jpg\" alt=\"\" class=\"brick-c-cFOWSL\" style=\"\"\/><\/p>\n<p>\n            Les ogs\u00e5<\/p>\n<p>              Tronds siste ord: \u2013 Jeg vil jo selvf\u00f8lgelig s\u00e5 innmari leve videre\n        <\/p>\n<p>  <\/a><br \/>\n  H\u00e5ret er borte<\/p>\n<p>Siste runde med den sterke cellegiften venter 26. august, f\u00f8r tre m\u00e5neder med en mildere dose gjenst\u00e5r.<\/p>\n<p>   <img decoding=\"async\" width=\"3466\" height=\"2311\" fetchpriority=\"low\"  loading=\"lazy\"  src=\"https:\/\/www.europesays.com\/no\/wp-content\/uploads\/2025\/08\/1755506605_109_NTB_zNrl5Ptlz_o.jpg\" alt=\"Wien, \u00d8sterrike 20241215. &#10;Camilla Herrem og de norske h\u00e5ndballjentene feirer EM-gullet etter seieren mot Danmark i finalen i Wiener Stadthalle s\u00f8ndag kveld.&#10;Foto: Beate Oma Dahle \/ NTB\" class=\"brick-c-cFOWSL\" style=\"--brick-image-ratio: 3466 \/ 2311;\"\/><\/p>\n<p>    GULL: Camilla Herrem var med \u00e5 vinne EM-gull med h\u00e5ndballjentene sist desember.<br \/>\n    Foto: Beate Oma Dahle (NTB)\n  <\/p>\n<p>I intervjuet kommer det fram at Herrem tidlig valgte \u00e5 barbere bort h\u00e5ret sitt etter at hun begynte med cellegift.<\/p>\n<p>TV 2 har publisert flere bilder og videoer hvor Herrem tar av seg en lue og viser et skallet hode.<\/p>\n<p>\u2013 H\u00e5r er jo h\u00e5r med tanke p\u00e5 prosessen som er n\u00e5, men det er ikke bare det. Det er en del av identiteten din. Du har ikke noe valg, sier hun.<\/p>\n<p>  <a href=\"https:\/\/www.oa.no\/5-35-2122935\" class=\"related-teaser has-image default-story-teaser article--c-eRUmMG article--c-eRUmMG-jKCPdD-design-default\" rel=\"nofollow noopener\" target=\"_blank\"><\/p>\n<p>    <img decoding=\"async\" loading=\"lazy\"  src=\"https:\/\/www.europesays.com\/no\/wp-content\/uploads\/2025\/08\/Lisa+og+H%C3%A5kon+hoved.jpeg\" alt=\"\" class=\"brick-c-cFOWSL\" style=\"\"\/><\/p>\n<p>\n            Les ogs\u00e5<\/p>\n<p>              Nygift og topp motivert\n        <\/p>\n<p>  <\/a><br \/>\n  H\u00e5ndball-comeback<\/p>\n<p>Til tross for noen t\u00f8ffe m\u00e5neder ser Herrem lyst p\u00e5 fremtiden. Hun har ikke gitt opp h\u00e5ndballen, og mellom behandlinger har hun spilt h\u00e5ndballkamper og blitt med p\u00e5 treningsleir til Danmark.<\/p>\n<p>31. august serie\u00e5pner Sola mot Oppsal. Hvis alt g\u00e5r som hun h\u00e5per, kan hun gj\u00f8re et uventet comeback etter behandlingen allerede der.<\/p>\n<p>38-\u00e5ringen ga seg p\u00e5 det norske landslaget i h\u00e5ndball etter EM-gullet i fjor. Det var hennes 20. mesterskap.<\/p>\n<p>Les mer om: artikkelemnene<\/p>\n","protected":false},"excerpt":{"rendered":"\u2013 Det var jo totalt sjokk. Det er fortsatt et sjokk, sier Herrem om kreftdiagnosen i et stort&hellip;\n","protected":false},"author":2,"featured_media":10302,"comment_status":"","ping_status":"","sticky":false,"template":"","format":"standard","meta":{"footnotes":""},"categories":[59],"tags":[36,107,105,736,30,28,29,83,82,1510],"class_list":{"0":"post-11108","1":"post","2":"type-post","3":"status-publish","4":"format-standard","5":"has-post-thumbnail","7":"category-sport","8":"tag-art","9":"tag-camilla-herrem","10":"tag-handball","11":"tag-helse","12":"tag-no","13":"tag-norge","14":"tag-norway","15":"tag-sport","16":"tag-sports","17":"tag-story"},"share_on_mastodon":{"url":"","error":""},"_links":{"self":[{"href":"https:\/\/www.europesays.com\/no\/wp-json\/wp\/v2\/posts\/11108","targetHints":{"allow":["GET"]}}],"collection":[{"href":"https:\/\/www.europesays.com\/no\/wp-json\/wp\/v2\/posts"}],"about":[{"href":"https:\/\/www.europesays.com\/no\/wp-json\/wp\/v2\/types\/post"}],"author":[{"embeddable":true,"href":"https:\/\/www.europesays.com\/no\/wp-json\/wp\/v2\/users\/2"}],"replies":[{"embeddable":true,"href":"https:\/\/www.europesays.com\/no\/wp-json\/wp\/v2\/comments?post=11108"}],"version-history":[{"count":0,"href":"https:\/\/www.europesays.com\/no\/wp-json\/wp\/v2\/posts\/11108\/revisions"}],"wp:featuredmedia":[{"embeddable":true,"href":"https:\/\/www.europesays.com\/no\/wp-json\/wp\/v2\/media\/10302"}],"wp:attachment":[{"href":"https:\/\/www.europesays.com\/no\/wp-json\/wp\/v2\/media?parent=11108"}],"wp:term":[{"taxonomy":"category","embeddable":true,"href":"https:\/\/www.europesays.com\/no\/wp-json\/wp\/v2\/categories?post=11108"},{"taxonomy":"post_tag","embeddable":true,"href":"https:\/\/www.europesays.com\/no\/wp-json\/wp\/v2\/tags?post=11108"}],"curies":[{"name":"wp","href":"https:\/\/api.w.org\/{rel}","templated":true}]}}