{"id":111086,"date":"2025-12-12T07:44:39","date_gmt":"2025-12-12T07:44:39","guid":{"rendered":"https:\/\/www.europesays.com\/no\/111086\/"},"modified":"2025-12-12T07:44:39","modified_gmt":"2025-12-12T07:44:39","slug":"uvaeret-pa-kanarioyene-kan-bli-verre-enn-tidligere-meldt","status":"publish","type":"post","link":"https:\/\/www.europesays.com\/no\/111086\/","title":{"rendered":"Uv\u00e6ret p\u00e5 Kanari\u00f8yene kan bli verre enn tidligere meldt"},"content":{"rendered":"<p>Regn, sn\u00f8 i h\u00f8yfjellene, oppr\u00f8rt hav og kraftig vind meldes av Spanias nasjonale, meteorologiske institutt, Aemet denne helgen.<\/p>\n<p><strong>Farevarsler for l\u00f8rdagen<\/strong><\/p>\n<p>Det er oransje varsel for b\u00f8lger langs hele kysten ved alle \u00f8yene l\u00f8rdag 13. desember. B\u00f8lgeh\u00f8yden meldes \u00e5 bli 5-7 meter. Det inneb\u00e6rer at enkeltb\u00f8lger kan bli over 10 meter h\u00f8ye.<\/p>\n<p>I tillegg er det oransje varsel for sterk vind med opptil full storm i kastene i fjellomr\u00e5der p\u00e5 Gran Canaria og La Palma, nord p\u00e5 Tenerife, og p\u00e5 hele La Gomera og El Hierro. Ellers p\u00e5 \u00f8ygruppen er det gult varsel for vind med opptil liten storm i kastene.<\/p>\n<p>Dessuten er det gult farevarsel for opptil 60 millimeter nedb\u00f8r i l\u00f8pet av tolv timer p\u00e5 alle \u00f8yene.<\/p>\n<p>I h\u00f8yfjellet p\u00e5 Gran Canaria, Tenerife og La Palma er det gult varsel for opptil to centimeter sn\u00f8.<\/p>\n<p>Et tordenvarsel gjelder ogs\u00e5 p\u00e5 alle Kanari\u00f8yene l\u00f8rdag.<\/p>\n<p><strong>Farevarsler for fredagen<\/strong><\/p>\n<p>For fredag er det oransje varsel for b\u00f8lger langs s\u00f8r- og s\u00f8r\u00f8stkysten av Tenerife og hele La Gomera, og gult p\u00e5 alle de andre \u00f8yene.<\/p>\n<p>Det er ogs\u00e5 gult varsel for vind p\u00e5 Gran Canaria, Tenerife, La Gomera, La Palma og El Hierro fredag.<\/p>\n<p>Det er sannsynlig, ut ifra v\u00e6rmeldingen, at farevaresler for s\u00f8ndag vil bli utstedt av Aemet i morgen.<\/p>\n<blockquote class=\"wp-block-quote\">\n<p>Bli privatsponsor du ogs\u00e5! Canariajournalen har valgt \u00e5 ha alt innhold utenfor betalingsmurer, og finansierer driften med annonser og privatsponsorer, uten abonnement eller pressest\u00f8tte. Det koster \u00e5 drive kvalitetsjournalistikk, og du kan hjelpe oss til \u00e5 bli enda bedre: Bli sponsor, Vipps eller Swish en valgfri slant med penger:\u00a0Vipps: 95 74 94 69. Swish: 070 2314 263. P\u00e5 forh\u00e5nd takk for din st\u00f8tte!<\/p>\n<\/blockquote>\n","protected":false},"excerpt":{"rendered":"Regn, sn\u00f8 i h\u00f8yfjellene, oppr\u00f8rt hav og kraftig vind meldes av Spanias nasjonale, meteorologiske institutt, Aemet denne helgen.&hellip;\n","protected":false},"author":2,"featured_media":111087,"comment_status":"","ping_status":"","sticky":false,"template":"","format":"standard","meta":{"footnotes":""},"categories":[12],"tags":[3851,20,21,24,25,15,5600,22,23,13,30,28,29,14,16,26,27,387,42,43,44,45],"class_list":{"0":"post-111086","1":"post","2":"type-post","3":"status-publish","4":"format-standard","5":"has-post-thumbnail","7":"category-verden","8":"tag-beredskap","9":"tag-breaking-news","10":"tag-breakingnews","11":"tag-featured-news","12":"tag-featurednews","13":"tag-headlines","14":"tag-kanarioyene","15":"tag-latest-news","16":"tag-latestnews","17":"tag-news","18":"tag-no","19":"tag-norge","20":"tag-norway","21":"tag-nyheter","22":"tag-overskrifter","23":"tag-top-stories","24":"tag-topstories","25":"tag-vaeret","26":"tag-verden","27":"tag-world","28":"tag-world-news","29":"tag-worldnews"},"share_on_mastodon":{"url":"https:\/\/pubeurope.com\/@no\/115705483328719827","error":""},"_links":{"self":[{"href":"https:\/\/www.europesays.com\/no\/wp-json\/wp\/v2\/posts\/111086","targetHints":{"allow":["GET"]}}],"collection":[{"href":"https:\/\/www.europesays.com\/no\/wp-json\/wp\/v2\/posts"}],"about":[{"href":"https:\/\/www.europesays.com\/no\/wp-json\/wp\/v2\/types\/post"}],"author":[{"embeddable":true,"href":"https:\/\/www.europesays.com\/no\/wp-json\/wp\/v2\/users\/2"}],"replies":[{"embeddable":true,"href":"https:\/\/www.europesays.com\/no\/wp-json\/wp\/v2\/comments?post=111086"}],"version-history":[{"count":0,"href":"https:\/\/www.europesays.com\/no\/wp-json\/wp\/v2\/posts\/111086\/revisions"}],"wp:featuredmedia":[{"embeddable":true,"href":"https:\/\/www.europesays.com\/no\/wp-json\/wp\/v2\/media\/111087"}],"wp:attachment":[{"href":"https:\/\/www.europesays.com\/no\/wp-json\/wp\/v2\/media?parent=111086"}],"wp:term":[{"taxonomy":"category","embeddable":true,"href":"https:\/\/www.europesays.com\/no\/wp-json\/wp\/v2\/categories?post=111086"},{"taxonomy":"post_tag","embeddable":true,"href":"https:\/\/www.europesays.com\/no\/wp-json\/wp\/v2\/tags?post=111086"}],"curies":[{"name":"wp","href":"https:\/\/api.w.org\/{rel}","templated":true}]}}