{"id":111090,"date":"2025-12-12T07:47:14","date_gmt":"2025-12-12T07:47:14","guid":{"rendered":"https:\/\/www.europesays.com\/no\/111090\/"},"modified":"2025-12-12T07:47:14","modified_gmt":"2025-12-12T07:47:14","slug":"ol-karmoy-ol-drommen-knust-for-norges-curlingkvinner-tapte-skjebnekampen-mot-usa","status":"publish","type":"post","link":"https:\/\/www.europesays.com\/no\/111090\/","title":{"rendered":"OL, Karm\u00f8y | OL-dr\u00f8mmen knust for Norges curlingkvinner \u2013 tapte skjebnekampen mot USA"},"content":{"rendered":"\n<p>Torsdagens skjebnekamp i den olympiske kvalifiseringen i Canada endte 8-4 i amerikansk fav\u00f8r. Dermed blir det ikke norsk deltakelse p\u00e5 kvinnesiden under lekene i Milano og Torino.<\/p>\n<p>Oppgj\u00f8ret mot amerikanerne startet imidlertid forrykende sett med norske \u00f8yne. I omgang nummer to sikret det norske laget seg tre sterke poeng.<\/p>\n<p>Allerede i omgangen etter utlignet imidlertid USA til 3-3, og deretter fulgte ytterligere tre amerikanske poeng i omgang fem, seks og sju. Ett norsk poeng i den \u00e5ttende ble etterfulgt av to amerikanske i den niende.<\/p>\n<p>Dermed var det ingen vei tilbake i oppgj\u00f8ret for skuffede norske kvinner, deriblant karm\u00f8ybuen Eilin Kj\u00e6rland (21).<\/p>\n<p>Hun kunne blitt den f\u00f8rste OL-deltakeren fra Karm\u00f8y, noen sinne, hvis Norge kvalifiserte seg til OL.<\/p>\n<p>  <a href=\"https:\/\/www.h-avis.no\/5-62-1959984\" class=\"related-teaser has-image default-story-teaser article--c-eRUmMG article--c-eRUmMG-jKCPdD-design-default\" rel=\"nofollow noopener\" target=\"_blank\"><\/p>\n<p>    <img decoding=\"async\" loading=\"lazy\"  src=\"https:\/\/www.europesays.com\/no\/wp-content\/uploads\/2025\/12\/1765525634_218_Elin.jpeg\" alt=\"\" class=\"brick-c-cFOWSL\" style=\"\"\/><\/p>\n<p>\n            Les ogs\u00e5<\/p>\n<p>              Eilin (21) fra Karm\u00f8y kan bli historisk: \u2013 Det er sykt \u00e5 tenke p\u00e5\n        <\/p>\n<p>  <\/a><br \/>\n  Vant gruppespillet<\/p>\n<p>Norge vant gruppespillet i kvalifiseringsturneringen i Canada. Det gjorde at de kunne ta den f\u00f8rste av de to siste ledige plassene til mesterskapsdagene om Japan, som ble nummer to i gruppespillet i Kelowna, ble sl\u00e5tt i sluttspillet torsdag.<\/p>\n<p>Det gikk ikke.<\/p>\n<p>Norge var knepne favoritter etter at Japan ble sl\u00e5tt 10-9 etter ekstraomganger i gruppespillet, men denne gangen ble det tap 5-6 for laget som ledes av landslagstrener Rune Steen Hansen.<\/p>\n<p>Norge og Japan vekslet p\u00e5 \u00e5 ligge i ledelsen flere ganger gjennom oppgj\u00f8ret, og etter ni av ti omganger var stillingen 5-5. Dermed skulle alt avgj\u00f8res i 10. og siste omgang. Der endte det alts\u00e5 med at Japan sikret seg ett poeng til, og det var alt de trengte for \u00e5 sikre seg OL.-billett.<\/p>\n<p>  <a href=\"https:\/\/www.h-avis.no\/5-62-1903997\" class=\"related-teaser has-image default-story-teaser article--c-eRUmMG article--c-eRUmMG-jKCPdD-design-default\" rel=\"nofollow noopener\" target=\"_blank\"><\/p>\n<p>    <img decoding=\"async\" loading=\"lazy\"  src=\"https:\/\/www.europesays.com\/no\/wp-content\/uploads\/2025\/12\/CurlingHeidiog+Mathias.jpg\" alt=\"\" class=\"brick-c-cFOWSL\" style=\"\"\/><\/p>\n<p>\n            Les ogs\u00e5<\/p>\n<p>Eilin (21) skal bli den f\u00f8rste fra Karm\u00f8y: \u2013 Jeg har ikke tenkt \u00e5 vente til jeg blir 30\n        <\/p>\n<p>  <\/a><br \/>\n  Sist i Torino<\/p>\n<p>Norge og skip Marianne R\u00f8rvik m\u00e5tte dermed ut i skjebnekamp mot et amerikansk lag ble nummer tre i gruppespillet.<\/p>\n<p><b>\u2013 EM viste at vi har niv\u00e5et til \u00e5 sl\u00e5 lag p\u00e5 dette niv\u00e5et. Japan og USA er to favoritter som har spilt gode kamper i h\u00f8stens Grand Slam. Men vi vet at vi kan matche dem. F\u00e5r vi flyt og f\u00e5r spille v\u00e5rt eget spill, kan vi sl\u00e5 alle lagene her, sa landslagstrener Steen Hansen i forkant av mesterskapet.<\/b><\/p>\n<p>Dessverre holdt det ikke helt inn for R\u00f8rvik og lagvenninnene.<\/p>\n<p>Norge har ikke hatt med et kvinnelag i curling i OL siden 2006 i Torino.<\/p>\n","protected":false},"excerpt":{"rendered":"Torsdagens skjebnekamp i den olympiske kvalifiseringen i Canada endte 8-4 i amerikansk fav\u00f8r. Dermed blir det ikke norsk&hellip;\n","protected":false},"author":2,"featured_media":111091,"comment_status":"","ping_status":"","sticky":false,"template":"","format":"standard","meta":{"footnotes":""},"categories":[59],"tags":[36,13627,1761,30,28,29,526,83,82,1510],"class_list":{"0":"post-111090","1":"post","2":"type-post","3":"status-publish","4":"format-standard","5":"has-post-thumbnail","7":"category-sport","8":"tag-art","9":"tag-curling","10":"tag-karmoy","11":"tag-no","12":"tag-norge","13":"tag-norway","14":"tag-ol","15":"tag-sport","16":"tag-sports","17":"tag-story"},"share_on_mastodon":{"url":"https:\/\/pubeurope.com\/@no\/115705495261978636","error":""},"_links":{"self":[{"href":"https:\/\/www.europesays.com\/no\/wp-json\/wp\/v2\/posts\/111090","targetHints":{"allow":["GET"]}}],"collection":[{"href":"https:\/\/www.europesays.com\/no\/wp-json\/wp\/v2\/posts"}],"about":[{"href":"https:\/\/www.europesays.com\/no\/wp-json\/wp\/v2\/types\/post"}],"author":[{"embeddable":true,"href":"https:\/\/www.europesays.com\/no\/wp-json\/wp\/v2\/users\/2"}],"replies":[{"embeddable":true,"href":"https:\/\/www.europesays.com\/no\/wp-json\/wp\/v2\/comments?post=111090"}],"version-history":[{"count":0,"href":"https:\/\/www.europesays.com\/no\/wp-json\/wp\/v2\/posts\/111090\/revisions"}],"wp:featuredmedia":[{"embeddable":true,"href":"https:\/\/www.europesays.com\/no\/wp-json\/wp\/v2\/media\/111091"}],"wp:attachment":[{"href":"https:\/\/www.europesays.com\/no\/wp-json\/wp\/v2\/media?parent=111090"}],"wp:term":[{"taxonomy":"category","embeddable":true,"href":"https:\/\/www.europesays.com\/no\/wp-json\/wp\/v2\/categories?post=111090"},{"taxonomy":"post_tag","embeddable":true,"href":"https:\/\/www.europesays.com\/no\/wp-json\/wp\/v2\/tags?post=111090"}],"curies":[{"name":"wp","href":"https:\/\/api.w.org\/{rel}","templated":true}]}}