{"id":111096,"date":"2025-12-12T08:07:32","date_gmt":"2025-12-12T08:07:32","guid":{"rendered":"https:\/\/www.europesays.com\/no\/111096\/"},"modified":"2025-12-12T08:07:32","modified_gmt":"2025-12-12T08:07:32","slug":"meningslost-a-prove-a-forsta-hva-europeiske-ledere-tenker","status":"publish","type":"post","link":"https:\/\/www.europesays.com\/no\/111096\/","title":{"rendered":"\u2013 Meningsl\u00f8st \u00e5 pr\u00f8ve \u00e5 forst\u00e5 hva europeiske ledere tenker"},"content":{"rendered":"<p><strong>Russlands utenriksminister Sergey Lavrov gikk torsdag til et usedvanlig personlig angrep p\u00e5 europeiske ledere, og erkl\u00e6rte at det er \u00abfullstendig meningsl\u00f8st\u00bb \u00e5 fors\u00f8ke \u00e5 forst\u00e5 hva som foreg\u00e5r i hodene deres.<\/strong><\/p>\n<p>\u2013\u00a0Hvis du n\u00f8ye leser hva de offentlig sier, blir det helt klart at det er fullstendig meningsl\u00f8st \u00e5 pr\u00f8ve \u00e5 komme inn i hodene deres og forst\u00e5 deres tanker, sa Lavrov i <a href=\"https:\/\/youtu.be\/DSMpnS_DTeQ\" rel=\"nofollow noopener\" target=\"_blank\">talen <\/a>torsdag.<\/p>\n<p>Den kraftsalven kom etter at Finlands utenriksminister Elina Valtonen, uttalte at Russland \u00abuansett hva som skjer, vil forbli en langsiktig strategisk trussel mot euroatlantisk sikkerhet.\u00bb<\/p>\n<p>Lavrov reagerte med vantro p\u00e5 uttalelsen.<\/p>\n<p>\u2013\u00a0Hvem sier dette? Utenriksministeren i landet der Konferansen om sikkerhet og samarbeid i Europa ble f\u00f8dt! sa han, og viste til Helsinki-prosessen som la grunnlaget for OSSE.<\/p>\n<p><strong>Anklager Europa for \u00e5 st\u00f8tte nazisme<\/strong><\/p>\n<p>Men Lavrov stoppet ikke der. I talen anklaget han Europa for \u00e5 aktivt st\u00f8tte russofobi og nazisme.<\/p>\n<p>\u2013\u00a0Europa forblir tause. Ved \u00e5 gj\u00f8re det bekrefter de faktisk at det \u00e5 oppmuntre til rasisme, russofobi og gjenopplivingen av nazismen er en del av deres agenda, sa den russiske utenriksministeren.<\/p>\n<p>Han avviste p\u00e5stander fra Kyiv om at titusener av ukrainske barn er bortf\u00f8rt av russiske soldater som \u00aboverdreven politisering\u00bb og \u00abkonstante besvergelser.\u00bb<\/p>\n<p><strong>\u2013 Vesten syr en ny storm<\/strong><\/p>\n<p>Lavrov tok ogs\u00e5 et oppgj\u00f8r med vestlige ledere som setter tidsfrister for n\u00e5r Ukraina-konflikten skal ende.<\/p>\n<p>\u2013\u00a0Europa, representantene deres, navngir spesifikke datoer for n\u00e5r den ukrainske konflikten vil ende. Noen sier til v\u00e5ren, andre sier i l\u00f8pet av 2026. Vi bruker imidlertid ikke energi p\u00e5 det, sa han.<\/p>\n<p>I stedet hevdet han at Vestens plan om \u00e5 gi sikkerhetsgarantier til Ukraina slik at landet kan \u00abrolig bygge opp sin h\u00e6r til en million eller 800 000\u00bb kun vil skape mer konflikt.<\/p>\n<p>\u2013\u00a0Dette er folk som syr en ny storm. Dette er helt \u00e5penbart, slo Lavrov fast.<\/p>\n<p><strong>Lover \u00abvarig fred\u00bb, ikke v\u00e5penhvile<\/strong><\/p>\n<p>Den russiske utenriksministeren understreket at president Putin er klar til \u00e5 diskutere sikkerhet som tar \u00aballes interesser i betraktning\u00bb, men avviste Vestens tiln\u00e6rming som \u00abpolitisk teater.\u00bb<\/p>\n<p>\u2013\u00a0Vi vil ikke ha en v\u00e5penhvile eller en midlertidig pause, men en varig fred. Og vi vil fortsette p\u00e5 denne veien uavhengig av hvilke frister andre m\u00e5tte sette, sa Lavrov.<\/p>\n<p>Han gjentok at Moskvas hovedm\u00e5l er \u00e5 beskytte \u00abrussiske mennesker som Kyiv-regimet har erkl\u00e6rt som terrorister og fratatt alle rettigheter.\u00bb<\/p>\n","protected":false},"excerpt":{"rendered":"Russlands utenriksminister Sergey Lavrov gikk torsdag til et usedvanlig personlig angrep p\u00e5 europeiske ledere, og erkl\u00e6rte at det&hellip;\n","protected":false},"author":2,"featured_media":111097,"comment_status":"","ping_status":"","sticky":false,"template":"","format":"standard","meta":{"footnotes":""},"categories":[12],"tags":[20,21,274,24,25,7101,15,179,22,23,11123,13,30,28,29,14,16,188,26,27,42,43,44,45],"class_list":{"0":"post-111096","1":"post","2":"type-post","3":"status-publish","4":"format-standard","5":"has-post-thumbnail","7":"category-verden","8":"tag-breaking-news","9":"tag-breakingnews","10":"tag-europa","11":"tag-featured-news","12":"tag-featurednews","13":"tag-fredsforhandlinger","14":"tag-headlines","15":"tag-krigen-i-ukraina","16":"tag-latest-news","17":"tag-latestnews","18":"tag-lavrov","19":"tag-news","20":"tag-no","21":"tag-norge","22":"tag-norway","23":"tag-nyheter","24":"tag-overskrifter","25":"tag-russland","26":"tag-top-stories","27":"tag-topstories","28":"tag-verden","29":"tag-world","30":"tag-world-news","31":"tag-worldnews"},"share_on_mastodon":{"url":"https:\/\/pubeurope.com\/@no\/115705573968596988","error":""},"_links":{"self":[{"href":"https:\/\/www.europesays.com\/no\/wp-json\/wp\/v2\/posts\/111096","targetHints":{"allow":["GET"]}}],"collection":[{"href":"https:\/\/www.europesays.com\/no\/wp-json\/wp\/v2\/posts"}],"about":[{"href":"https:\/\/www.europesays.com\/no\/wp-json\/wp\/v2\/types\/post"}],"author":[{"embeddable":true,"href":"https:\/\/www.europesays.com\/no\/wp-json\/wp\/v2\/users\/2"}],"replies":[{"embeddable":true,"href":"https:\/\/www.europesays.com\/no\/wp-json\/wp\/v2\/comments?post=111096"}],"version-history":[{"count":0,"href":"https:\/\/www.europesays.com\/no\/wp-json\/wp\/v2\/posts\/111096\/revisions"}],"wp:featuredmedia":[{"embeddable":true,"href":"https:\/\/www.europesays.com\/no\/wp-json\/wp\/v2\/media\/111097"}],"wp:attachment":[{"href":"https:\/\/www.europesays.com\/no\/wp-json\/wp\/v2\/media?parent=111096"}],"wp:term":[{"taxonomy":"category","embeddable":true,"href":"https:\/\/www.europesays.com\/no\/wp-json\/wp\/v2\/categories?post=111096"},{"taxonomy":"post_tag","embeddable":true,"href":"https:\/\/www.europesays.com\/no\/wp-json\/wp\/v2\/tags?post=111096"}],"curies":[{"name":"wp","href":"https:\/\/api.w.org\/{rel}","templated":true}]}}