{"id":111098,"date":"2025-12-12T08:08:16","date_gmt":"2025-12-12T08:08:16","guid":{"rendered":"https:\/\/www.europesays.com\/no\/111098\/"},"modified":"2025-12-12T08:08:16","modified_gmt":"2025-12-12T08:08:16","slug":"europa-splittes","status":"publish","type":"post","link":"https:\/\/www.europesays.com\/no\/111098\/","title":{"rendered":"Europa splittes"},"content":{"rendered":"<p class=\"kicker bg-gold color_mobile_bg-gold align-center mobile_text_align_align-center hasTextPadding mobile-hasTextPadding\" style=\"\">H\u00e5ndball-VM<\/p>\n<p>  Den omstridte 81 \u00e5r gamle IHF-presidenten ser ut til \u00e5 sikre seg fire nye \u00e5r p\u00e5 toppen. Europa greier ikke \u00e5 enes om en kandidat.<\/p>\n<p>\n    IKKE BESTEMT SEG: Norges h\u00e5ndballpresident p\u00e5 sending med Viaplay under h\u00e5ndball-VM. Foto: Beate Oma Dahle \/ NTB\n  <\/p>\n<p>ROTTERDAM (Dagbladet): Med en metode inspirert av den korrupsjonsd\u00f8mte tidligere FIFA-presidenten Sepp Blatter har egyptiske Moustafa sittet 25 \u00e5r p\u00e5 toppen av h\u00e5ndballpyramiden.\u00a0<\/p>\n<p>Under form\u00e5let \u00e5 utvide h\u00e5ndballen har IHF blitt utvidet med godt over 50 land i hans periode. Det er 16 \u00e5r siden han sist hadde en motkandidat. Da beskyldte motkandidaten Jean Kaiser Moustafa for \u00e5 sabotere. Under Kaisers tale p\u00e5 kongressen fungerte ikke mikrofonen.\u00a0<\/p>\n<p>I \u00e5r er det plutselig tre motkandidater:<\/p>\n<ul>\n<li class=\"lab-bodytext-line\">Franjo Bobinac. Tidligere h\u00e5ndballpresident og leder av den olympiske komit\u00e9 i Slovenia.<\/li>\n<li class=\"lab-bodytext-line\">Tyske Gerd Butzeck. Han\u00a0har kommersiell bakgrunn fra klubbh\u00e5ndballen.<\/li>\n<li class=\"lab-bodytext-line\">Tjark de Lange. Tidligere h\u00e5ndballpresident i Nederland.<\/li>\n<\/ul>\n<p>En av Bobinak og Butzeks store kampsaker er at de mener h\u00e5ndballens OL-status er truet. De aller fleste nasjonene f\u00e5r finansiering basert p\u00e5 at h\u00e5ndball er en OL-gren.\u00a0<\/p>\n<p>IHF-kongressen er fra 19. til 22. desember.\u00a0<\/p>\n<p>    <a itemprop=\"url\" href=\"https:\/\/www.dagbladet.no\/sport\/danskene-hjem-i-tarer\/83968007\" rel=\"nofollow noopener\" target=\"_blank\"><\/p>\n<p>        <img loading=\"lazy\" decoding=\"async\" src=\"https:\/\/www.europesays.com\/no\/wp-content\/uploads\/2025\/12\/83968011.webp\" width=\"980\" height=\"441\" title=\"Danskene hjem i t\u00e5rer\" alt=\"\" class=\"lazyload\" style=\"--aspect-ratio-image: 2.22; \"\/><\/p>\n<p>        Danskene hjem i t\u00e5rer<\/p>\n<p>    <\/a><\/p>\n<p> Norges h\u00e5ndballpresident, Randi Gustad, har tidligere v\u00e6rt \u00e5pen om at hun mener det er p\u00e5 tide med et lederskifte. I stor grad p\u00e5 grunn av Moustafas\u00a0mange \u00e5r p\u00e5 toppen kombinert med h\u00f8y alder. Man velges for fire \u00e5r, og om sittende president gjenvelges vil han da v\u00e6re 85 \u00e5r.\u00a0Dette gjentar hun for Dagbladet en uke f\u00f8r IHF-valget:<\/p>\n<p> &#8211; Jeg kjenner ham ikke\u00a0personlig, men\u00a0jeg mener p\u00e5\u00a0generelt grunnlag at \u00e5 lede en internasjonal organisasjon som IHF i over 25 \u00e5r kombinert med h\u00f8y alder inn i en ny fire\u00e5rsperiode, er for lenge. <\/p>\n<p>Frankrikes president, Philippe Bana, flagget nylig at de vil stemme for en ny periode for Moustafa. Med argumentet om at han gir kontinuitet til sporten. Han mener de europeiske kandidatene ikke er tydelige nok:<\/p>\n<p>        <img loading=\"lazy\" decoding=\"async\" src=\"https:\/\/www.europesays.com\/no\/wp-content\/uploads\/2025\/12\/83966501.webp\" width=\"686\" height=\"460\" title=\"MEKTIG MANN: Hassan Moustapha under VM for to \u00e5r siden i danske Herning under en konfrontasjon med norske medier. Foto: Beate Oma Dahle \/ NTB\" alt=\"\" class=\"\" style=\"--aspect-ratio-image: 1.49; \"\/><\/p>\n<p>\n        MEKTIG MANN: Hassan Moustapha under VM for to \u00e5r siden i danske Herning under en konfrontasjon med norske medier. Foto: Beate Oma Dahle \/ NTB\n    <\/p>\n<p>&#8211; Det er et svakt \u00f8yeblikk for Europa med tre kandidater n\u00e5r vi alle trenger \u00e5 v\u00e6re sammen i samme b\u00e5t, sa Bana nylig i en sak til <a href=\"https:\/\/gohandball.com\/the-world\/bana-france-will-vote-for-hassan-moustafa-because-he-is-the-best-candidate?feed_id=3293&amp;_unique_id=692fdcf449cbd\" rel=\"nofollow noopener\" target=\"_blank\">Go Handball<\/a>.<\/p>\n<p>Til Dagbladet vil ikke Gustad si hvem Norge kommer til \u00e5 stemme p\u00e5. Hun sier det ikke er avgjort, og den sittende presidenten er heller ikke utelukket.<\/p>\n<p>&#8211; Det er helt reelt at vi ikke har bestemt oss. Vi vurderer de fire og skal bruke tiden inn mot valget til \u00e5 v\u00e6re innsikts- og faktas\u00f8kende, det er flere strategiske vurderinger som handler om \u00e5 st\u00e5 sammen med flere andre nasjoner. Men vi skal v\u00e6re \u00e5pne om hva vi har stemt, lover presidenten.\u00a0<\/p>\n<p>Flere kilder Dagbladet har snakket med opplyser at Moustafa er storfavoritt til \u00e5 vinne valget.\u00a0<\/p>\n<p>    <a itemprop=\"url\" href=\"https:\/\/www.dagbladet.no\/sport\/bjeffet-ma-roe-meg\/83962389\" rel=\"nofollow noopener\" target=\"_blank\"><\/p>\n<p>        <img loading=\"lazy\" decoding=\"async\" src=\"https:\/\/www.europesays.com\/no\/wp-content\/uploads\/2025\/12\/83962411.webp\" width=\"980\" height=\"441\" title=\"Bjeffet: - M\u00e5 roe meg\" alt=\"\" class=\"lazyload\" style=\"--aspect-ratio-image: 2.22; \"\/><\/p>\n<p>        Bjeffet: &#8211; M\u00e5 roe meg<\/p>\n<p>    <\/a><\/p>\n<p>Dagbladet sp\u00f8r Gustad om hun har snakket med presidenten selv siden hun tok over som norsk h\u00e5ndballpresident for et dr\u00f8yt halv\u00e5r siden.<\/p>\n<p>&#8211; Jeg har f\u00e5tt et formelt gratulasjonsbrev, men ikke hatt noe kontakt med ham. Jeg h\u00e5per \u00e5 m\u00f8te ham i Rotterdam, svarer Gustad.\u00a0<\/p>\n<p>Finalehelgen i h\u00e5ndball-VM spilles i den nederlandske byen. Gustad reiser dit for \u00e5 st\u00f8tte h\u00e5ndballjentene og representere det norske forbundet. Der vil ogs\u00e5 Moustafa v\u00e6re.<\/p>\n<p>Det er to \u00e5r siden han <a href=\"https:\/\/www.dagbladet.no\/sport\/fyrte-mot-mediene-gnaling\/80690336\" rel=\"nofollow noopener\" target=\"_blank\">innr\u00f8mmet \u00e5 gi vertsnasjoner fordeler og gikk til frontalangrep p\u00e5 norske medier p\u00e5 den avsluttende pressekonferansen i Herning.<\/a><\/p>\n","protected":false},"excerpt":{"rendered":"H\u00e5ndball-VM Den omstridte 81 \u00e5r gamle IHF-presidenten ser ut til \u00e5 sikre seg fire nye \u00e5r p\u00e5 toppen.&hellip;\n","protected":false},"author":2,"featured_media":111099,"comment_status":"","ping_status":"","sticky":false,"template":"","format":"standard","meta":{"footnotes":""},"categories":[10],"tags":[20,21,24,25,105,9443,15,22,23,13,30,28,29,14,16,6396,83,26,27],"class_list":{"0":"post-111098","1":"post","2":"type-post","3":"status-publish","4":"format-standard","5":"has-post-thumbnail","7":"category-norge","8":"tag-breaking-news","9":"tag-breakingnews","10":"tag-featured-news","11":"tag-featurednews","12":"tag-handball","13":"tag-handball-vm","14":"tag-headlines","15":"tag-latest-news","16":"tag-latestnews","17":"tag-news","18":"tag-no","19":"tag-norge","20":"tag-norway","21":"tag-nyheter","22":"tag-overskrifter","23":"tag-randi-gustad","24":"tag-sport","25":"tag-top-stories","26":"tag-topstories"},"share_on_mastodon":{"url":"https:\/\/pubeurope.com\/@no\/115705577817629143","error":""},"_links":{"self":[{"href":"https:\/\/www.europesays.com\/no\/wp-json\/wp\/v2\/posts\/111098","targetHints":{"allow":["GET"]}}],"collection":[{"href":"https:\/\/www.europesays.com\/no\/wp-json\/wp\/v2\/posts"}],"about":[{"href":"https:\/\/www.europesays.com\/no\/wp-json\/wp\/v2\/types\/post"}],"author":[{"embeddable":true,"href":"https:\/\/www.europesays.com\/no\/wp-json\/wp\/v2\/users\/2"}],"replies":[{"embeddable":true,"href":"https:\/\/www.europesays.com\/no\/wp-json\/wp\/v2\/comments?post=111098"}],"version-history":[{"count":0,"href":"https:\/\/www.europesays.com\/no\/wp-json\/wp\/v2\/posts\/111098\/revisions"}],"wp:featuredmedia":[{"embeddable":true,"href":"https:\/\/www.europesays.com\/no\/wp-json\/wp\/v2\/media\/111099"}],"wp:attachment":[{"href":"https:\/\/www.europesays.com\/no\/wp-json\/wp\/v2\/media?parent=111098"}],"wp:term":[{"taxonomy":"category","embeddable":true,"href":"https:\/\/www.europesays.com\/no\/wp-json\/wp\/v2\/categories?post=111098"},{"taxonomy":"post_tag","embeddable":true,"href":"https:\/\/www.europesays.com\/no\/wp-json\/wp\/v2\/tags?post=111098"}],"curies":[{"name":"wp","href":"https:\/\/api.w.org\/{rel}","templated":true}]}}