{"id":111154,"date":"2025-12-12T09:38:34","date_gmt":"2025-12-12T09:38:34","guid":{"rendered":"https:\/\/www.europesays.com\/no\/111154\/"},"modified":"2025-12-12T09:38:34","modified_gmt":"2025-12-12T09:38:34","slug":"leif-arne-jugern-rolfstad-er-dod","status":"publish","type":"post","link":"https:\/\/www.europesays.com\/no\/111154\/","title":{"rendered":"Leif Arne \u00abJuger&#8217;n\u00bb Rolfstad er d\u00f8d"},"content":{"rendered":"<p>Han var en skikkelig fargeklatt og var aldri redd for \u00e5 by p\u00e5 seg selv. Leif Arne Rolfstad, bedre kjent som \u00abJuger&#8217;n\u00bb, var Norges mest kjente bilopphugger. Han holdt til tider ogs\u00e5 en h\u00f8y medieprofil, blant annet med deltagelse i TV-serien \u00abNorges herligste\u00bb. Denne uken sovnet han inn, 62 \u00e5r gammel.<\/p>\n<p>De siste \u00e5rene var Rolfstad blant annet kjent for serien <a href=\"https:\/\/www.tv2.no\/video\/underholdning\/jugern-og-lavefunnet-episode-1-var-parkert-og-gl\/20072016\" rel=\"nofollow noopener\" target=\"_blank\">\u00abJuger&#8217;n og l\u00e5vefunnet\u00bb<\/a> her p\u00e5 Broom. Den ble laget av redaksjonssjef Vegard M\u00f8ller Johnsen som minnes Rolfstad som en helt spesiell mann.<\/p>\n<p>        <img class=\"image__img lazyload\" itemprop=\"image\" title=\"Foto: Broom\" alt=\"LITT AV EN KAR: Brooms redaksjonssjef Vegard M\u00f8ller Johnsen laget videoserien \u00abJuger'n og l\u00e5vefunnet\u00bb sammen med Rolfstad. Foto: Broom\" width=\"675\" height=\"379\" bad-src=\"https:\/\/www.europesays.com\/no\/wp-content\/uploads\/2025\/12\/18378460.webp\" fetchpriority=\"auto\" \/><\/p>\n<p>      LITT AV EN KAR: Brooms redaksjonssjef Vegard M\u00f8ller Johnsen laget videoserien \u00abJuger&#8217;n og l\u00e5vefunnet\u00bb sammen med Rolfstad.<br \/>\n         Foto: Broom<\/p>\n<p>Helsemessige utfordringer<\/p>\n<p>\u2013 Ja, det er litt av en kar som er blitt borte n\u00e5. Leif satte store og tydelige spor. Han var aldri redd for \u00e5 g\u00e5 egne veier. Utad kunne han virke b\u00e5de knallhard og t\u00f8ff, men jeg var s\u00e5 heldig \u00e5 bli kjent med en mann som ogs\u00e5 hadde helt andre sider. Vi ble veldig godt kjent gjennom serien vi laget og det f\u00f8les uvirkelig at Leif ikke lenger er blant oss, sier M\u00f8ller Johnsen.\u00a0<\/p>\n<p>Rolfstad la aldri skjul p\u00e5 at han hadde helsemessige utfordringer. Blant annet sviktet nyrene underveis i innspillingen av \u00abJuger&#8217;n og l\u00e5vefunnet\u00bb. Det ble starten p\u00e5 mange sykehusbes\u00f8k. De siste m\u00e5nedene var krevende og t\u00f8ffe, f\u00f8r han sovnet stille inn natt til torsdag.<\/p>\n<p>        <img class=\"image__img lazyload\" itemprop=\"image\" title=\"Foto: Broom\" alt=\"P\u00c5 TV: Her er Rolfstad gjest i God morgen, Norge p\u00e5 TV 2, med blant andre V\u00e5r Staude i studio. Foto: Broom\" width=\"675\" height=\"460\" bad-src=\"https:\/\/www.europesays.com\/no\/wp-content\/uploads\/2025\/12\/18378450.webp\" fetchpriority=\"auto\" \/><\/p>\n<p>      P\u00c5 TV: Her er Rolfstad gjest i God morgen, Norge p\u00e5 TV 2, med blant andre V\u00e5r Staude i studio.<br \/>\n         Foto: Broom<\/p>\n<p>Vernet om familien<\/p>\n<p>\u2013 Det f\u00f8les uendelig trist, samtidig er det en tr\u00f8st at han slapp \u00e5 lide lenger. Kroppen klarte rett og slett ikke mer, selv om Leif selv aldri mistet motet, forteller M\u00f8ller Johnsen.<\/p>\n<p>Han legger til:\u00a0<\/p>\n<p>\u2013 Leif var p\u00e5 mange m\u00e5ter en veldig privat mann. Han vernet om familien sin. De har bedt om ro n\u00e5 og det h\u00e5per jeg alle respekterer.<\/p>\n<p>Datteren Lene Rolfstad la ut dette om sin far, etter d\u00f8dsfallet:<\/p>\n<p>Du var deg selv og kj\u00f8rte ditt eget l\u00f8p, alltid. Himmelen har f\u00e5tt en ny sjef. Vi takker for alle kondolanser og omtanke i forbindelse med pappas bortgang.<\/p>\n<p>Broom har v\u00e6rt i kontakt med familien som er kjent med at vi publiserer denne artikkelen. De \u00f8nsker ikke noen tradisjonell begravelse, men skal ha en privat minnestund med de n\u00e6rmeste i forbindelse med urnenedleggelsen.\u00a0<\/p>\n<p>        <img class=\"image__img lazyload\" itemprop=\"image\" title=\"Foto: Broom\" alt=\"FOLKEKJ\u00c6R: I serien \u00abJuger'n og l\u00e5vefunnet\u00bb ble hele Norge kjent med b\u00e5de Lef Arne Rolfstad og hans Porsche 911. Foto: Broom\" width=\"675\" height=\"379\" bad-src=\"https:\/\/www.europesays.com\/no\/wp-content\/uploads\/2025\/12\/18378540.webp\" fetchpriority=\"auto\" \/><\/p>\n<p>      FOLKEKJ\u00c6R: I serien \u00abJuger&#8217;n og l\u00e5vefunnet\u00bb ble hele Norge kjent med b\u00e5de Lef Arne Rolfstad og hans Porsche 911.<br \/>\n         Foto: Broom<\/p>\n<p class=\"bold m-bold\" data-lab-font_weight=\"bold\">Video: Slik startet historien om Juger\u00b4n og l\u00e5vefunnet:<\/p>\n","protected":false},"excerpt":{"rendered":"Han var en skikkelig fargeklatt og var aldri redd for \u00e5 by p\u00e5 seg selv. Leif Arne Rolfstad,&hellip;\n","protected":false},"author":2,"featured_media":111155,"comment_status":"","ping_status":"","sticky":false,"template":"","format":"standard","meta":{"footnotes":""},"categories":[5],"tags":[20,21,24,25,15,19,22,23,17,18,13,30,28,29,14,16,26,27],"class_list":{"0":"post-111154","1":"post","2":"type-post","3":"status-publish","4":"format-standard","5":"has-post-thumbnail","7":"category-overskrifter","8":"tag-breaking-news","9":"tag-breakingnews","10":"tag-featured-news","11":"tag-featurednews","12":"tag-headlines","13":"tag-hovedoppslag","14":"tag-latest-news","15":"tag-latestnews","16":"tag-main-news","17":"tag-mainnews","18":"tag-news","19":"tag-no","20":"tag-norge","21":"tag-norway","22":"tag-nyheter","23":"tag-overskrifter","24":"tag-top-stories","25":"tag-topstories"},"share_on_mastodon":{"url":"https:\/\/pubeurope.com\/@no\/115705931656391184","error":""},"_links":{"self":[{"href":"https:\/\/www.europesays.com\/no\/wp-json\/wp\/v2\/posts\/111154","targetHints":{"allow":["GET"]}}],"collection":[{"href":"https:\/\/www.europesays.com\/no\/wp-json\/wp\/v2\/posts"}],"about":[{"href":"https:\/\/www.europesays.com\/no\/wp-json\/wp\/v2\/types\/post"}],"author":[{"embeddable":true,"href":"https:\/\/www.europesays.com\/no\/wp-json\/wp\/v2\/users\/2"}],"replies":[{"embeddable":true,"href":"https:\/\/www.europesays.com\/no\/wp-json\/wp\/v2\/comments?post=111154"}],"version-history":[{"count":0,"href":"https:\/\/www.europesays.com\/no\/wp-json\/wp\/v2\/posts\/111154\/revisions"}],"wp:featuredmedia":[{"embeddable":true,"href":"https:\/\/www.europesays.com\/no\/wp-json\/wp\/v2\/media\/111155"}],"wp:attachment":[{"href":"https:\/\/www.europesays.com\/no\/wp-json\/wp\/v2\/media?parent=111154"}],"wp:term":[{"taxonomy":"category","embeddable":true,"href":"https:\/\/www.europesays.com\/no\/wp-json\/wp\/v2\/categories?post=111154"},{"taxonomy":"post_tag","embeddable":true,"href":"https:\/\/www.europesays.com\/no\/wp-json\/wp\/v2\/tags?post=111154"}],"curies":[{"name":"wp","href":"https:\/\/api.w.org\/{rel}","templated":true}]}}