{"id":111193,"date":"2025-12-12T10:14:39","date_gmt":"2025-12-12T10:14:39","guid":{"rendered":"https:\/\/www.europesays.com\/no\/111193\/"},"modified":"2025-12-12T10:14:39","modified_gmt":"2025-12-12T10:14:39","slug":"nrk-og-israel-eurovision-song-contest","status":"publish","type":"post","link":"https:\/\/www.europesays.com\/no\/111193\/","title":{"rendered":"NRK og Israel, Eurovision Song Contest"},"content":{"rendered":"\n<p><b>\u2018En nasjon som beg\u00e5r folkemord kan ikke fortsette \u00e5 synge. En verden som ser en nasjon beg\u00e5 folkemord kan ikke synge sammen med dem, heller ikke akseptere det faktum at denne nasjonen \u00f8nsker \u00e5 fortsette \u00e5 synge som om ingenting har hendt.\u2019 <\/b><\/p>\n<p><b>Dette skrev<\/b> den kjente israelske, j\u00f8diske journalisten i september i den israelske <a href=\"http:\/\/www.haaretz.com\/opinion\/2025-09-17\/ty-article-opinion\/.premium\/israel-has-no-place-at-eurovision-while-committing-atrocities-in-gaza\" rel=\"nofollow noopener\" target=\"_blank\">avisa Haaretz<\/a> om Israels deltakelse i neste \u00e5rs Eurovisjon Song Contest (ESC).<\/p>\n<p><b>Tenker NRKs ledelse<\/b> at en l\u00f8gn til slutt vil oppfattes som sannhet bare den gjentas mange nok ganger? De repeterer i alle fall uten skam sine selvmotsigende, upresise og uholdbare argumenter om \u2018n\u00f8ytralitet\u2019 og \u2018omd\u00f8mme\u2019 for \u00e5 forsvare at Norge igjen unnlot \u00e5 kreve Israel ut av ESC. Kringkastingssjef Vibeke F\u00fcrst Haugen sier til <a href=\"https:\/\/www.aftenposten.no\/kultur\/i\/oERpAm\/israel-deltar-i-eurovision-2026\" rel=\"nofollow noopener\" target=\"_blank\">Aftenposten<\/a> at hun st\u00f8tter endringene som er gjort for \u00e5 beskytte konkurransens \u2018n\u00f8ytralitet og omd\u00f8mme\u2019 (sic!) p\u00e5 EBUs generalforsamling denne uken, og <a href=\"https:\/\/www.aftenposten.no\/meninger\/debatt\/i\/25QrBG\/nrk-oensker-at-eurovision-boikott-av-israel-tas-opp-i-ebu\" rel=\"nofollow noopener\" target=\"_blank\">gjentar<\/a> forvr\u00f8vlete argumenter om at NRK-ledelsen er mot kulturboikott av Israel fordi det vil \u2018<a href=\"https:\/\/www.aftenposten.no\/kultur\/i\/oERpAm\/israel-deltar-i-eurovision-2026\" rel=\"nofollow noopener\" target=\"_blank\">svekke NRKs troverdighet som uavhengig nyhetsformidler\u2019.<\/a><\/p>\n<p><b>Men vent litt: <\/b>Kan vi da heller ikke stole p\u00e5 NRKs nyhetsdekning av kampene mot Russlands okkupasjon av Ukraina? For <a href=\"https:\/\/www.nrk.no\/mgp\/nrk-vil-ikke-at-russland-skal-delta-i-eurovision-1.15869586\" rel=\"nofollow noopener\" target=\"_blank\">NRK gikk jo allerede i februar 2022<\/a> aktivt i spiss for \u00e5 innf\u00f8re kulturboikott av Russland i samme sangkonkurranse, dagen etter den russiske invasjonen, en boikott NRK jo fortsatt st\u00f8tter.<\/p>\n<p><b>Selvsagt plikter NRK, <\/b>som alle andre seri\u00f8se nyhetsformidlere, \u00e5 v\u00e6re objektive, kunnskapsbaserte og f\u00f8lge journalistiske prinsipper. Men det ser ut til at statskanalen ikke klarer \u00e5 skjelne mellom objektiv og n\u00f8ytralitet. N\u00e5r NRK velger \u00e5 stille seg n\u00f8ytrale til p\u00e5g\u00e5ende, blodige brudd p\u00e5 folkeretten og mulig folkemord, s\u00e5 svekker d\u00e8t fundamentalt NRKs troverdighet.<\/p>\n<p><b>NRK er v\u00e5r statskringkaster<\/b> og en del av det offentlige, norske statsapparatet med Staten som eneeier og kulturminister Lubna Jaffery (Ap) som generalforsamling.<\/p>\n<p><b>Norge ratifiserte <\/b><a href=\"https:\/\/fn.no\/avtaler\/menneskerettigheter\/folkemordkonvensjonen\" rel=\"nofollow noopener\" target=\"_blank\">Folkemordkonvensjonen<\/a> allerede 22. juli 1949, rett etter den ble vedtatt av FNs generalforsamling som ufravikelig folkerett. Norge \u2013 og norske statsinstitusjoner \u2013 har v\u00e6rt folkerettslig bundet av konvensjonen i 76 \u00e5r. Dette inneb\u00e6rer helt klare norske forpliktelser til \u00e5 forebygge, hindre medvirkning til og straffeforf\u00f8lge folkemord.<\/p>\n<p><b>NRK er en viktig,<\/b> statseid institusjon som uansett p\u00e5stander om n\u00f8ytralitet, ikke kan stille seg n\u00f8ytrale til de aller mest alvorlige folkerettsbrudd. NRK blir selvsagt ikke partisk av \u00e5 f\u00f8lge internasjonal lov og rett.<\/p>\n<p>   <img decoding=\"async\" width=\"3623\" height=\"2599\" fetchpriority=\"low\"  loading=\"lazy\"  src=\"https:\/\/www.europesays.com\/no\/wp-content\/uploads\/2025\/12\/Gilbert+og+Qvale.jpg\" alt=\"\" class=\"brick-c-cFOWSL\" style=\"--brick-image-ratio: 3623 \/ 2599;\"\/><\/p>\n<p>      KRONIKKFORFATTERE: Charlotte Qvale og Mads Gilbert |<br \/>\n      Foto: Jonas F\u00e6ste Laksekj\u00f8n, NTB\n    <\/p>\n<p><b>Her er fire korte r\u00e5d <\/b>til NRKs eneeier, kulturminister Jaffery og kringkastingssjef F\u00fcrst Haugen:<\/p>\n<ol>\n<li><b>F\u00f8lg plikten NRK har aktivt \u00e5 forhindre folkemord.<\/b> <a href=\"https:\/\/www.regjeringen.no\/contentassets\/45f187cd4368443fb8a5f934ff87e61a\/gjennomgang-av-norges-forpliktelser-etter-folkemordkonvensjonen-i-lys-av-sor-afrikas-sak-mot-israel-for-icj.pdf\" rel=\"nofollow noopener\" target=\"_blank\">Kjerneforpliktelsen for signatarstatene<\/a> til Folkemordkommisjonen er ikke bare selv \u00e5 avst\u00e5 fra folkemord, men \u00e5 aktivt forebygge at det skjer, som fastsl\u00e5tt av Den internasjonale domstolen (ICJ) i 2007. Plikten utl\u00f8ses n\u00e5r en stat vet eller burde vite at det foreligger en alvorlig risiko for folkemord. Forebyggingsplikten er handlingsplikt, ikke bare et moralsk ansvar. Og enda viktigere: Konvensjonen krever ikke at stater f\u00f8rst m\u00e5 fastsl\u00e5 at folkemord faktisk p\u00e5g\u00e5r f\u00f8r disse pliktene inntrer. Det er nok at det foreligger en reell og alvorlig risiko for folkemord. Dette er utvilsomt oppfylt med staten Israels krigf\u00f8ring i Gaza som er <a href=\"https:\/\/www.icj-cij.org\/case\/192\" rel=\"nofollow noopener\" target=\"_blank\">under behandling i ICJ<\/a>. NRK er en integrert institusjon i det norske statsapparatet og m\u00e5 jo oppfylle samme pliktkrav. Kulturboikott er et lovlig, fredelig og anerkjent maktmiddel mot brudd p\u00e5 folkeretten, slik Norge aktivt bruker det mot Russland (ESC, idrett, kultursamarbeid mm.)<\/li>\n<li><b>F\u00f8lg de andre statene som n\u00e5 boikotter. <\/b>Norge m\u00e5 n\u00e5 f\u00f8lge Spania, Nederland, Slovenia og Irland som denne uken viste politisk og moralsk mot og kommer til \u00e5 boikotte ESC 2026. Boikott betyr alts\u00e5 ikke norsk alenegang, slik norske regjeringer og vekslende utenriksministre stadig bruker som argument spesielt n\u00e5r det gjelder sanksjoner mot Israel. <\/li>\n<li><b>F\u00f8lg folkeviljen.<\/b> Et klart flertall mener Israel ikke skal f\u00e5 delta i ESC 2026. I <a href=\"https:\/\/www.nrk.no\/kultur\/over-halve-noreg-vil-ikkje-ha-israel-i-eurovision-1.17634634\" rel=\"nofollow noopener\" target=\"_blank\">m\u00e5lingen Norstat gjorde for NRK<\/a> i november, svarte 60 % at NRK burde stemme nei til israelsk deltakelse i ESC. I nett-avstemmingen i samme sak svarte 80 % nei til israelsk deltakelse (over 33.000 deltok), i en tilsvarende avstemming i <a href=\"https:\/\/www.aftenposten.no\/kultur\/i\/oERpAm\/israel-deltar-i-eurovision-2026\" rel=\"nofollow noopener\" target=\"_blank\">Aftenposten<\/a> n\u00e5, etter siste ukens utvikling, svarer igjen \u00e5tte av ti at Norge ikke b\u00f8r delta i 2026 (i skrivende stund ca. 5.900 stemmer). <\/li>\n<li><b>F\u00f8lg v\u00e5re artister og musikere.<\/b> Norske ut\u00f8vere, komponister, produsenter og andre i musikkbransjen har siste to \u00e5rene tatt moralsk og politisk ansvar. Gjentatte ganger har de vist vei gjennom konkrete <a href=\"https:\/\/www.vg.no\/nyheter\/i\/zEaLR1\/aksjon-utenfor-nrk-krever-israel-utestenges-fra-eurovision\" rel=\"nofollow noopener\" target=\"_blank\">aksjoner<\/a> og <a href=\"https:\/\/www.nrk.no\/kultur\/med-stemmen-som-vapen-1.16827291\" rel=\"nofollow noopener\" target=\"_blank\">organiserte<\/a> motstand mot NRK, <a href=\"https:\/\/www.dagsavisen.no\/kultur\/om-israel-i-esc-2025-det-er-en-kvalmende-dobbeltmoral-som-nrk-ma-gjore-rede-for\/9687382\" rel=\"nofollow noopener\" target=\"_blank\">gjentatte<\/a> <a href=\"https:\/\/www.vg.no\/rampelys\/i\/d456MB\/eurovision-artister-oppfordres-til-boikott\" rel=\"nofollow noopener\" target=\"_blank\">underskriftsaksjoner<\/a> med bred oppslutning for kulturboikott av Israel i ESC. Lytt til dem.<\/li>\n<\/ol>\n<p><b>Vi kan ikke <\/b>synge sammen med offisielle, nasjonale representanter for et Israel som beg\u00e5r folkemord. Det gj\u00f8r de i fullt dagslys mens hele verden ser det, ikke f\u00f8rst og fremst gjennom NRKs n\u00f8ytrale journalistikk og politikk, men gjennom lokale palestinske journalister og alminnelige palestineres d\u00f8gnkontinuerlige dokumentasjon.<\/p>\n<p><b>Intet er fjernere <\/b>fra kringkastingssjefens p\u00e5st\u00e5tte omd\u00f8mmepleie og n\u00f8ytralitet enn at NRKs eier og ledelse bidrar til at Norge p\u00e5 nytt opptrer dobbeltmoralsk og bryter Folkemordkommisjonens p\u00e5legg om aktivt \u00e5 forebygge mulige folkemord.<\/p>\n<p><b>For de som fortsatt <\/b>m\u00e5tte tvile: Israels <a href=\"https:\/\/www.nrk.no\/nyheter\/israels-president_-glad-israel-far-delta-i-eurovision-1.17679557\" rel=\"nofollow noopener\" target=\"_blank\">president Herzog var krystallklar<\/a> i sin takk til EBUs \u2013 og NRKs \u2018n\u00f8ytrale\u2019 st\u00f8tte: &#8211; Jeg vil takke alle som har st\u00e5tt opp for Israel. Avgj\u00f8relsen viser solidaritet, fellesskap og samarbeid.<\/p>\n<p><b>NRKs st\u00f8tte <\/b>til israelsk deltakelse i ESC er alts\u00e5 ingen n\u00f8ytralitet, men en aktiv og solidarisk st\u00f8tte til Israel, ikke til Palestina, under et p\u00e5g\u00e5ende folkemord.<\/p>\n<p><b>Vi vil at Norge og NRK<\/b> skal st\u00e5 opp for v\u00e5re faktiske grunnverdier. G\u00e5 i spiss mot apartheid, rasisme og folkemord, aktivt forsvare folkeretten og menneskeverdet.<\/p>\n<p><b>N\u00e5r den jobben<\/b> er gjort og Israel er stoppet, da kan vi synge.<\/p>\n","protected":false},"excerpt":{"rendered":"\u2018En nasjon som beg\u00e5r folkemord kan ikke fortsette \u00e5 synge. En verden som ser en nasjon beg\u00e5 folkemord&hellip;\n","protected":false},"author":2,"featured_media":111194,"comment_status":"","ping_status":"","sticky":false,"template":"","format":"standard","meta":{"footnotes":""},"categories":[5],"tags":[36,20,21,4120,24,25,1024,12204,15,19,22,23,17,18,13,30,28,7013,29,13636,14,1533,16,6651,26,27],"class_list":{"0":"post-111193","1":"post","2":"type-post","3":"status-publish","4":"format-standard","5":"has-post-thumbnail","7":"category-overskrifter","8":"tag-art","9":"tag-breaking-news","10":"tag-breakingnews","11":"tag-eurovision-song-contest","12":"tag-featured-news","13":"tag-featurednews","14":"tag-folkemord","15":"tag-gaza-krigen","16":"tag-headlines","17":"tag-hovedoppslag","18":"tag-latest-news","19":"tag-latestnews","20":"tag-main-news","21":"tag-mainnews","22":"tag-news","23":"tag-no","24":"tag-norge","25":"tag-norge-og-israel","26":"tag-norway","27":"tag-nrk-og-israel","28":"tag-nyheter","29":"tag-opinion","30":"tag-overskrifter","31":"tag-palestinakonflikten","32":"tag-top-stories","33":"tag-topstories"},"share_on_mastodon":{"url":"https:\/\/pubeurope.com\/@no\/115706073477951478","error":""},"_links":{"self":[{"href":"https:\/\/www.europesays.com\/no\/wp-json\/wp\/v2\/posts\/111193","targetHints":{"allow":["GET"]}}],"collection":[{"href":"https:\/\/www.europesays.com\/no\/wp-json\/wp\/v2\/posts"}],"about":[{"href":"https:\/\/www.europesays.com\/no\/wp-json\/wp\/v2\/types\/post"}],"author":[{"embeddable":true,"href":"https:\/\/www.europesays.com\/no\/wp-json\/wp\/v2\/users\/2"}],"replies":[{"embeddable":true,"href":"https:\/\/www.europesays.com\/no\/wp-json\/wp\/v2\/comments?post=111193"}],"version-history":[{"count":0,"href":"https:\/\/www.europesays.com\/no\/wp-json\/wp\/v2\/posts\/111193\/revisions"}],"wp:featuredmedia":[{"embeddable":true,"href":"https:\/\/www.europesays.com\/no\/wp-json\/wp\/v2\/media\/111194"}],"wp:attachment":[{"href":"https:\/\/www.europesays.com\/no\/wp-json\/wp\/v2\/media?parent=111193"}],"wp:term":[{"taxonomy":"category","embeddable":true,"href":"https:\/\/www.europesays.com\/no\/wp-json\/wp\/v2\/categories?post=111193"},{"taxonomy":"post_tag","embeddable":true,"href":"https:\/\/www.europesays.com\/no\/wp-json\/wp\/v2\/tags?post=111193"}],"curies":[{"name":"wp","href":"https:\/\/api.w.org\/{rel}","templated":true}]}}