{"id":111203,"date":"2025-12-12T10:22:44","date_gmt":"2025-12-12T10:22:44","guid":{"rendered":"https:\/\/www.europesays.com\/no\/111203\/"},"modified":"2025-12-12T10:22:44","modified_gmt":"2025-12-12T10:22:44","slug":"man-trenger-ikke-bo-et-sted-for-a-forsta-hvordan-man-har-det-der","status":"publish","type":"post","link":"https:\/\/www.europesays.com\/no\/111203\/","title":{"rendered":"\u2013 Man trenger ikke bo et sted for \u00e5 forst\u00e5 hvordan man har det der"},"content":{"rendered":"<p>    En Oslo-orientert trio med en snittalder p\u00e5 snaut 40 skal lede H\u00f8yre fram mot neste valg. Valgkomiteen forsikrer at geografien er godt representert.<\/p>\n<p>\n        Leder i H\u00f8yres valgkomit\u00e9 Christian Ingebrigtsen forsikrer at komiteen har lagt vekt p\u00e5 geografi n\u00e5r de har satt sammen forslag til ny partiledelse. Ine Eriksen S\u00f8reide, Henrik Asheim og Ola Svenneby ble presentert sammen med resten av arbeidsutvalget.<br \/>\n        Foto: Gorm Kallestad \/ NTB\n    <\/p>\n<p class=\"kicker tertiary color_mobile_tertiary\" style=\"\">Innenriks<\/p>\n<p>Henrik Asheim (42) og Ola Svenneby (28) foresl\u00e5s av valgkomiteen som nestledere i H\u00f8yres nye partiledelse, sammen med Ine Eriksen S\u00f8reide (49) som leder. Sammen med tre til utgj\u00f8r disse toppledelsen i partiet.<\/p>\n<p>\u2013 Geografi er utvilsomt et element n\u00e5r man skal sette sammen et bredt lag. Det handler litt om hvor du bor, men ikke bare om det, sa valgkomiteens leder Christian Ingebrigtsen p\u00e5 en pressekonferanse torsdag ettermiddag.<\/p>\n<p>Der ble den foresl\u00e5tte ledelsen beh\u00f8rig presentert, og som ventet kom det sp\u00f8rsm\u00e5l om den Oslo-orienterte trioen.<\/p>\n<p>                <img decoding=\"async\" src=\"https:\/\/www.europesays.com\/no\/wp-content\/uploads\/2025\/12\/10106346.webp\" width=\"480\" height=\"274\" title=\"Henrik Asheim da valgkomiteen hadde presentert sin innstilling til ny partiledelse p\u00e5 H\u00f8yres Hus i Oslo.\" alt=\"\" loading=\"lazy\" style=\"\"\/><\/p>\n<p>\n            Henrik Asheim da valgkomiteen hadde presentert sin innstilling til ny partiledelse p\u00e5 H\u00f8yres Hus i Oslo.<br \/>\n            Foto: Gorm Kallestad \/ NTB\n        <\/p>\n<p>\u2013 Vi opererer ikke med et skille mellom ledertrioen og arbeidsutvalget som s\u00e5dan, svarte Ingebrigtsen.<\/p>\n<p>Han pekte p\u00e5 at de seks medlemmene har bred geografisk spredning, blant annet kommer tre fra kysten, men at de ogs\u00e5 har ulike perspektiver.<\/p>\n<p>\u2013 Og det handler vel s\u00e5 mye om det. Man beh\u00f8ver ikke bo et sted for \u00e5 forst\u00e5 hvordan man har det der.<\/p>\n<p>Geografi \u2013 mer enn bosted<\/p>\n<p>Bergenseren Peter Fr\u00f8lich (38), som i helgen trakk seg som nestlederkandidat, blir foresl\u00e5tt som medlem i det mektige arbeidsutvalget. Det gj\u00f8r ogs\u00e5 Grete Ellingsen (49) fra Nordland. Margret Hagerup (45) fra Rogaland foresl\u00e5s som leder av H\u00f8yres kvinneforum.<\/p>\n<p>I tillegg legges det vekt p\u00e5 at Ine Marie Eriksen er vokst opp i b\u00e5de Akershus og Troms, mens Asheim har reist landet rundt \u2013 ikke minst for \u00e5 lytte til folk. Svenneby er oppvokst i V\u00e5ler i Hedmark.<\/p>\n<p>Ingebrigtsen understreket at det viktigste for valgkomiteen var \u00e5 sette sammen et bredt lag som kan jobbe fram mot neste valg om to \u00e5r.<\/p>\n<p>\u2013 Til sammen mener komiteen at dette er laget H\u00f8yre trenger for \u00e5 l\u00f8fte seg til \u00e5 bli det ledende partiet p\u00e5 borgerlig side igjen, sier Ingebrigtsen, som ogs\u00e5 er leder av Tr\u00f8ndelag H\u00f8yre.<\/p>\n<p>Han forteller om en sv\u00e6rt grundig prosess som har p\u00e5g\u00e5tt i hele h\u00f8st, med tusenvis av innspill, mange intervjuer og lange dr\u00f8ftinger.<\/p>\n<p>\u2013 Vi har tatt oss god tid; derfor har vi ogs\u00e5 klart \u00e5 lande p\u00e5 en enhetlig innstilling. Den er basert p\u00e5 grundige samtaler og forventningsavklaringer med kandidatene, men ogs\u00e5 forventninger ute i partiet, sier Ingebrigtsen.<\/p>\n<p>Ungdomsleder rett inn<\/p>\n<p>Den nye partiledelsen skal velges p\u00e5 et ekstraordin\u00e6rt landsm\u00f8te i februar.<\/p>\n<p>Ola Svenneby, avtroppende Unge H\u00f8yre-leder, stilte til valg fra Oslo, men kom ikke inn p\u00e5 Stortinget.<\/p>\n<p>\u2013 Dette er ganske stort, og litt skremmende, men med dette laget blir det bra, sier Svenneby til pressen.<\/p>\n<p>\u2013 Det er ikke hverdagskost \u00e5 l\u00f8fte en Unge H\u00f8yre-leder rett inn i partiledelsen, men vi mener dette er riktig n\u00e5, sier komit\u00e9leder Ingebrigtsen.<\/p>\n<p>\u2013 Livet foran seg<\/p>\n<p>Henrik Asheim sitter allerede som nestleder, og foresl\u00e5s dermed gjenvalgt. Han er fra Akershus og er stortingsrepresentant p\u00e5 det 12. \u00e5ret. Han sitter n\u00e5 i finanskomiteen.<\/p>\n<p>\u2013 Henrik representerer erfaring og kontinuitet i denne innstillingen, men er fortsatt ung og med livet foran seg, sier Ingebrigtsen om 42-\u00e5ringen.<\/p>\n<p>                <img decoding=\"async\" src=\"https:\/\/www.europesays.com\/no\/wp-content\/uploads\/2025\/12\/10106540.webp\" width=\"480\" height=\"274\" title=\"Margret Hagerup (til venstre) skal lede H\u00f8yres kvinneforum. I arbeidsutvalget foresl\u00e5s Grete Ellingsen og Peter Fr\u00f8lich, nestledere blir Ola Svenneby og Henrik Asheim, med Ine Eriksen S\u00f8reide som partileder.\" alt=\"Margret Hagerup (til venstre) skal lede H\u00f8yres kvinneforum. I arbeidsutvalget foresl\u00e5s Grete Ellingsen og Peter Fr\u00f8lich, nestledere blir Ola Svenneby og Henrik Asheim, med Ine Eriksen S\u00f8reide som partileder.\" loading=\"lazy\" style=\"\"\/><\/p>\n<p>\n            Margret Hagerup (til venstre) skal lede H\u00f8yres kvinneforum. I arbeidsutvalget foresl\u00e5s Grete Ellingsen og Peter Fr\u00f8lich, nestledere blir Ola Svenneby og Henrik Asheim, med Ine Eriksen S\u00f8reide som partileder.<br \/>\n            Foto: Gorm Kallestad\/NTB\n        <\/p>\n<p>Det foresl\u00e5s \u00e9n endring i H\u00f8yres sentralstyre, nemlig at H\u00e5vard \u00d8vreg\u00e5rd g\u00e5r ut og erstattes av ordf\u00f8rer i Bod\u00f8, Odd Emil Ingebrigtsen.<\/p>\n<p>Utfordrer ikke<\/p>\n<p>Sandra Bruflot (33) fra Buskerud ville bli nestleder i H\u00f8yre. Etter at valgkomiteens innstilling kom og hun ikke ble nevnt, sa Bruflot at hun ikke vil utfordre den.<\/p>\n<p>\u2013 Jeg kommer ikke til \u00e5 utfordre innstillingen p\u00e5 landsm\u00f8tet. N\u00e5 skal jeg finne meg en jobb utenfor politikken, og det ser jeg fram til, sier hun til VG.<\/p>\n<p>Heller ikke Erlend Svardal B\u00f8e (32) fra Troms, som ogs\u00e5 var kandidat, vil utfordre innstillingen.<\/p>\n<p>\u2013 F\u00f8rst \u2013 jeg er ikke sur! Denne kabalen blir veldig bra. H\u00f8yre er ikke enkeltpersoner, men et lag. Dette blir bra, sier han til VG.<\/p>\n","protected":false},"excerpt":{"rendered":"En Oslo-orientert trio med en snittalder p\u00e5 snaut 40 skal lede H\u00f8yre fram mot neste valg. Valgkomiteen forsikrer&hellip;\n","protected":false},"author":2,"featured_media":111204,"comment_status":"","ping_status":"","sticky":false,"template":"","format":"standard","meta":{"footnotes":""},"categories":[5],"tags":[20,21,24,25,15,19,22,23,17,18,13,30,28,29,14,16,26,27],"class_list":{"0":"post-111203","1":"post","2":"type-post","3":"status-publish","4":"format-standard","5":"has-post-thumbnail","7":"category-overskrifter","8":"tag-breaking-news","9":"tag-breakingnews","10":"tag-featured-news","11":"tag-featurednews","12":"tag-headlines","13":"tag-hovedoppslag","14":"tag-latest-news","15":"tag-latestnews","16":"tag-main-news","17":"tag-mainnews","18":"tag-news","19":"tag-no","20":"tag-norge","21":"tag-norway","22":"tag-nyheter","23":"tag-overskrifter","24":"tag-top-stories","25":"tag-topstories"},"share_on_mastodon":{"url":"https:\/\/pubeurope.com\/@no\/115706104944424950","error":""},"_links":{"self":[{"href":"https:\/\/www.europesays.com\/no\/wp-json\/wp\/v2\/posts\/111203","targetHints":{"allow":["GET"]}}],"collection":[{"href":"https:\/\/www.europesays.com\/no\/wp-json\/wp\/v2\/posts"}],"about":[{"href":"https:\/\/www.europesays.com\/no\/wp-json\/wp\/v2\/types\/post"}],"author":[{"embeddable":true,"href":"https:\/\/www.europesays.com\/no\/wp-json\/wp\/v2\/users\/2"}],"replies":[{"embeddable":true,"href":"https:\/\/www.europesays.com\/no\/wp-json\/wp\/v2\/comments?post=111203"}],"version-history":[{"count":0,"href":"https:\/\/www.europesays.com\/no\/wp-json\/wp\/v2\/posts\/111203\/revisions"}],"wp:featuredmedia":[{"embeddable":true,"href":"https:\/\/www.europesays.com\/no\/wp-json\/wp\/v2\/media\/111204"}],"wp:attachment":[{"href":"https:\/\/www.europesays.com\/no\/wp-json\/wp\/v2\/media?parent=111203"}],"wp:term":[{"taxonomy":"category","embeddable":true,"href":"https:\/\/www.europesays.com\/no\/wp-json\/wp\/v2\/categories?post=111203"},{"taxonomy":"post_tag","embeddable":true,"href":"https:\/\/www.europesays.com\/no\/wp-json\/wp\/v2\/tags?post=111203"}],"curies":[{"name":"wp","href":"https:\/\/api.w.org\/{rel}","templated":true}]}}