{"id":111205,"date":"2025-12-12T10:23:09","date_gmt":"2025-12-12T10:23:09","guid":{"rendered":"https:\/\/www.europesays.com\/no\/111205\/"},"modified":"2025-12-12T10:23:09","modified_gmt":"2025-12-12T10:23:09","slug":"hvordan-er-det-mulig-2","status":"publish","type":"post","link":"https:\/\/www.europesays.com\/no\/111205\/","title":{"rendered":"\u2013 Hvordan er det mulig?"},"content":{"rendered":"\n<p class=\"_lead_o9xde_2 _lead_xtcu6_50 layout-component text-serif-m layout-normal text-serif-l layout-component layout-wide layout-padded _wide_17hqh_1 layout-padded\">Alpinlegenden viste gammel klasse da hun kj\u00f8rte inn til suveren ledelse i utforrennet i Sveits. <\/p>\n<p> <img class=\"_image_qp4xg_65 layout-component layout-wide\" data-fullscreen- data-track-element-type=\"Article image fullscreen\" data-track-name=\"ImageFullscreen\" fetchpriority=\"high\" decoding=\"sync\" loading=\"eager\" height=\"102\" itemprop=\"image\"  src=\"https:\/\/www.europesays.com\/no\/wp-content\/uploads\/2025\/12\/0a8365c4dc638c3931ccad3d9f9d9eea.jpg\"  style=\"object-position:50% 50%;aspect-ratio:1.75;height:auto;object-fit:cover;width:100%\" width=\"102\"\/>   Oppdatert fredag 12. desember kl. 11:22     <\/p>\n<p class=\"_paragraph_o9xde_4 _paragraph_xtcu6_10 layout-component text-serif-m layout-normal text-serif-m layout-padded\">Rennet p\u00e5g\u00e5r fremdeles og kan f\u00f8lges p\u00e5 Viaplay \/ V Sport 1. De antatt beste har kj\u00f8rt.<\/p>\n<p class=\"_paragraph_o9xde_4 _paragraph_xtcu6_10 layout-component text-serif-m layout-normal text-serif-m layout-padded\">Vonn viste form allerede da hun vant den f\u00f8rste treningen i St. Moritz onsdag, foran Kajsa Vickhoff Lie. <\/p>\n<p class=\"_paragraph_o9xde_4 _paragraph_xtcu6_10 layout-component text-serif-m layout-normal text-serif-m layout-padded\">Da det virkelig gjaldt i fredagens utforrenn, leverte veteranen varene \u2013 og viste at gammel storhet fortsatt er intakt.<\/p>\n<p class=\"_paragraph_o9xde_4 _paragraph_xtcu6_10 layout-component text-serif-m layout-normal text-serif-m layout-padded\"><strong class=\"_strong_o9xde_25\">Vonn suste inn til en klar ledelse foran \u00f8sterrikske Mirjam Puchner, med hele ett sekund og 16 hundredeler. Puchners landskvinne Magdalena Egger kj\u00f8rte p\u00e5 sent startnummer inn til 2.-plass, 98 hundredeler bak Vonn. <\/strong><\/p>\n<p class=\"_paragraph_o9xde_4 _paragraph_xtcu6_10 layout-component text-serif-m layout-normal text-serif-m layout-padded\">\u2013 Det var en statement av en annen verden. Det er voldsomt, sier alpinekspert Kjetil Jansrud til VG. <\/p>\n<p class=\"_paragraph_o9xde_4 _paragraph_xtcu6_10 layout-component text-serif-m layout-normal text-serif-m layout-padded\">\u2013 Hvordan er det mulig? undret Viaplay-ekspert Kristina Riis-Johannessen.<\/p>\n<p class=\"_paragraph_o9xde_4 _paragraph_xtcu6_10 layout-component text-serif-m layout-normal text-serif-m layout-padded\">Dersom Vonn st\u00e5r igjen som vinner, blir hun den eldste alpinisten \u2013 uansett kj\u00f8nn \u2013 til \u00e5 vinne et verdenscuprenn.<\/p>\n<p>Foto: Luciano Bisi \/ AP \/ NTB<\/p>\n<p class=\"_paragraph_o9xde_4 _paragraph_xtcu6_10 layout-component text-serif-m layout-normal text-serif-m layout-padded\">\u2013 Det hun leverer i dag er utklassing. Det var det ingen som s\u00e5 for seg skulle v\u00e6re mulig, sier Jansrud. <\/p>\n<p class=\"_paragraph_o9xde_4 _paragraph_xtcu6_10 layout-component text-serif-m layout-normal text-serif-m layout-padded\">Han omtaler Vonns l\u00f8p som en \u00abmaktdemonstrasjon\u00bb. <\/p>\n<ul class=\"_list_o9xde_3 _list_xtcu6_9 _unordered_o9xde_106 layout-component text-serif-m layout-normal text-serif-m layout-padded\">\n<li class=\"_item_o9xde_30\">Vonn l\u00e5 38 hundredeler bak Puchner i f\u00f8rste sektor, men derfra og ned gjorde hun alt rett. <\/li>\n<li class=\"_item_o9xde_30\">Ved sektor to (av fem) l\u00e5 hun 23 hundredeler bak, mens hun p\u00e5 neste var hele \u00e5tte tideler foran.<\/li>\n<\/ul>\n<p class=\"_paragraph_o9xde_4 _paragraph_xtcu6_10 layout-component text-serif-m layout-normal text-serif-m layout-padded\">\u2013 Man blir jo egentlig stum av beundring, sier Jansrud. <\/p>\n<p class=\"_paragraph_o9xde_4 _paragraph_xtcu6_10 layout-component text-serif-m layout-normal text-serif-m layout-padded\"><strong class=\"_strong_o9xde_25\">Vonn trenes av den Jansruds mange\u00e5rige lagkamerat <a href=\"https:\/\/www.vg.no\/tag\/aksel-lund-svindal?utm_source=vg-article&amp;utm_medium=auto-tagger&amp;utm_campaign=pB6EmG\" class=\"_link_o9xde_39\" rel=\"nofollow noopener\" target=\"_blank\">Aksel Lund Svindal<\/a>.<\/strong><\/p>\n<p class=\"_paragraph_o9xde_4 _paragraph_xtcu6_10 layout-component text-serif-m layout-normal text-serif-m layout-padded\">Hun la opp i 2019 og forklarte da at kroppen hennes var \u00ab\u00f8delagt mer enn det er mulig \u00e5 fikse\u00bb, men returnerte til alpinsirkuset i fjor\u00e5rssesongen \u2013 i en alder av 40 \u00e5r.<\/p>\n<p class=\"_paragraph_o9xde_4 _paragraph_xtcu6_10 layout-component text-serif-m layout-normal text-serif-m layout-padded\">Amerikaneren debuterte i verdenscupen som 16-\u00e5ring i \u00e5r 2000. I l\u00f8pet av de neste 19 \u00e5rene ble 41-\u00e5ringen en av tidenes mestvinnende alpinister med sine\u00a082 verdenscupseire\u00a0og fire sammenlagtseire. Bare landskvinne Mikaela Shiffrin er foran p\u00e5 samme liste med sine 104.<\/p>\n<p class=\"_paragraph_o9xde_4 _paragraph_xtcu6_10 layout-component text-serif-m layout-normal text-serif-m layout-padded\">Vonns forrige seier i verdenscupen kom 14. mars 2018 i svenske \u00c5re.<\/p>\n<p class=\"_paragraph_o9xde_4 _paragraph_xtcu6_10 layout-component text-serif-m layout-normal text-serif-m layout-padded\">Vickhoff Lie fikk det ikke helt til \u00e5 stemme i konkurransen og ligger 2.08 bak Vonn p\u00e5 18.-plass. Marte Monsen ligger i skrivende stund p\u00e5 en 26.-plass, 2.79 bak.<\/p>\n<p class=\"_paragraph_o9xde_4 _paragraph_xtcu6_10 layout-component text-serif-m layout-normal layout-padded\"><strong class=\"_strong_o9xde_25\">Les ogs\u00e5:<\/strong> <a href=\"https:\/\/www.vg.no\/i\/GyoXol\" data-track-element-type=\"Link\" data-track-id=\"link:GyoXol\" class=\"_link_o9xde_39\" rel=\"nofollow noopener\" target=\"_blank\">Sendeskjema for vintersport: Dette skjer uke for uke <\/a><\/p>\n","protected":false},"excerpt":{"rendered":"Alpinlegenden viste gammel klasse da hun kj\u00f8rte inn til suveren ledelse i utforrennet i Sveits. Oppdatert fredag 12.&hellip;\n","protected":false},"author":2,"featured_media":111196,"comment_status":"","ping_status":"","sticky":false,"template":"","format":"standard","meta":{"footnotes":""},"categories":[59],"tags":[248,249,9805,13637,247,9373,30,28,29,83,82,13638],"class_list":{"0":"post-111205","1":"post","2":"type-post","3":"status-publish","4":"format-standard","5":"has-post-thumbnail","7":"category-sport","8":"tag-aksel-lund-svindal","9":"tag-alpint","10":"tag-kajsa-vickhoff-lie","11":"tag-kristina-riis-johannessen","12":"tag-lindsey-vonn","13":"tag-mikaela-shiffrin","14":"tag-no","15":"tag-norge","16":"tag-norway","17":"tag-sport","18":"tag-sports","19":"tag-st-moritz"},"share_on_mastodon":{"url":"https:\/\/pubeurope.com\/@no\/115706108501318892","error":""},"_links":{"self":[{"href":"https:\/\/www.europesays.com\/no\/wp-json\/wp\/v2\/posts\/111205","targetHints":{"allow":["GET"]}}],"collection":[{"href":"https:\/\/www.europesays.com\/no\/wp-json\/wp\/v2\/posts"}],"about":[{"href":"https:\/\/www.europesays.com\/no\/wp-json\/wp\/v2\/types\/post"}],"author":[{"embeddable":true,"href":"https:\/\/www.europesays.com\/no\/wp-json\/wp\/v2\/users\/2"}],"replies":[{"embeddable":true,"href":"https:\/\/www.europesays.com\/no\/wp-json\/wp\/v2\/comments?post=111205"}],"version-history":[{"count":0,"href":"https:\/\/www.europesays.com\/no\/wp-json\/wp\/v2\/posts\/111205\/revisions"}],"wp:featuredmedia":[{"embeddable":true,"href":"https:\/\/www.europesays.com\/no\/wp-json\/wp\/v2\/media\/111196"}],"wp:attachment":[{"href":"https:\/\/www.europesays.com\/no\/wp-json\/wp\/v2\/media?parent=111205"}],"wp:term":[{"taxonomy":"category","embeddable":true,"href":"https:\/\/www.europesays.com\/no\/wp-json\/wp\/v2\/categories?post=111205"},{"taxonomy":"post_tag","embeddable":true,"href":"https:\/\/www.europesays.com\/no\/wp-json\/wp\/v2\/tags?post=111205"}],"curies":[{"name":"wp","href":"https:\/\/api.w.org\/{rel}","templated":true}]}}