{"id":111208,"date":"2025-12-12T10:29:14","date_gmt":"2025-12-12T10:29:14","guid":{"rendered":"https:\/\/www.europesays.com\/no\/111208\/"},"modified":"2025-12-12T10:29:14","modified_gmt":"2025-12-12T10:29:14","slug":"politikk-nyheter-rodt-stiller-mistillitsforslag-mot-byradsleder-christine-meyer","status":"publish","type":"post","link":"https:\/\/www.europesays.com\/no\/111208\/","title":{"rendered":"Politikk, Nyheter | R\u00f8dt stiller mistillitsforslag mot byr\u00e5dsleder Christine Meyer"},"content":{"rendered":"\n<p>\u00abDe siste ukene har overskrifter om varsling og fryktkultur i Bergen kommune preget mediebildet.\u00bb<\/p>\n<p>Slik innledes pressemeldingen fra R\u00f8dt fredag, der partiet kunngj\u00f8r at de stiller mistillitsforslag mot byr\u00e5dsleder Christine Meyer.<\/p>\n<p>Videre vises det til at konsernhovedvernombudene har st\u00e5tt frem og fortalt om uro og faren for fryktkultur i flere byr\u00e5dsavdelinger.<\/p>\n<p>\u2013 De peker p\u00e5 at det var n\u00f8dvendig \u00e5 g\u00e5 til media, fordi de opplever at det ikke f\u00f8rer frem n\u00e5r de tar opp saker internt. Dette maler et urovekkende bilde av situasjonen for ansatte i Bergen kommune.<\/p>\n<p>I h\u00f8st har konsernhovedvernombudene st\u00e5tt frem i BT og fortalt om dette.<\/p>\n<p>Bakteppet er saken der hovedvernombudet May Britt Kindem har f\u00e5tt krav om \u00e5 levere fra seg e-poster, sms-er og telefonlogger til byr\u00e5dsavdelingen.<\/p>\n<p>En byr\u00e5dsavdeling hun st\u00e5r i strid med, i forbindelse med en personalsak der en seksjonssjef ble flyttet.<\/p>\n<p>  <a href=\"https:\/\/www.ba.no\/5-8-3249350\" class=\"related-teaser has-image default-story-teaser article--c-eRUmMG article--c-eRUmMG-jKCPdD-design-default\" rel=\"nofollow noopener\" target=\"_blank\"><\/p>\n<p>    <img decoding=\"async\" loading=\"lazy\"  src=\"https:\/\/www.europesays.com\/no\/wp-content\/uploads\/2025\/12\/SE1_5032_1.JPG\" alt=\"\" class=\"brick-c-cFOWSL\" style=\"\"\/><\/p>\n<p>\n            Les ogs\u00e5<\/p>\n<p>              Peker p\u00e5 byr\u00e5kratene: \u2013 Jeg har ikke hatt noe med saken \u00e5 gj\u00f8re\n        <\/p>\n<p>  <\/a><\/p>\n<p>If\u00f8lge R\u00f8dt har Meyer v\u00e6rt en p\u00e5driver for at denne dialogen skal overleveres.<\/p>\n<p>Nektet for \u00e5 ha noe med det \u00e5 gj\u00f8re<\/p>\n<p>Denne uken forklarte Meyer i forretningsutvalget at hun hadde bedt kommuneadvokaten om \u00e5 gj\u00f8re vurderingen, og at innsynssaken ikke hadde v\u00e6rt p\u00e5 hennes bord.<\/p>\n<p>   <img decoding=\"async\" width=\"8256\" height=\"5504\" fetchpriority=\"low\"  loading=\"lazy\"  src=\"https:\/\/www.europesays.com\/no\/wp-content\/uploads\/2025\/12\/1105.jpg\" alt=\"\" class=\"brick-c-cFOWSL\" style=\"--brick-image-ratio: 8256 \/ 5504;\"\/><\/p>\n<p>      Mailiss Solheim-\u00c5kerblom.<br \/>\n      Foto: Emil Weatherhead Breistein\n    <\/p>\n<p>\u2013 Byr\u00e5dsleder, som byens \u00f8verste leder, burde ikke trenge en avklaring fra kommuneadvokaten for \u00e5 vite at et verneombud ikke er en del av kommunens administrasjon, skriver R\u00f8dts gruppeleder Mailiss Solheim-\u00c5kerblom i pressemeldingen.<\/p>\n<p>\u2013 Et verneombud er en tillitsvalgt valgt etter arbeidsmilj\u00f8loven, og g\u00e5r dermed ikke inn under offentlighetslovens bestemmelse om dokumentinnsyn.<\/p>\n<p>De mener at n\u00e5r byr\u00e5dslederen legger opp til at dialog rundt saker verneombudene jobber med skal utleveres til kommunen, kommer hele verneombudsinstituttet under press og arbeidstakeres rettigheter svekkes.<\/p>\n<p>\u2013 Da vil det v\u00e6re n\u00e6r sagt umulig for et verneombud \u00e5 f\u00f8lge opp jobben en<a href=\"chrome-extension:\/\/oeopbcgkkoapgobdbedcemjljbihmemj\/popup.html?source=toolbar#\" rel=\"nofollow\"> <\/a>har f\u00e5tt tillit til \u00e5 gj\u00f8re for de ansatte, skriver \u00c5kerblom.<\/p>\n<p>M\u00f8ter mye kritikk<\/p>\n<p>Tidligere har Aps gruppeleder Linn Eng\u00f8 sagt at hun tror Bergen savner en politisk leder som tar ansvar.<\/p>\n<p>\u2013 Her burde hun st\u00e5tt opp for hovedverneombudet, pressefriheten og ytringsfriheten, men velger \u00e5 gjemme seg bak administrasjonen og kommuneadvokaten.<\/p>\n<p>Til BA sier hun n\u00e5 at dette f\u00f8rst og fremst er en sv\u00e6rt alvorlig sak. Hun mener at Meyer burde forst\u00e5 den s\u00e6rlige rollen hovedverneombudene har.<\/p>\n<p>\u2013 N\u00e5 m\u00e5 vi avvente redegj\u00f8relsen fra kommuneadvokaten, og kontrollutvalget sin oppf\u00f8lging. Jeg vil ikke forskuttere hva vi eventuelt vil mene i et sp\u00f8rsm\u00e5l om mistillit til Meyer, det m\u00e5 vi komme tilbake til n\u00e5r vi har mer informasjon.<\/p>\n<p>Per-Arne Larsen (V) har tidligere meldt at denne saken skal opp i Kontrollutvalget som han leder, i forbindelse med hvordan varslinger h\u00e5ndteres i kommunen.<\/p>\n<p>Saken settes ogs\u00e5 i forbindelse med gjengjeldelse mot varslere, og Meyer er kalt inn der. <\/p>\n<p><b>Kommuneadvokaten har enn\u00e5 ikke levert fra seg sin redegj\u00f8relse om hvorvidt hovedverneombudets kommunikasjon med eksterne akt\u00f8rer er omfattet av offentlighetsloven.<\/b><\/p>\n<p>  <a href=\"https:\/\/www.ba.no\/5-8-3244581\" class=\"related-teaser has-image default-story-teaser article--c-eRUmMG article--c-eRUmMG-jKCPdD-design-default\" rel=\"nofollow noopener\" target=\"_blank\"><\/p>\n<p>    <img decoding=\"async\" loading=\"lazy\"  src=\"https:\/\/www.europesays.com\/no\/wp-content\/uploads\/2025\/12\/DSC_5108+kopi.jpg\" alt=\"\" class=\"brick-c-cFOWSL\" style=\"\"\/><\/p>\n<p>\n            Les ogs\u00e5<\/p>\n<p>              Flere reagerer kraftig: \u2013 I verste fall har de bare ikke greie p\u00e5 hva de driver med\n        <\/p>\n<p>  <\/a><\/p>\n<p>BA oppdaterer saken.<\/p>\n","protected":false},"excerpt":{"rendered":"\u00abDe siste ukene har overskrifter om varsling og fryktkultur i Bergen kommune preget mediebildet.\u00bb Slik innledes pressemeldingen fra&hellip;\n","protected":false},"author":2,"featured_media":108223,"comment_status":"","ping_status":"","sticky":false,"template":"","format":"standard","meta":{"footnotes":""},"categories":[10],"tags":[36,20,21,24,25,15,22,23,13,30,28,29,14,16,41,1553,1510,26,27],"class_list":{"0":"post-111208","1":"post","2":"type-post","3":"status-publish","4":"format-standard","5":"has-post-thumbnail","7":"category-norge","8":"tag-art","9":"tag-breaking-news","10":"tag-breakingnews","11":"tag-featured-news","12":"tag-featurednews","13":"tag-headlines","14":"tag-latest-news","15":"tag-latestnews","16":"tag-news","17":"tag-no","18":"tag-norge","19":"tag-norway","20":"tag-nyheter","21":"tag-overskrifter","22":"tag-politikk","23":"tag-rodt","24":"tag-story","25":"tag-top-stories","26":"tag-topstories"},"share_on_mastodon":{"url":"https:\/\/pubeurope.com\/@no\/115706132508182673","error":""},"_links":{"self":[{"href":"https:\/\/www.europesays.com\/no\/wp-json\/wp\/v2\/posts\/111208","targetHints":{"allow":["GET"]}}],"collection":[{"href":"https:\/\/www.europesays.com\/no\/wp-json\/wp\/v2\/posts"}],"about":[{"href":"https:\/\/www.europesays.com\/no\/wp-json\/wp\/v2\/types\/post"}],"author":[{"embeddable":true,"href":"https:\/\/www.europesays.com\/no\/wp-json\/wp\/v2\/users\/2"}],"replies":[{"embeddable":true,"href":"https:\/\/www.europesays.com\/no\/wp-json\/wp\/v2\/comments?post=111208"}],"version-history":[{"count":0,"href":"https:\/\/www.europesays.com\/no\/wp-json\/wp\/v2\/posts\/111208\/revisions"}],"wp:featuredmedia":[{"embeddable":true,"href":"https:\/\/www.europesays.com\/no\/wp-json\/wp\/v2\/media\/108223"}],"wp:attachment":[{"href":"https:\/\/www.europesays.com\/no\/wp-json\/wp\/v2\/media?parent=111208"}],"wp:term":[{"taxonomy":"category","embeddable":true,"href":"https:\/\/www.europesays.com\/no\/wp-json\/wp\/v2\/categories?post=111208"},{"taxonomy":"post_tag","embeddable":true,"href":"https:\/\/www.europesays.com\/no\/wp-json\/wp\/v2\/tags?post=111208"}],"curies":[{"name":"wp","href":"https:\/\/api.w.org\/{rel}","templated":true}]}}