{"id":111209,"date":"2025-12-12T10:30:09","date_gmt":"2025-12-12T10:30:09","guid":{"rendered":"https:\/\/www.europesays.com\/no\/111209\/"},"modified":"2025-12-12T10:30:09","modified_gmt":"2025-12-12T10:30:09","slug":"se-oversikten-disse-54-kioskene-legges-ned-neste-ar","status":"publish","type":"post","link":"https:\/\/www.europesays.com\/no\/111209\/","title":{"rendered":"Se oversikten: Disse 54 kioskene legges ned neste \u00e5r"},"content":{"rendered":"<p> Flest nedleggelser skjer i Oslo, skriver <a href=\"https:\/\/handelswatch.no\/nyheter\/kramhandel\/article18833487.ece\" rel=\"noopener nofollow\" target=\"_blank\">HandelsWatch<\/a> , som skrev om saken f\u00f8rst.<\/p>\n<p>I slutten av november ble det kjent at Reitan Convenience skal avvikle 70 kiosker rundt om i landet fra og med neste \u00e5r. Fredag bekreftet selskapet hvilke kiosker som blir lagt ned i 2026.<\/p>\n<p>Listen viser at totalt 50 Narvesen-kiosker forsvinner neste \u00e5r. Ogs\u00e5 fire 7-Eleven-kiosker blir ber\u00f8rt. De endelige nedleggelsesdatoene er enn\u00e5 ikke avklart.<\/p>\n<p> \u2013 Vi deler i f\u00f8rste omgang en oversikt over kioskene der avvikling er besluttet i l\u00f8pet av 2026, ettersom vi fremdeles er i dialog med de ber\u00f8rte franchisetakerne og g\u00e5rdeierne om l\u00f8sninger for de resterende lokasjonene, heter det i en <a href=\"https:\/\/www.reitanretail.no\/pressemeldinger\/reitan-convenience-norway-restrukturerer-for-a-skape-en-mer-fremtidsrettet-butikkportefolje\" rel=\"noopener nofollow\" target=\"_blank\">pressemelding<\/a> fra Reitan Convenience.<\/p>\n<p>Flest nedleggelser skjer i Oslo, med i alt 15 kiosker. Flertallet av Narvesen-kioskene er tilknyttet T-banelinjer i utkanten av Oslo. Trondheim mister nest flest kiosker av byene, der fire Narvesen-kiosker forsvinner.<\/p>\n<p>Selskapet har begrunnet nedleggelsen med vedvarende negativ utvikling i kundegrunnlaget og sviktende l\u00f8nnsomhet.<\/p>\n<p>Dette er en oversikt over hvilke kiosker\u00a0Reitan\u00a0Convenience Norway vil legge ned i l\u00f8pet av 2026.<\/p>\n<p><strong>Narvesen-kiosker:<\/strong><\/p>\n<p>Narvesen Oddensenteret, Grimstad<\/p>\n<p>Narvesen Mandal<\/p>\n<p>Narvesen Maxi Stormarked, Sandnes<\/p>\n<p>Narvesen Sletten Senter, Bergen<\/p>\n<p>Narvesen Vestkanten, Loddefjord<\/p>\n<p>Narvesen Sartor Senter, Straume<\/p>\n<p>Narvesen Oasen senter, Fyllingsdalen<\/p>\n<p>Narvesen Roseby senter, Molde<\/p>\n<p>Narvesen Amfi Nord, \u00c5lesund<\/p>\n<p>Narvesen Herkules senter, Skien<\/p>\n<p>Narvesen Galleriet, Oslo<\/p>\n<p>Narvesen Torgbygget, Oslo<\/p>\n<p>Narvesen Pilestredet, Oslo<\/p>\n<p>Narvesen Diagonale, Oslo<\/p>\n<p>Narvesen Vestli T-bane, Oslo<\/p>\n<p>Narvesen Veitvet T-bane, Oslo<\/p>\n<p>Narvesen Linderud Senter, Oslo<\/p>\n<p>Narvesen Stovner Senter, Oslo<\/p>\n<p>Narvesen Haugerud T-bane, Oslo<\/p>\n<p>Narvesen Ellingsrud\u00e5sen T-bane, Oslo<\/p>\n<p>Narvesen Brynseng T-bane, Oslo<\/p>\n<p>Narvesen Bogerud T-bane, Oslo<\/p>\n<p>Narvesen Karlsrud T-bane, Oslo<\/p>\n<p>Narvesen Triaden, L\u00f8renskog<\/p>\n<p>Narvesen Metrosenteret, Sk\u00e5rer<\/p>\n<p>Narvesen Kolbotn Torg<\/p>\n<p>Narvesen Ski Storsenter<\/p>\n<p>Narvesen Ski Storsenter \u00d8st<\/p>\n<p>Narvesen Vinterbro S\u00f8r<\/p>\n<p>Narvesen Vestby Storsenter<\/p>\n<p>Narvesen Dr\u00f8bak City<\/p>\n<p>Narvesen Str\u00f8ket Asker<\/p>\n<p>Narvesen Sandvika Storsenter<\/p>\n<p>Narvesen Storbyen, Sarpsborg<\/p>\n<p>Narvesen Borg Storsenter, Sarpsborg<\/p>\n<p>Narvesen Tista Senter, Halden<\/p>\n<p>Narvesen Buskerud Storsenter<\/p>\n<p>Narvesen Sande<\/p>\n<p>Narvesen Strandtorget, Lillehammer<\/p>\n<p>Narvesen Amfi Elverum<\/p>\n<p>Narvesen CC Hamar<\/p>\n<p>Narvesen Maxi, Hamar<\/p>\n<p><strong>Narvesen Lade, Trondheim<\/strong><\/p>\n<p><strong>Narvesen Valentinlyst, Trondheim<\/strong><\/p>\n<p><strong>Narvesen S\u00f8bstadvegen, Heimdal<\/strong><\/p>\n<p><strong>Narvesen City Syd, Tiller<\/strong><\/p>\n<p>Narvesen Narvik Amfi<\/p>\n<p>Narvesen Byterminalen, Harstad<\/p>\n<p>Narvesen Finnsnes Amfi<\/p>\n<p>Narvesen Jekta \u00d8st, Troms\u00f8<\/p>\n<p><strong>7-Eleven-kiosker:<\/strong><\/p>\n<p>7-Eleven Skagen, Stavanger<\/p>\n<p>7-Eleven Ladeg\u00e5rdsgaten, Bergen<\/p>\n<p>7-Eleven Hegdehaugsveien, Oslo<\/p>\n<p>7-Eleven Grefsen, Oslo<\/p>\n<p><img decoding=\"async\" src=\"data:image\/gif;base64,R0lGODlhEAAJAIAAAP\/\/\/wAAACH5BAEAAAAALAAAAAAQAAkAAAIKhI+py+0Po5yUFQA7\" alt=\"\"\/><br \/>\n  Blant annet forsvinner Narvesen-butikken p\u00e5 Ladetorget.<br \/>\n  <strong>Foto:<\/strong> Morten Antonsen<\/p>\n","protected":false},"excerpt":{"rendered":"Flest nedleggelser skjer i Oslo, skriver HandelsWatch , som skrev om saken f\u00f8rst. I slutten av november ble&hellip;\n","protected":false},"author":2,"featured_media":111210,"comment_status":"","ping_status":"","sticky":false,"template":"","format":"standard","meta":{"footnotes":""},"categories":[5],"tags":[20,21,24,25,15,19,22,23,17,18,13,30,28,29,14,16,26,27],"class_list":{"0":"post-111209","1":"post","2":"type-post","3":"status-publish","4":"format-standard","5":"has-post-thumbnail","7":"category-overskrifter","8":"tag-breaking-news","9":"tag-breakingnews","10":"tag-featured-news","11":"tag-featurednews","12":"tag-headlines","13":"tag-hovedoppslag","14":"tag-latest-news","15":"tag-latestnews","16":"tag-main-news","17":"tag-mainnews","18":"tag-news","19":"tag-no","20":"tag-norge","21":"tag-norway","22":"tag-nyheter","23":"tag-overskrifter","24":"tag-top-stories","25":"tag-topstories"},"share_on_mastodon":{"url":"https:\/\/pubeurope.com\/@no\/115706136176983872","error":""},"_links":{"self":[{"href":"https:\/\/www.europesays.com\/no\/wp-json\/wp\/v2\/posts\/111209","targetHints":{"allow":["GET"]}}],"collection":[{"href":"https:\/\/www.europesays.com\/no\/wp-json\/wp\/v2\/posts"}],"about":[{"href":"https:\/\/www.europesays.com\/no\/wp-json\/wp\/v2\/types\/post"}],"author":[{"embeddable":true,"href":"https:\/\/www.europesays.com\/no\/wp-json\/wp\/v2\/users\/2"}],"replies":[{"embeddable":true,"href":"https:\/\/www.europesays.com\/no\/wp-json\/wp\/v2\/comments?post=111209"}],"version-history":[{"count":0,"href":"https:\/\/www.europesays.com\/no\/wp-json\/wp\/v2\/posts\/111209\/revisions"}],"wp:featuredmedia":[{"embeddable":true,"href":"https:\/\/www.europesays.com\/no\/wp-json\/wp\/v2\/media\/111210"}],"wp:attachment":[{"href":"https:\/\/www.europesays.com\/no\/wp-json\/wp\/v2\/media?parent=111209"}],"wp:term":[{"taxonomy":"category","embeddable":true,"href":"https:\/\/www.europesays.com\/no\/wp-json\/wp\/v2\/categories?post=111209"},{"taxonomy":"post_tag","embeddable":true,"href":"https:\/\/www.europesays.com\/no\/wp-json\/wp\/v2\/tags?post=111209"}],"curies":[{"name":"wp","href":"https:\/\/api.w.org\/{rel}","templated":true}]}}