{"id":11121,"date":"2025-08-18T09:05:12","date_gmt":"2025-08-18T09:05:12","guid":{"rendered":"https:\/\/www.europesays.com\/no\/11121\/"},"modified":"2025-08-18T09:05:12","modified_gmt":"2025-08-18T09:05:12","slug":"nyheter-skolestart-politiet-varsler-flere-kontroller-mandag-morgen","status":"publish","type":"post","link":"https:\/\/www.europesays.com\/no\/11121\/","title":{"rendered":"Nyheter, Skolestart | Politiet varsler flere kontroller mandag morgen"},"content":{"rendered":"\n<p>Politiet meldte om ulykken like etter klokka 22.30.<\/p>\n<p>B\u00e5ten som ten\u00e5ringen kj\u00f8rte, ble p\u00e5kj\u00f8rt av en hurtigg\u00e5ende b\u00e5t i Hus\u00f8ysund utenfor T\u00f8nsberg.<\/p>\n<p>\u2013 En gutt i midten av ten\u00e5rene har v\u00e6rt ute i b\u00e5t og blitt p\u00e5kj\u00f8rt av en hurtigg\u00e5ende gul b\u00e5t. Han fremst\u00e5r som lettere skadet og bl\u00f8r litt i den ene foten, skriver operasjonsleder \u00d8ystein Paus Eikedalen i S\u00f8r\u00f8st politidistrikt i politiloggen.<\/p>\n<p>Ten\u00e5ringens b\u00e5t tok inn vann etter sammenst\u00f8tet. En annen fritidsb\u00e5t kj\u00f8rte gutten inn til Vall\u00f8 b\u00e5thavn, og politiet jobber n\u00e5 med \u00e5 finne ut hvem som kj\u00f8rte den andre b\u00e5ten.<\/p>\n<p>  <a href=\"https:\/\/www.op.no\/5-36-1813218\" class=\"related-teaser has-image default-story-teaser article--c-eRUmMG article--c-eRUmMG-jKCPdD-design-default\" rel=\"nofollow noopener\" target=\"_blank\"><\/p>\n<p>    <img decoding=\"async\" loading=\"lazy\"  src=\"https:\/\/www.europesays.com\/no\/wp-content\/uploads\/2025\/08\/VAREBIL.jpgARKIV%3A\" alt=\"\" class=\"brick-c-cFOWSL\" style=\"\"\/><\/p>\n<p>\n            Les ogs\u00e5<\/p>\n<p>              Utro tjener skal ha trikset med d\u00f8dsulykke: \u2013 Denne saken var spesiell\n        <\/p>\n<p>  <\/a><br \/>\n  Skolestart i dag<\/p>\n<p>I dag starter skolene igjen, og det betyr at politiet er ute for \u00e5 kontrollere trafikken.<\/p>\n<p>Politiet skal sl\u00e5 ned p\u00e5 h\u00f8y fart, ruskj\u00f8ring og sjekke at barn og bilf\u00f8rer har bilbelte, melder <a href=\"https:\/\/www.nrk.no\/vestfoldogtelemark\/nyhetssenter-vestfold-og-telemark-1.16231022\" rel=\"Follow nofollow noopener\" target=\"_blank\">NRK Vestfold og Telemark.<\/a><\/p>\n<p>Ved ungdomsskoler og videreg\u00e5ende skoler blir mopeder, lett motorsykler og elsparkesykler kontrollert, sier assisterende distriktsleder Stine Benjaminsen Nyg\u00e5rd i UP til NRK.<\/p>\n<p>Politiet skal ha flere kontroller ut august.<\/p>\n<p>  <a href=\"https:\/\/www.op.no\/5-36-1813187\" class=\"related-teaser has-image default-story-teaser article--c-eRUmMG article--c-eRUmMG-jKCPdD-design-default\" rel=\"nofollow noopener\" target=\"_blank\"><\/p>\n<p>    <img decoding=\"async\" loading=\"lazy\"  src=\"https:\/\/www.europesays.com\/no\/wp-content\/uploads\/2025\/08\/ebe28a9e-016f-468e-b73b-41cdb72c0604.heic\" alt=\"\" class=\"brick-c-cFOWSL\" style=\"\"\/><\/p>\n<p>\n            Les ogs\u00e5<\/p>\n<p>              \u2013 Tungt \u00e5 miste huset vi var blitt s\u00e5 glad i\n        <\/p>\n<p>  <\/a><br \/>\n  V\u00e6r og trafikk<\/p>\n<p>Det blir en ny, fin dag i Larvik med sol og temperaturer opp mot 24 grader, med svak vind, melder <a href=\"https:\/\/www.yr.no\/nb\/v%C3%A6rvarsel\/timetabell\/1-32911\/Norge\/Vestfold\/Larvik\/Larvik?i=0\" rel=\"Follow nofollow noopener\" target=\"_blank\">yr.no.<\/a><\/p>\n<p>Det er ikke meldt om forsinkelser verken fra Torp eller p\u00e5 Vestfoldbanen.<\/p>\n<p>Fra klokken 18 mandag kveld m\u00e5 all tungtransport finne omkj\u00f8ringsveier mellom Siljan og Kvelde.<\/p>\n<p>I forbindelse med utskiftning av en stikkrenne blir nemlig fylkesvei 3046, Svartangveien, som g\u00e5r mellom Siljan og Kvelde, stengt for tyngre biler fram til tirsdag morgen.<\/p>\n<p>Les mer om det <a href=\"https:\/\/www.op.no\/stenger-vei-for-tungtransport\/s\/5-36-1812999\" rel=\"Follow nofollow noopener\" target=\"_blank\">HER.<\/a>.<\/p>\n<p>Det er ellers ikke meldt om problemer i trafikken mandag morgen.<\/p>\n","protected":false},"excerpt":{"rendered":"Politiet meldte om ulykken like etter klokka 22.30. B\u00e5ten som ten\u00e5ringen kj\u00f8rte, ble p\u00e5kj\u00f8rt av en hurtigg\u00e5ende b\u00e5t&hellip;\n","protected":false},"author":2,"featured_media":11122,"comment_status":"","ping_status":"","sticky":false,"template":"","format":"standard","meta":{"footnotes":""},"categories":[10],"tags":[36,20,21,24,25,15,22,23,13,30,28,29,14,16,2274,1633,1510,26,27,431],"class_list":{"0":"post-11121","1":"post","2":"type-post","3":"status-publish","4":"format-standard","5":"has-post-thumbnail","7":"category-norge","8":"tag-art","9":"tag-breaking-news","10":"tag-breakingnews","11":"tag-featured-news","12":"tag-featurednews","13":"tag-headlines","14":"tag-latest-news","15":"tag-latestnews","16":"tag-news","17":"tag-no","18":"tag-norge","19":"tag-norway","20":"tag-nyheter","21":"tag-overskrifter","22":"tag-politiet-sor-ost","23":"tag-skolestart","24":"tag-story","25":"tag-top-stories","26":"tag-topstories","27":"tag-tonsberg"},"share_on_mastodon":{"url":"","error":""},"_links":{"self":[{"href":"https:\/\/www.europesays.com\/no\/wp-json\/wp\/v2\/posts\/11121","targetHints":{"allow":["GET"]}}],"collection":[{"href":"https:\/\/www.europesays.com\/no\/wp-json\/wp\/v2\/posts"}],"about":[{"href":"https:\/\/www.europesays.com\/no\/wp-json\/wp\/v2\/types\/post"}],"author":[{"embeddable":true,"href":"https:\/\/www.europesays.com\/no\/wp-json\/wp\/v2\/users\/2"}],"replies":[{"embeddable":true,"href":"https:\/\/www.europesays.com\/no\/wp-json\/wp\/v2\/comments?post=11121"}],"version-history":[{"count":0,"href":"https:\/\/www.europesays.com\/no\/wp-json\/wp\/v2\/posts\/11121\/revisions"}],"wp:featuredmedia":[{"embeddable":true,"href":"https:\/\/www.europesays.com\/no\/wp-json\/wp\/v2\/media\/11122"}],"wp:attachment":[{"href":"https:\/\/www.europesays.com\/no\/wp-json\/wp\/v2\/media?parent=11121"}],"wp:term":[{"taxonomy":"category","embeddable":true,"href":"https:\/\/www.europesays.com\/no\/wp-json\/wp\/v2\/categories?post=11121"},{"taxonomy":"post_tag","embeddable":true,"href":"https:\/\/www.europesays.com\/no\/wp-json\/wp\/v2\/tags?post=11121"}],"curies":[{"name":"wp","href":"https:\/\/api.w.org\/{rel}","templated":true}]}}