{"id":111213,"date":"2025-12-12T10:32:14","date_gmt":"2025-12-12T10:32:14","guid":{"rendered":"https:\/\/www.europesays.com\/no\/111213\/"},"modified":"2025-12-12T10:32:14","modified_gmt":"2025-12-12T10:32:14","slug":"thylane-blondeaus-rorende-hyllest-til-avdode-stefar-gerard-kadoche","status":"publish","type":"post","link":"https:\/\/www.europesays.com\/no\/111213\/","title":{"rendered":"Thylane Blondeaus r\u00f8rende hyllest til avd\u00f8de stefar G\u00e9rard Kadoche"},"content":{"rendered":"<p class=\"kicker \" style=\"\">Thylane Blondeau:<\/p>\n<p>  \u00abVerdens vakreste jente\u00bb i sorg. &#8211; Vi er s\u00e5 fortvilte uten deg, skriver hun.\u00a0<\/p>\n<p>\n    HYLLER: Modellen Thylane Blondeau hyller stefaren i sosiale medier etter at han d\u00f8de av buksputtkjertelkreft onsdag. Foto: Instagram \/ @thylaneblondeau\n  <\/p>\n<p>Modellen Thylane Blondeau (24) har avsl\u00f8rt den triste nyheten om at stefaren henne har g\u00e5tt bort.\u00a0<\/p>\n<p>Den 24 \u00e5r gamle modellen, som er datter av den franske fotballspilleren Patrick Blondeau (57) og tv-programlederen Veronika Loubry (57), ble verdenskjent etter \u00e5 ha blitt kalt \u00abverdens vakreste jente\u00bb.\u00a0<\/p>\n<p>    <a itemprop=\"url\" href=\"https:\/\/www.seher.no\/kjendis\/kjenner-du-henne-igjen\/83730131\" rel=\"nofollow noopener\" target=\"_blank\"><\/p>\n<p>        <img loading=\"lazy\" decoding=\"async\" src=\"https:\/\/www.europesays.com\/no\/wp-content\/uploads\/2025\/12\/83701395.webp\" width=\"980\" height=\"441\" title=\"Kjenner du henne igjen?\" alt=\"\" class=\"lazyload\" style=\"--aspect-ratio-image: 2.22; \"\/><\/p>\n<p>        Kjenner du henne igjen? <\/p>\n<p>    <\/a><\/p>\n<p>Patrick og Veronika var gift fra 2002 til 2016 f\u00f8r de skilte seg. Deretter fant Veronika kj\u00e6rligheten igjen med produsenten G\u00e9rard Kadoche (61). Paret var sammen i nesten ti \u00e5r og var forlovet.\u00a0<\/p>\n<p>        <img loading=\"lazy\" decoding=\"async\" src=\"https:\/\/www.europesays.com\/no\/wp-content\/uploads\/2025\/12\/83975606.webp\" width=\"686\" height=\"686\" title=\"MIN G\u00c9G\u00c9: Torsdag la stedatteren ut en r\u00f8rende hyllest til ham i sine sosiale medier. Foto: Instagram \/ @thylaneblondeau\" alt=\"\" class=\"\" style=\"--aspect-ratio-image: 1.00; \"\/><\/p>\n<p>\n        MIN G\u00c9G\u00c9: Torsdag la stedatteren ut en r\u00f8rende hyllest til ham i sine sosiale medier. Foto: Instagram \/ @thylaneblondeau\n    <\/p>\n<p>Etter lang tids kreftsykdom d\u00f8de G\u00e9rard onsdag. Torsdag la stedatteren ut en r\u00f8rende hyllest til ham i sine sosiale medier.<\/p>\n<p>\u00abMin G\u00e9g\u00e9. Om du bare visste hvor mye vi savner deg allerede. Vi er s\u00e5 fortvilte uten deg\u00bb, skrev hun ved siden av en rekke familiebilder.<\/p>\n<p>\u00abDu har en s\u00e5 viktig plass i hjertet mitt, i livet mitt. Jeg er s\u00e5 takknemlig for alt du l\u00e6rte meg, for alt du gjorde for mamma, lillebroren min og meg. Livet uten deg vil aldri bli det samme\u00bb, fortsatte hun.<\/p>\n<p>Modellen beskrev stefaren som en kriger og takket ham for alltid \u00e5 ha trodd p\u00e5 henne.<\/p>\n<p>    <a itemprop=\"url\" href=\"https:\/\/www.seher.no\/kjendis\/slik-gikk-det-med-verdens-vakreste-jente\/81620284\" rel=\"nofollow noopener\" target=\"_blank\"><\/p>\n<p>        <img loading=\"lazy\" decoding=\"async\" src=\"https:\/\/www.europesays.com\/no\/wp-content\/uploads\/2025\/12\/81644798.webp\" width=\"980\" height=\"441\" title=\"Slik gikk det med \u00abverdens vakreste jente\u00bb\" alt=\"\" class=\"lazyload\" style=\"--aspect-ratio-image: 2.22; \"\/><\/p>\n<p>        Slik gikk det med \u00abverdens vakreste jente\u00bb<\/p>\n<p>    <\/a><\/p>\n<p>\u00abJeg lover at jeg skal ta vare p\u00e5 mamma, lillebroren min og s\u00f8strene mine for alltid. Min kj\u00e6re stefar. Jeg elsker deg s\u00e5 mye, for alltid\u00bb, avsluttet hun.<\/p>\n<p>Ogs\u00e5 Veronika delte sin egen hjerteskj\u00e6rende hyllest p\u00e5 Instagram.<\/p>\n<p>\u00abKj\u00e6rligheten i livet mitt har g\u00e5tt bort, etter to \u00e5r og ni m\u00e5neder med en kamp ingen noensinne burde m\u00e5tte m\u00f8te\u00bb, skrev hun.\u00a0<\/p>\n<p>\u00abJeg var utrolig heldig som fikk elske en eksepsjonell mann som elsket meg fra f\u00f8rste dag, og i nesten ti \u00e5r n\u00e5. Hans frav\u00e6r gjennomtrenger meg allerede dypt, men hans kj\u00e6rlighet vil aldri forlate meg\u00bb, la hun til.<\/p>\n<p>I april 2023 avsl\u00f8rte Veronika offentlig at G\u00e9rard hadde f\u00e5tt kreftdiagnosen.<\/p>\n","protected":false},"excerpt":{"rendered":"Thylane Blondeau: \u00abVerdens vakreste jente\u00bb i sorg. &#8211; Vi er s\u00e5 fortvilte uten deg, skriver hun.\u00a0 HYLLER: Modellen&hellip;\n","protected":false},"author":2,"featured_media":111214,"comment_status":"","ping_status":"","sticky":false,"template":"","format":"standard","meta":{"footnotes":""},"categories":[58],"tags":[576,71,479,2543,30,28,29,8636,72],"class_list":{"0":"post-111213","1":"post","2":"type-post","3":"status-publish","4":"format-standard","5":"has-post-thumbnail","7":"category-underholdning","8":"tag-dodsfall","9":"tag-entertainment","10":"tag-kjendis","11":"tag-kjendisdesken","12":"tag-no","13":"tag-norge","14":"tag-norway","15":"tag-thylane-blondeau","16":"tag-underholdning"},"share_on_mastodon":{"url":"https:\/\/pubeurope.com\/@no\/115706144117673484","error":""},"_links":{"self":[{"href":"https:\/\/www.europesays.com\/no\/wp-json\/wp\/v2\/posts\/111213","targetHints":{"allow":["GET"]}}],"collection":[{"href":"https:\/\/www.europesays.com\/no\/wp-json\/wp\/v2\/posts"}],"about":[{"href":"https:\/\/www.europesays.com\/no\/wp-json\/wp\/v2\/types\/post"}],"author":[{"embeddable":true,"href":"https:\/\/www.europesays.com\/no\/wp-json\/wp\/v2\/users\/2"}],"replies":[{"embeddable":true,"href":"https:\/\/www.europesays.com\/no\/wp-json\/wp\/v2\/comments?post=111213"}],"version-history":[{"count":0,"href":"https:\/\/www.europesays.com\/no\/wp-json\/wp\/v2\/posts\/111213\/revisions"}],"wp:featuredmedia":[{"embeddable":true,"href":"https:\/\/www.europesays.com\/no\/wp-json\/wp\/v2\/media\/111214"}],"wp:attachment":[{"href":"https:\/\/www.europesays.com\/no\/wp-json\/wp\/v2\/media?parent=111213"}],"wp:term":[{"taxonomy":"category","embeddable":true,"href":"https:\/\/www.europesays.com\/no\/wp-json\/wp\/v2\/categories?post=111213"},{"taxonomy":"post_tag","embeddable":true,"href":"https:\/\/www.europesays.com\/no\/wp-json\/wp\/v2\/tags?post=111213"}],"curies":[{"name":"wp","href":"https:\/\/api.w.org\/{rel}","templated":true}]}}