{"id":111217,"date":"2025-12-12T10:36:17","date_gmt":"2025-12-12T10:36:17","guid":{"rendered":"https:\/\/www.europesays.com\/no\/111217\/"},"modified":"2025-12-12T10:36:17","modified_gmt":"2025-12-12T10:36:17","slug":"eu-maling-nei-siden-dobler-ledelsen","status":"publish","type":"post","link":"https:\/\/www.europesays.com\/no\/111217\/","title":{"rendered":"EU-m\u00e5ling: Nei-siden dobler ledelsen"},"content":{"rendered":"\n<p class=\"_lead_o9xde_2 _lead_xtcu6_50 layout-component text-serif-m layout-normal text-serif-l layout-component layout-wide layout-padded _wide_17hqh_1 layout-padded\">EU-motstanden blant norske velgere blir stadig st\u00f8rre. N\u00e5 sier 53 prosent nei til norsk EU-medlemskap, mens 33 prosent sier ja. I Ap har det skjedd en markant endring i \u00e5r. <\/p>\n<p><img alt=\"EU-tilhengeren Jonas Gahr St\u00f8re, her med EU-kommisjonens president Ursula von der Leyen, har n\u00e5 et knapt neiflertall blant egne velgere.    Foto: Espen Rasmussen \/ VG\" class=\"_image_qp4xg_65 layout-component layout-wide\" data-fullscreen- data-track-element-type=\"Article image fullscreen\" data-track-name=\"ImageFullscreen\" fetchpriority=\"high\" decoding=\"sync\" loading=\"eager\" height=\"5211\" itemprop=\"image\"  src=\"https:\/\/www.europesays.com\/no\/wp-content\/uploads\/2025\/12\/98024d77-a71d-4bfd-9c3c-e56c7020e5a2\"  style=\"object-position:0% 0%\" width=\"7812\"\/>EU-tilhengeren Jonas Gahr St\u00f8re, her med EU-kommisjonens president Ursula von der Leyen, har n\u00e5 et knapt neiflertall blant egne velgere.    Foto: Espen Rasmussen \/ VG<\/p>\n<ul aria-hidden=\"true\" class=\"_images_ntbth_112\">\n<li><a class=\"_link_ntbth_117\" href=\"https:\/\/www.vg.no\/forfatter\/alf-bjarne-johnsen\" style=\"z-index:2\" title=\"Alf Bjarne Johnsen\" rel=\"nofollow noopener\" target=\"_blank\"><img alt=\"Bilde av Alf Bjarne Johnsen\" class=\"_image_ntbth_93\" fetchpriority=\"low\" loading=\"lazy\" decoding=\"async\" itemprop=\"image\"  src=\"https:\/\/www.europesays.com\/no\/wp-content\/uploads\/2025\/12\/1765535772_633_a8952b63-f4d3-424e-ab5c-93e67076c9b0\"  width=\"480\"\/><\/a><\/li>\n<li><a class=\"_link_ntbth_117\" href=\"https:\/\/www.vg.no\/forfatter\/eirik-roesvik\" style=\"z-index:1\" title=\"Eirik R\u00f8svik\" rel=\"nofollow noopener\" target=\"_blank\"><img alt=\"Bilde av Eirik R\u00f8svik\" class=\"_image_ntbth_93\" fetchpriority=\"low\" loading=\"lazy\" decoding=\"async\" itemprop=\"image\"  src=\"https:\/\/www.europesays.com\/no\/wp-content\/uploads\/2025\/12\/1765535773_722_e89b2909-ac93-4edd-8a78-19e4fd985be5\"  width=\"480\"\/><\/a><\/li>\n<\/ul>\n<p> Oppdatert fredag 12. desember kl. 11:00     <\/p>\n<p class=\"_paragraph_o9xde_4 _paragraph_xtcu6_10 layout-component text-serif-m layout-normal text-serif-m layout-padded\">Nei-siden styrker seg betydelig siden mars i \u00e5r, som var sist Respons Analyse laget et <a href=\"https:\/\/www.vg.no\/tag\/eu?utm_source=vg-article&amp;utm_medium=auto-tagger&amp;utm_campaign=ExoL4A\" class=\"_link_o9xde_39\" rel=\"nofollow noopener\" target=\"_blank\">EU<\/a>-barometer for VG og Aftenposten. <\/p>\n<p class=\"_paragraph_o9xde_4 _paragraph_xtcu6_10 layout-component text-serif-m layout-normal text-serif-m layout-padded\">I <a href=\"https:\/\/www.vg.no\/nyheter\/i\/0Vl4Ro\/eu-maaling-flere-nordmenn-positive-til-eu\" data-track-element-type=\"Link\" data-track-id=\"link:0Vl4Ro\" class=\"_link_o9xde_39\" rel=\"nofollow noopener\" target=\"_blank\">mars ledet neisiden<\/a> med 10 prosentpoeng. N\u00e5 er denne ledelsen doblet til 20 prosentpoeng, viser en fersk m\u00e5ling. <\/p>\n<p class=\"_paragraph_o9xde_4 _paragraph_xtcu6_10 layout-component text-serif-m layout-normal text-serif-m layout-padded\">Og folk er mer skr\u00e5sikre p\u00e5 sitt eget EU-syn:<\/p>\n<p class=\"_paragraph_o9xde_4 _paragraph_xtcu6_10 layout-component text-serif-m layout-normal text-serif-m layout-padded\"> Vet ikke-gruppen har siden mars krympet fra 20 prosent, til 14 prosent av de som svarte p\u00e5 denne unders\u00f8kelsen.<\/p>\n<p>\u2013 \u00d8kende <\/p>\n<p class=\"_paragraph_o9xde_4 _paragraph_xtcu6_10 layout-component text-serif-m layout-normal text-serif-m layout-padded\">\u2013 Vet ikke-gruppen er n\u00e5 rekordliten. Det viser hvor stort overtak neisiden har for tiden. Mange m\u00e5linger bekrefter ogs\u00e5 at motstanden er \u00f8kende. Folk vil ikke ha noe EU-medlemskap, sier Einar Frogner, leder i Nei til EU, til VG. <\/p>\n<p><img decoding=\"async\" alt=\"Bilde av \" class=\"_image_ygndg_42\" height=\"60\" itemprop=\"image\" loading=\"lazy\"  src=\"https:\/\/www.europesays.com\/no\/wp-content\/uploads\/2025\/12\/10df8879-cb77-4ac8-8757-0fb226bf35ba\"  width=\"40\"\/><strong class=\"_name_ygndg_51 title-serif-xs\"\/><\/p>\n<p class=\"_paragraph_o9xde_4 text-sans-m _description_ygndg_56\">Einar Frogner leder Nei til EU<\/p>\n<p class=\"_paragraph_o9xde_4 _paragraph_xtcu6_10 layout-component text-serif-m layout-normal text-serif-m layout-padded\">\u2013 Hva vil du si til de i Venstre og H\u00f8yre som vil dra i gang en ny medlemskapsdebatt n\u00e5?<\/p>\n<p class=\"_paragraph_o9xde_4 _paragraph_xtcu6_10 layout-component text-serif-m layout-normal text-serif-m layout-padded\">\u2013 At de gjerne m\u00e5 dra i gang en slik debatt \u2013 om de har lyst til \u00e5 g\u00e5 p\u00e5 et formidabelt nederlag, sier Frogner.<\/p>\n<p>\u2013 Kommer svingninger <\/p>\n<p class=\"_paragraph_o9xde_4 _paragraph_xtcu6_10 layout-component text-serif-m layout-normal text-serif-m layout-padded\">Europabevegelsen, som er ja-sidens kamporganisasjon, ledes n\u00e5 av stortingsrepresentant Trine Lise Sundnes (Ap).<\/p>\n<p class=\"_paragraph_o9xde_4 _paragraph_xtcu6_10 layout-component text-serif-m layout-normal text-serif-m layout-padded\">\u2013 Jeg tar disse tallene med den st\u00f8rste ro. At det kommer svingninger i synet p\u00e5 EU-medlemskap, er hverken unaturlig eller overraskende. Folk er sinte og skuffet over at saken om <a href=\"https:\/\/e24.no\/norsk-oekonomi\/i\/gwXR3a\/naa-er-det-avgjort-norge-rammes-av-eu-toll\" class=\"_link_o9xde_39\" rel=\"nofollow noopener\" target=\"_blank\">toll p\u00e5 ferrolegeringer<\/a> endte som den gjorde. Og vi m\u00e5 v\u00e6re forberedt p\u00e5 store svingninger ogs\u00e5 i tiden fremover, sier hun.<\/p>\n<p><img decoding=\"async\" alt=\"Bilde av \" class=\"_image_ygndg_42\" height=\"27\" itemprop=\"image\" loading=\"lazy\"  src=\"https:\/\/www.europesays.com\/no\/wp-content\/uploads\/2025\/12\/7d2fe7f7-a1ad-4f7f-a875-4634326839df\"  width=\"40\"\/><strong class=\"_name_ygndg_51 title-serif-xs\"\/><\/p>\n<p class=\"_paragraph_o9xde_4 text-sans-m _description_ygndg_56\">Trine Lise Sundnes leder Europabevegelsen <\/p>\n<p class=\"_paragraph_o9xde_4 _paragraph_xtcu6_10 layout-component text-serif-m layout-normal text-serif-m layout-padded\">\u2013 Men det er bra at det er en p\u00e5g\u00e5ende diskusjon om EU og Norges rolle i Europa, og den skal vi ta oss god tid til, sier Sundnes.<\/p>\n<p>Stor endring i Ap <\/p>\n<p class=\"_paragraph_o9xde_4 _paragraph_xtcu6_10 layout-component text-serif-m layout-normal text-serif-m layout-padded\">Bakgrunnstallene i denne m\u00e5lingen, som ble tatt opp mellom 3. og 8. desember, viser en markant endring blant Arbeiderpartiets velgere. I mars var det et tydelig ja-flertall blant Ap-velgerne med 48 prosent mot 34.<\/p>\n<p class=\"_paragraph_o9xde_4 _paragraph_xtcu6_10 layout-component text-serif-m layout-normal text-serif-m layout-padded\"><strong class=\"_strong_o9xde_25\">N\u00e5 sier 44 prosent nei til EU-medlemskap. Ja-siden har krympet til 42 prosent og mistet flertallet. <\/strong><\/p>\n<p class=\"_paragraph_o9xde_4 _paragraph_xtcu6_10 layout-component text-serif-m layout-normal text-serif-m layout-padded\"> EU-motstanden er st\u00f8rst blant Sp-velgerne med 96 prosent, fulgt av 73 prosent i R\u00f8dt og 68 prosent av Frp-velgerne.<\/p>\n<p class=\"_paragraph_o9xde_4 _paragraph_xtcu6_10 layout-component text-serif-m layout-normal text-serif-m layout-padded\">P\u00e5 den andre siden er det flest velgerne i MDG (64 prosent), Venstre (63 prosent) og H\u00f8yre (49 prosent) som st\u00f8tter ja-siden. <\/p>\n<p>\u2013 Opplever at Norge straffes<\/p>\n<p class=\"_paragraph_o9xde_4 _paragraph_xtcu6_10 layout-component text-serif-m layout-normal text-serif-m layout-padded\">Valgforsker Jonas Stein ved Universitetet i Troms\u00f8 tror at tollstriden med EU har svekket ja-siden i Norge.<\/p>\n<p class=\"_paragraph_o9xde_4 _paragraph_xtcu6_10 layout-component text-serif-m layout-normal text-serif-m layout-padded\">P\u00e5 tross av en tung norsk lobbykampanje valgte EU til slutt \u00e5 <a href=\"https:\/\/e24.no\/norsk-oekonomi\/i\/gwXR3a\/naa-er-det-avgjort-norge-rammes-av-eu-toll\" class=\"_link_o9xde_39\" rel=\"nofollow noopener\" target=\"_blank\">innf\u00f8re toll p\u00e5 jernlegeringer<\/a> for \u00e5 beskytte egen industri. Det rammer norsk industri. <\/p>\n<p class=\"_paragraph_o9xde_4 _paragraph_xtcu6_10 layout-component text-serif-m layout-normal text-serif-m layout-padded\">\u2013 Dette kunne ha sl\u00e5tt ut begge veier i EU-debatten. Men folk virker \u00e5 ha blitt mer skeptiske til norsk EU-medlemskap, sier Stein til VG. <\/p>\n<p><img decoding=\"async\" alt=\"Bilde av Jonas Stein\" class=\"_image_ygndg_42\" height=\"27\" itemprop=\"image\" loading=\"lazy\"  src=\"https:\/\/www.europesays.com\/no\/wp-content\/uploads\/2025\/12\/09d0c6f8-b866-4683-8e48-7308defb748b\"  width=\"40\"\/><strong class=\"_name_ygndg_51 title-serif-xs\">Jonas Stein<\/strong><\/p>\n<p class=\"_paragraph_o9xde_4 text-sans-m _description_ygndg_56\">Valgforsker ved Universitetet i Troms\u00f8<\/p>\n<p class=\"_paragraph_o9xde_4 _paragraph_xtcu6_10 layout-component text-serif-m layout-normal text-serif-m layout-padded\">Han understreker at st\u00f8tten til fortsatt norsk E\u00d8S-medlemskap har v\u00e6rt sterk over lang tid, selv om et flertall sier nei til norsk EU-medlemskap. <\/p>\n<p class=\"_paragraph_o9xde_4 _paragraph_xtcu6_10 layout-component text-serif-m layout-normal text-serif-m layout-padded\">\u2013 Tollstriden blir brukt av ja-siden til \u00e5 argumentere for at Norge burde v\u00e6rt p\u00e5 innsiden av unionen. Hvorfor sl\u00e5r ikke det argumentet an?<\/p>\n<p class=\"_paragraph_o9xde_4 _paragraph_xtcu6_10 layout-component text-serif-m layout-normal text-serif-m layout-padded\">\u2013 Mange har opplevd at E\u00d8S-avtalen gjorde at vi var p\u00e5 innsiden. N\u00e5 opplever mange at det ikke er slik likevel i denne saken, og at Norge blir straffet av Brussel. Det sl\u00e5r negativt ut for ja-siden, sier han.<\/p>\n","protected":false},"excerpt":{"rendered":"EU-motstanden blant norske velgere blir stadig st\u00f8rre. N\u00e5 sier 53 prosent nei til norsk EU-medlemskap, mens 33 prosent&hellip;\n","protected":false},"author":2,"featured_media":111218,"comment_status":"","ping_status":"","sticky":false,"template":"","format":"standard","meta":{"footnotes":""},"categories":[10],"tags":[1513,20,21,279,13640,24,25,15,22,23,1312,13639,13,30,28,281,29,14,16,26,27,205],"class_list":{"0":"post-111217","1":"post","2":"type-post","3":"status-publish","4":"format-standard","5":"has-post-thumbnail","7":"category-norge","8":"tag-arbeiderpartiet-ap","9":"tag-breaking-news","10":"tag-breakingnews","11":"tag-eu","12":"tag-europabevegelsen","13":"tag-featured-news","14":"tag-featurednews","15":"tag-headlines","16":"tag-latest-news","17":"tag-latestnews","18":"tag-meningsmalinger","19":"tag-nei-til-eu","20":"tag-news","21":"tag-no","22":"tag-norge","23":"tag-norsk-politikk","24":"tag-norway","25":"tag-nyheter","26":"tag-overskrifter","27":"tag-top-stories","28":"tag-topstories","29":"tag-vgsamfunn"},"share_on_mastodon":{"url":"https:\/\/pubeurope.com\/@no\/115706159908561145","error":""},"_links":{"self":[{"href":"https:\/\/www.europesays.com\/no\/wp-json\/wp\/v2\/posts\/111217","targetHints":{"allow":["GET"]}}],"collection":[{"href":"https:\/\/www.europesays.com\/no\/wp-json\/wp\/v2\/posts"}],"about":[{"href":"https:\/\/www.europesays.com\/no\/wp-json\/wp\/v2\/types\/post"}],"author":[{"embeddable":true,"href":"https:\/\/www.europesays.com\/no\/wp-json\/wp\/v2\/users\/2"}],"replies":[{"embeddable":true,"href":"https:\/\/www.europesays.com\/no\/wp-json\/wp\/v2\/comments?post=111217"}],"version-history":[{"count":0,"href":"https:\/\/www.europesays.com\/no\/wp-json\/wp\/v2\/posts\/111217\/revisions"}],"wp:featuredmedia":[{"embeddable":true,"href":"https:\/\/www.europesays.com\/no\/wp-json\/wp\/v2\/media\/111218"}],"wp:attachment":[{"href":"https:\/\/www.europesays.com\/no\/wp-json\/wp\/v2\/media?parent=111217"}],"wp:term":[{"taxonomy":"category","embeddable":true,"href":"https:\/\/www.europesays.com\/no\/wp-json\/wp\/v2\/categories?post=111217"},{"taxonomy":"post_tag","embeddable":true,"href":"https:\/\/www.europesays.com\/no\/wp-json\/wp\/v2\/tags?post=111217"}],"curies":[{"name":"wp","href":"https:\/\/api.w.org\/{rel}","templated":true}]}}