{"id":111227,"date":"2025-12-12T10:45:16","date_gmt":"2025-12-12T10:45:16","guid":{"rendered":"https:\/\/www.europesays.com\/no\/111227\/"},"modified":"2025-12-12T10:45:16","modified_gmt":"2025-12-12T10:45:16","slug":"dette-bruker-de-pa-julebord-i-2025","status":"publish","type":"post","link":"https:\/\/www.europesays.com\/no\/111227\/","title":{"rendered":"Dette bruker de p\u00e5 julebord i 2025"},"content":{"rendered":"<p>N\u00e5r nettene blir lange og kulda setter inn, s\u00e5 skal noen og enhver p\u00e5 julebord. Hvordan arbeidsgivere legger opp den \u00e5rlige f\u00f8rjulsfesten, varierer veldig &#8211; s\u00e5 ogs\u00e5 i de norske departementene.<\/p>\n<p>B\u00f8rsen har sendt sp\u00f8rsm\u00e5l til alle regjeringens departementer med to enkle sp\u00f8rsm\u00e5l:<\/p>\n<ul>\n<li class=\"lab-bodytext-line italic m-italic\" data-lab-italic=\"italic\">Hvor skal dere ha julebord for de ansatte i \u00e5r?<\/li>\n<li class=\"lab-bodytext-line italic m-italic\" data-lab-italic=\"italic\">Hva er budsjettet p\u00e5 julebordet? Alts\u00e5 hvor mye penger bruker dere p\u00e5 det?<\/li>\n<\/ul>\n<p>Ikke alle departementene har svart, men blant dem som har gitt opplysninger om julebordet, er det stort sprik.<\/p>\n<p>    <a itemprop=\"url\" href=\"https:\/\/borsen.dagbladet.no\/nyheter\/ble-latterliggjort-na-er-det-slutt\/83956692\" rel=\"nofollow noopener\" target=\"_blank\"><\/p>\n<p>        <img loading=\"lazy\" decoding=\"async\" src=\"https:\/\/www.europesays.com\/no\/wp-content\/uploads\/2025\/12\/1765536311_512_83956700.webp\" width=\"980\" height=\"441\" title=\"Ble latterliggjort: N\u00e5 er det slutt\" alt=\"\" class=\"lazyload\" style=\"--aspect-ratio-image: 2.22; \"\/><\/p>\n<p>        Ble latterliggjort: N\u00e5 er det slutt<\/p>\n<p>    <\/a><\/p>\n<p>Julebord p\u00e5 Oslo Plaza\t<\/p>\n<p>Utenriksdepartementet opplyser til B\u00f8rsen at \u00e5rets julebord finner sted p\u00e5 Radisson Blu Plaza, bedre kjent som Oslo Plaza.<\/p>\n<p class=\"font-weight-bold m-font-weight-bold\" data-lab-font_weight=\"font-weight-bold\">\u00abDepartementets budsjett til \u00e5rets julebord er 450 000 kroner. Hver deltaker betaler og en egenandel p\u00e5 500 kroner\u00bb, opplyser UD, som sier at det er 410 ansatte p\u00e5meldt til julebordet.<\/p>\n<p>        <img loading=\"lazy\" decoding=\"async\" src=\"https:\/\/www.europesays.com\/no\/wp-content\/uploads\/2025\/12\/83959867.webp\" width=\"980\" height=\"559\" title=\"UD-FEST: Utenriksdepartementet avholder \u00e5rets julebord p\u00e5 Oslo Plaza. Foto: Jil Yngland \/ NTB\" alt=\"\" class=\"\" style=\"--aspect-ratio-image: 1.75; \"\/><\/p>\n<p>\n        UD-FEST: Utenriksdepartementet avholder \u00e5rets julebord p\u00e5 Oslo Plaza. Foto: Jil Yngland \/ NTB\n    <\/p>\n<p>I 2024 var det 798 ansatte i Utenriksdepartementet i Oslo, if\u00f8lge en oversikt over antallet ansatte i departementene utarbeidet av<a href=\"https:\/\/www.dfo.no\/dfo-rapport-20252-departementene-i-en-brytningstid\/vedlegg?utm_source=chatgpt.com\" rel=\"nofollow noopener\" target=\"_blank\"> Direktoratet for forvaltning og \u00f8konomistyring.<\/a><\/p>\n<p>Helse- og omsorgsdepartementet kj\u00f8rer \u00f8yensynlig en noe mer tilbakeholden linje. Deres julebord finner sted p\u00e5 kurs- og selskapslokalet H\u00e5ndverkeren i Oslo, og julebordbudsjettet er p\u00e5 200 000 kroner.<\/p>\n<p class=\"font-weight-bold m-font-weight-bold\" data-lab-font_weight=\"font-weight-bold\">\u00abDet dekker en alkoholfri velkomstdrink, treretters middag, leie av lokaler etc. Drikke til maten m\u00e5 deltakerne dekke selv\u00bb, heter det i svaret fra Helsedepartementet, som i 2024 hadde 228 ansatte.<\/p>\n<p>    Hvor mye penger bruker de per ansatt p\u00e5 julebordet?<\/p>\n<p>      Julebord:<\/p>\n<ul>\n<li class=\"lab-bodytext-line\">Klima- og milj\u00f8departementet: 1027 kroner.<\/li>\n<li class=\"lab-bodytext-line\">N\u00e6rings- og fiskeridepartementet: 987 kroner.<\/li>\n<li class=\"lab-bodytext-line\">Kunnskapsdepartementet: 979 kroner.<\/li>\n<li class=\"lab-bodytext-line\">Helse- og omsorgsdepartementet: 877 kroner.<\/li>\n<li class=\"lab-bodytext-line\">Utenriksdepartementet: 564 kroner.<\/li>\n<li class=\"lab-bodytext-line\">Samferdselsdepartementet: 234 kroner.<\/li>\n<\/ul>\n<p>Juleavslutninger \/ julefrokoster:\u00a0<\/p>\n<ul>\n<li class=\"lab-bodytext-line\">Energidepartementet: Inntil 800 kroner.<\/li>\n<li class=\"lab-bodytext-line\">Finansdepartementet: 163 kroner.<\/li>\n<\/ul>\n<p>\u00c5rsfester:<\/p>\n<ul>\n<li class=\"lab-bodytext-line\">N\u00e6rings- og fiskeridepartementet: 987 kroner.<\/li>\n<li class=\"lab-bodytext-line\">Statsministerens kontor: 500 kroner.\u00a0<\/li>\n<\/ul>\n<p>(Gjennomsnittet er regnet ut med utgangspunkt i antall ansatte, ikke antallet som er p\u00e5meldt julebordet).<\/p>\n<p>      Vis mer<br \/>\n      Vis mindre<\/p>\n<p>Fester i egne lokaler\t<\/p>\n<p>Klima- og milj\u00f8departementets 263 ansatte har ogs\u00e5 f\u00e5tt muligheten til \u00e5 ta p\u00e5 seg finstasen for \u00e5 feste litt i f\u00f8rsjulstida.\u00a0<\/p>\n<p>Der finner julebordet sted i selskapslokalet til Oslo Milit\u00e6re Samfund, og budsjettet er p\u00e5 270 000 kroner. P\u00e5 toppen av dette betaler hver ansatt en egenandel p\u00e5 450 kroner.<\/p>\n<p>Kunnskapsdepartementet opplyser at ogs\u00e5 de har julebord p\u00e5 H\u00e5ndverkeren i Oslo, og budsjetterer med utgifter p\u00e5 290 000 kroner for sine 296 ansatte.<\/p>\n<p class=\"font-weight-bold m-font-weight-bold\" data-lab-font_weight=\"font-weight-bold\">Samferdelsesdepartementet holder julebord i sine egne lokaler i Oslo sentrum.<\/p>\n<p>\u00abDet er budsjettert med 33 390 kroner, det vil si 234 kroner per ansatt\u00bb, skriver presseavdelingen i departementet, som i fjor sto oppgitt med 146 ansatte.<\/p>\n<p>    <a itemprop=\"url\" href=\"https:\/\/www.dagbladet.no\/nyheter\/kaffekutt-ber-ansatte-punge-ut\/83877465\" rel=\"nofollow noopener\" target=\"_blank\"><\/p>\n<p>        <img loading=\"lazy\" decoding=\"async\" src=\"https:\/\/www.europesays.com\/no\/wp-content\/uploads\/2025\/12\/83877499.webp\" width=\"980\" height=\"441\" title=\"Kaffekutt: Ber ansatte punge ut\" alt=\"\" class=\"lazyload\" style=\"--aspect-ratio-image: 2.22; \"\/><\/p>\n<p>        Kaffekutt: Ber ansatte punge ut<\/p>\n<p>    <\/a><\/p>\n<p>\u00c5rsfest\t<\/p>\n<p>Det er langt fra alle departement som arrangerer julebord, men som likevel har ulike varianter av arrangementer f\u00f8r jul.<\/p>\n<p>Barne- og familiedepartementet, for eksempel, arrangerer ikke felles julebord for alle ansatte. De har vanligvis en \u00e5rsfest i mars med faglig program og middag etterp\u00e5. Budsjettet for neste \u00e5rs fest er ikke satt enn\u00e5.<\/p>\n<p class=\"font-weight-bold m-font-weight-bold\" data-lab-font_weight=\"font-weight-bold\">\u00abAvdelingene arrangerer normalt et faglig seminar i november \/ desember med etterf\u00f8lgende middag. Middag legges enten hjemme hos ansatte eller p\u00e5 eksternt spisested\u00bb, opplyser departementet med 144 ansatte.<\/p>\n<p>Dersom middagen legges som avslutning p\u00e5 et faglig seminar, dekker departementet bevertning i henhold til reglene i kapittel 12 i Statens personalh\u00e5ndbok.<\/p>\n<p>    Statens personalh\u00e5ndbok, kapittel 12:<\/p>\n<p class=\"font-weight-bold m-font-weight-bold\" data-lab-font_weight=\"font-weight-bold\">Bel\u00f8psgrense pr. person:<\/p>\n<p>A. For arrangementer som er under 3 timer og ligger innenfor den ordin\u00e6re<br \/>\narbeidstiden, kan det benyttes inntil kr 234,\u2013 pr. deltaker.\u00a0<\/p>\n<p>B. For arrangementer som varer 3 timer eller mer, eller som strekker seg utover<br \/>\nden ordin\u00e6re arbeidstiden, og hvor det er n\u00f8dvendig med servering av annet<br \/>\nenn sm\u00f8rbr\u00f8d, kaffe og lignende, kan det benyttes inntil kr 529,\u2013 pr. deltaker.\u00a0<\/p>\n<p>C. For langvarige arrangementer der det er n\u00f8dvendig med to serveringer, kan det<br \/>\nbenyttes inntil kr 772,\u2013 pr. deltaker.\u00a0<\/p>\n<p>D. Der man av praktiske grunner ikke kan innta m\u00e5ltidene i kantine, spiserom,<br \/>\nm\u00f8terom eller lignende, men m\u00e5 benytte eksterne spisesteder, kan satsene<br \/>\nunder a til c \u00f8kes med inntil 50 prosent. <\/p>\n<p>      Vis mer<br \/>\n      Vis mindre<\/p>\n<p>Juleavslutninger\t<\/p>\n<p>Energidepartementet har heller ikke julebord, men det de omtaler som \u00abavdelingsvise avslutninger f\u00f8r jul\u00bb. Her inviteres ansatte, ansatte som har sluttet det siste \u00e5ret og pensjonister til en sosial sammenkomst.\u00a0<\/p>\n<p>Det kan benyttes inntil 800 kroner per deltaker til bevertning, og det budsjetteres med 180-190 ansatte. Det gir en regning p\u00e5 til sammen rundt 150 000 kroner.<\/p>\n<p class=\"font-weight-bold m-font-weight-bold\" data-lab-font_weight=\"font-weight-bold\">Heller ikke Jens Stoltenbergs finansdepartement, der man er vant til \u00e5 regne p\u00e5 kroner og \u00f8re, har julebord i tradisjonell forstand for sine 306 ansatte.<\/p>\n<p>\u00abVi arrangerer imidlertid en julefrokost for medarbeiderne i departementet, i egne lokaler. Der er alle medarbeidere, inkludert politisk ledelse, velkommen. Denne felles frokosten har en kostnad p\u00e5 om lag kr. 50 000\u00bb, opplyser departementet.<\/p>\n<p>De avdelingene som velger \u00e5 arrangere egne samlinger finansierer disse \u00abi hovedsak med velferdsmidler som er satt av til dette, og egenandeler\u00bb,<\/p>\n<p>    <a itemprop=\"url\" href=\"https:\/\/www.dagbladet.no\/nyheter\/jaevlig-dagen-derpa\/83927060\" rel=\"nofollow noopener\" target=\"_blank\"><\/p>\n<p>        <img loading=\"lazy\" decoding=\"async\" src=\"https:\/\/www.europesays.com\/no\/wp-content\/uploads\/2025\/12\/83927134.webp\" width=\"980\" height=\"441\" title=\"- J\u00e6vlig dagen derp\u00e5\" alt=\"\" class=\"lazyload\" style=\"--aspect-ratio-image: 2.22; \"\/><\/p>\n<p>        &#8211; J\u00e6vlig dagen derp\u00e5<\/p>\n<p>    <\/a><\/p>\n<p>Uformelt julearrangement\t<\/p>\n<p>\u00a0Jonas Gahr St\u00f8res unders\u00e5tter ved Statsministerens kontor (SMK) har heller ikke julebord, men SMK arrangerer derimot en \u00e5rsfest som avholdes i starten av \u00e5ret.<\/p>\n<p>\u00ab\u00c5rsfesten i januar 2025 kostet 78 084 kroner. I tillegg betalte hver enkelt deltaker 350 kroner i egenandel som dekket kostnader utover det SMK betalte over eget budsjett\u00bb, opplyser SMK, der det jobber 156 personer.<\/p>\n<p>Til dette arrangementet ble ogs\u00e5 ansatte og politikere ved kontoret som hadde fratr\u00e5dt det siste \u00e5ret invitert.<\/p>\n<p>N\u00e6rings- og fiskeridepartementet har ogs\u00e5 g\u00e5tt for en \u00e5rsfest for sine 372 ansatte heller enn et julebord. \u00c5rsfesten i 2025 ble avholdt i september i Samfunnssalen i Oslo.<\/p>\n<p class=\"font-weight-bold m-font-weight-bold\" data-lab-font_weight=\"font-weight-bold\">\u00abTotalkostnaden for \u00e5rsfesten var 390 000 kroner. Av dette bel\u00f8pet ble 18 800 kroner innbetalt som egenandel\u00bb, skriver departementet i sitt svar til B\u00f8rsen.<\/p>\n<p>I tillegg til dette arrangeres det et mer uformelt julearrangement avdelingsvis i desember. Der dekkes 234 kroner per ansatt som deltar. Departementet har 376 ansatte.<\/p>\n","protected":false},"excerpt":{"rendered":"N\u00e5r nettene blir lange og kulda setter inn, s\u00e5 skal noen og enhver p\u00e5 julebord. Hvordan arbeidsgivere legger&hellip;\n","protected":false},"author":2,"featured_media":111228,"comment_status":"","ping_status":"","sticky":false,"template":"","format":"standard","meta":{"footnotes":""},"categories":[10],"tags":[20,21,24,25,15,5592,22,23,13,30,28,29,14,16,13641,26,27],"class_list":{"0":"post-111227","1":"post","2":"type-post","3":"status-publish","4":"format-standard","5":"has-post-thumbnail","7":"category-norge","8":"tag-breaking-news","9":"tag-breakingnews","10":"tag-featured-news","11":"tag-featurednews","12":"tag-headlines","13":"tag-julebord","14":"tag-latest-news","15":"tag-latestnews","16":"tag-news","17":"tag-no","18":"tag-norge","19":"tag-norway","20":"tag-nyheter","21":"tag-overskrifter","22":"tag-regjeringens-julebord","23":"tag-top-stories","24":"tag-topstories"},"share_on_mastodon":{"url":"https:\/\/pubeurope.com\/@no\/115706195423334355","error":""},"_links":{"self":[{"href":"https:\/\/www.europesays.com\/no\/wp-json\/wp\/v2\/posts\/111227","targetHints":{"allow":["GET"]}}],"collection":[{"href":"https:\/\/www.europesays.com\/no\/wp-json\/wp\/v2\/posts"}],"about":[{"href":"https:\/\/www.europesays.com\/no\/wp-json\/wp\/v2\/types\/post"}],"author":[{"embeddable":true,"href":"https:\/\/www.europesays.com\/no\/wp-json\/wp\/v2\/users\/2"}],"replies":[{"embeddable":true,"href":"https:\/\/www.europesays.com\/no\/wp-json\/wp\/v2\/comments?post=111227"}],"version-history":[{"count":0,"href":"https:\/\/www.europesays.com\/no\/wp-json\/wp\/v2\/posts\/111227\/revisions"}],"wp:featuredmedia":[{"embeddable":true,"href":"https:\/\/www.europesays.com\/no\/wp-json\/wp\/v2\/media\/111228"}],"wp:attachment":[{"href":"https:\/\/www.europesays.com\/no\/wp-json\/wp\/v2\/media?parent=111227"}],"wp:term":[{"taxonomy":"category","embeddable":true,"href":"https:\/\/www.europesays.com\/no\/wp-json\/wp\/v2\/categories?post=111227"},{"taxonomy":"post_tag","embeddable":true,"href":"https:\/\/www.europesays.com\/no\/wp-json\/wp\/v2\/tags?post=111227"}],"curies":[{"name":"wp","href":"https:\/\/api.w.org\/{rel}","templated":true}]}}