{"id":111229,"date":"2025-12-12T10:46:45","date_gmt":"2025-12-12T10:46:45","guid":{"rendered":"https:\/\/www.europesays.com\/no\/111229\/"},"modified":"2025-12-12T10:46:45","modified_gmt":"2025-12-12T10:46:45","slug":"googles-plan-om-stromsluk-i-ostfold-vekker-reaksjoner-helt-uakseptabelt","status":"publish","type":"post","link":"https:\/\/www.europesays.com\/no\/111229\/","title":{"rendered":"Googles plan om str\u00f8msluk i \u00d8stfold vekker reaksjoner: \u2013 Helt uakseptabelt"},"content":{"rendered":"<p class=\"txt-ind\">Sofie Marhaug, 2. nestleder i R\u00f8dt, mener at Googles datasentre vil spise opp kraftoverskuddet.<\/p>\n<p class=\"txt-ind\">\u2013 Dette er enda et eksempel p\u00e5 hvordan Google og andre internasjonale tek-giganter tar seg til rette, og det er helt uakseptabelt. Vi kan ikke bruke all kraften v\u00e5r p\u00e5 \u00e5 v\u00e6re verdens gr\u00f8nne minnepinne, skriver Marhaug til NTB.<\/p>\n<p class=\"txt-ind\">Reaksjonen kommer etter Digis avsl\u00f8ring av at Google gjennom str\u00e5selskapet WS Computing AS <a href=\"https:\/\/www.digi.no\/artikler\/google-star-bak-gigantplaner-i-ostfold\/565721\" rel=\"nofollow noopener\" target=\"_blank\">har s\u00f8kt om 480 MW<\/a> kapasitet i str\u00f8momr\u00e5de NO1, tilknyttet et prosjekt i Moss-regionen.<\/p>\n<p class=\"txt-ind\">Sondre Ronander som er kommunikasjonssjef i Google Norge, bekrefter at selskapet har s\u00f8kt slik kapasitet, men fors\u00f8ker \u00e5 dempe forventningene om en snarlig byggestart.<\/p>\n<p>Helgardering<\/p>\n<p class=\"txt-ind\">Han beskriver s\u00f8knaden i \u00d8stfold som en n\u00f8dvendig helgardering i et internasjonalt spill.<\/p>\n<p class=\"txt-ind\">\u2013 Det som er essensielt \u00e5 vite her, er at \u00e5 s\u00f8ke om str\u00f8m er et av de aller f\u00f8rste stegene i en ekstremt lang beslutningsprosess. Vi planlegger alltid for potensielle fremtidige behov, sier Ronander til Digi.<\/p>\n<p><a class=\"group clear-both w-full !no-underline my-8 sm:my-12 bg-stone-50 dark:bg-brandStone-700 dark:text-brandNeutral-100 flex items-stretch flex-nowrap\" href=\"https:\/\/www.digi.no\/artikler\/nvidia-og-microsoft-gjor-storinvestering-i-ki-selskapet-anthropic\/564749\" rel=\"nofollow noopener\" target=\"_blank\"><img decoding=\"async\" class=\" object-cover h-full w-full transition-transform duration-700 ease-in-out group-hover:scale-[1.05] will-change-transform\" src=\"https:\/\/www.europesays.com\/no\/wp-content\/uploads\/2025\/12\/1765536404_0_original.jpg\"  alt=\"Anthropic og toppsjef Dario Amodei har inng\u00e5tt en avtale med Microsoft og Nvidia. Som del av avtalen f\u00e5r KI-selskapet inn 15 milliarder dollar i nye midler.\" loading=\"lazy\"\/><\/p>\n<p>Les ogs\u00e5:<\/p>\n<p class=\"group-hover:underline text-brandNeutral-900 dark:text-brandNeutral-100 mt-2 text-base sm:text-xl leading-5 sm:leading-6 font-bold\">Nvidia og Microsoft gj\u00f8r storinvestering i Anthropic<\/p>\n<p><\/a><\/p>\n<p class=\"txt-ind\">Han understreker at ingen endelig avgj\u00f8relse er tatt for planene i V\u00e5ler.<\/p>\n<p class=\"txt-ind\">\u2013 Vi har ikke bestemt oss for om vi skal bygge datasenter der, det avhenger av om vi f\u00e5r tilgang p\u00e5 str\u00f8m. Vi m\u00e5 vite om vi f\u00e5r str\u00f8m f\u00f8rst.<\/p>\n<p class=\"txt-ind\">Google er allerede i gang med bygging av et datasenter i Skien.<\/p>\n<p>Str\u00f8mforbruket har \u00f8kt med 50 prosent<\/p>\n<p class=\"txt-ind\">Datasentrenes str\u00f8mforbruk har \u00f8kt med 50 prosent p\u00e5 ett \u00e5r, if\u00f8lge en ny <a href=\"https:\/\/www.nve.no\/\/nytt-fra-nve\/nyheter-energi\/samlet-energibruk-i-norge-gaar-ned\/\" target=\"_blank\" rel=\"noopener nofollow\">energirapport<\/a> fra NVE. Datasentre brukte 1,4 terawattimer f\u00f8rste halv\u00e5r i 2025, sammenlignet med 0,9 terawattimer i samme periode i fjor.<\/p>\n<p class=\"txt-ind\">I dag st\u00e5r bransjen for rundt 1 prosent av det samlede str\u00f8mforbruket i Norge.<\/p>\n<p class=\"txt-ind\">Senterpartiet vil \u00f8ke elavgiften med 10 \u00f8re per kilowattime for datasentre. Partiet f\u00e5r st\u00f8tte av SV og R\u00f8dt.<\/p>\n<p>Ikke f\u00f8rstemann til m\u00f8lla<\/p>\n<p class=\"txt-ind\">\u2013 N\u00e5r vi ser hvor mye str\u00f8mkapasitet Googles senter alene tar, sier det litt om hva vi har i vente. Det er helt \u00e5penbart at vi m\u00e5 f\u00e5 p\u00e5 plass en konsesjonsordning n\u00e5r teknologigiganter som Google bruker str\u00f8m tilsvarende store norske byer, sier SVs nestleder Lars Haltbrekken i en kommentar til Google mulige planer.<\/p>\n<p class=\"txt-ind\">Han mener at det ikke kan v\u00e6re prinsippet om f\u00f8rstemann til m\u00f8lla som gjelder n\u00e5r det kommer til \u00e5 bruke norsk str\u00f8m.<\/p>\n<p class=\"txt-ind\">\u2013 De som trenger det mest, m\u00e5 f\u00e5 str\u00f8m f\u00f8rst, og da m\u00e5 vi prioritere vanlige folk og norsk industri, skriver han i en e-post til NTB.<\/p>\n<p><a class=\"group clear-both w-full !no-underline my-8 sm:my-12 bg-stone-50 dark:bg-brandStone-700 dark:text-brandNeutral-100 flex items-stretch flex-nowrap\" href=\"https:\/\/www.digi.no\/artikler\/google-star-bak-gigantplaner-i-ostfold\/565721\" rel=\"nofollow noopener\" target=\"_blank\"><img decoding=\"async\" class=\" object-cover h-full w-full transition-transform duration-700 ease-in-out group-hover:scale-[1.05] will-change-transform\" src=\"https:\/\/www.europesays.com\/no\/wp-content\/uploads\/2025\/12\/1765536405_338_original.jpg\"  alt=\"Det gamle missilbatteriet til Luftforsvarets Nikebataljon spilte en strategisk rolle under den kalde krigen, og ligger n\u00e5 midt i sm\u00f8r\u00f8yet for Googles planer. Milit\u00e6rleiren p\u00e5 bildet ble avviklet i 1991, men infrastrukturen vitner om forrige gang Gylder\u00e5sen var gjenstand for internasjonal interesse.\" loading=\"lazy\"\/><\/p>\n<p>Les ogs\u00e5:<\/p>\n<p class=\"group-hover:underline text-brandNeutral-900 dark:text-brandNeutral-100 mt-2 text-base sm:text-xl leading-5 sm:leading-6 font-bold\">Google st\u00e5r bak gigantplaner i \u00d8stfold<\/p>\n<p><\/a><\/p>\n","protected":false},"excerpt":{"rendered":"Sofie Marhaug, 2. nestleder i R\u00f8dt, mener at Googles datasentre vil spise opp kraftoverskuddet. \u2013 Dette er enda&hellip;\n","protected":false},"author":2,"featured_media":111230,"comment_status":"","ping_status":"","sticky":false,"template":"","format":"standard","meta":{"footnotes":""},"categories":[5],"tags":[20,21,24,25,3629,15,19,1216,22,23,17,18,13,30,28,29,14,16,26,27],"class_list":{"0":"post-111229","1":"post","2":"type-post","3":"status-publish","4":"format-standard","5":"has-post-thumbnail","7":"category-overskrifter","8":"tag-breaking-news","9":"tag-breakingnews","10":"tag-featured-news","11":"tag-featurednews","12":"tag-google","13":"tag-headlines","14":"tag-hovedoppslag","15":"tag-it-politikk","16":"tag-latest-news","17":"tag-latestnews","18":"tag-main-news","19":"tag-mainnews","20":"tag-news","21":"tag-no","22":"tag-norge","23":"tag-norway","24":"tag-nyheter","25":"tag-overskrifter","26":"tag-top-stories","27":"tag-topstories"},"share_on_mastodon":{"url":"https:\/\/pubeurope.com\/@no\/115706199173047484","error":""},"_links":{"self":[{"href":"https:\/\/www.europesays.com\/no\/wp-json\/wp\/v2\/posts\/111229","targetHints":{"allow":["GET"]}}],"collection":[{"href":"https:\/\/www.europesays.com\/no\/wp-json\/wp\/v2\/posts"}],"about":[{"href":"https:\/\/www.europesays.com\/no\/wp-json\/wp\/v2\/types\/post"}],"author":[{"embeddable":true,"href":"https:\/\/www.europesays.com\/no\/wp-json\/wp\/v2\/users\/2"}],"replies":[{"embeddable":true,"href":"https:\/\/www.europesays.com\/no\/wp-json\/wp\/v2\/comments?post=111229"}],"version-history":[{"count":0,"href":"https:\/\/www.europesays.com\/no\/wp-json\/wp\/v2\/posts\/111229\/revisions"}],"wp:featuredmedia":[{"embeddable":true,"href":"https:\/\/www.europesays.com\/no\/wp-json\/wp\/v2\/media\/111230"}],"wp:attachment":[{"href":"https:\/\/www.europesays.com\/no\/wp-json\/wp\/v2\/media?parent=111229"}],"wp:term":[{"taxonomy":"category","embeddable":true,"href":"https:\/\/www.europesays.com\/no\/wp-json\/wp\/v2\/categories?post=111229"},{"taxonomy":"post_tag","embeddable":true,"href":"https:\/\/www.europesays.com\/no\/wp-json\/wp\/v2\/tags?post=111229"}],"curies":[{"name":"wp","href":"https:\/\/api.w.org\/{rel}","templated":true}]}}