{"id":11123,"date":"2025-08-18T09:06:25","date_gmt":"2025-08-18T09:06:25","guid":{"rendered":"https:\/\/www.europesays.com\/no\/11123\/"},"modified":"2025-08-18T09:06:25","modified_gmt":"2025-08-18T09:06:25","slug":"sindre-wiig-nordby-stiller-de-dumme-sporsmalene","status":"publish","type":"post","link":"https:\/\/www.europesays.com\/no\/11123\/","title":{"rendered":"Sindre Wiig Nordby stiller de dumme sp\u00f8rsm\u00e5lene"},"content":{"rendered":"\n<p class=\"_paragraph_1bvmi_4 _paragraph_xtcu6_10 layout-component text-serif-m layout-normal text-serif-m layout-padded\">Det har blitt laget flere filmer opp mot valgkampen i \u00e5r.<\/p>\n<p class=\"_paragraph_1bvmi_4 _paragraph_xtcu6_10 layout-component text-serif-m layout-normal text-serif-m layout-padded\">I<a href=\"https:\/\/www.vg.no\/stories\/339014\/darlig-move-a-ikke-komme?playlistId=fWydCB4Eoi1zcJ4nVqwJJ50Y&amp;utm_source=vgfront&amp;utm_content=hovedlopet_row12_pos2\" class=\"_link_1bvmi_39\" rel=\"nofollow noopener\" target=\"_blank\"> \u00abIngen kommentar\u00bb<\/a> ropes passordet i statsministerboligen (\u00abkorallrev med to raller og stor k for Kuk\u00bb) i gangene s\u00e5 det jomer. <\/p>\n<p class=\"_paragraph_1bvmi_4 _paragraph_xtcu6_10 layout-component text-serif-m layout-normal text-serif-m layout-padded\">Morsomt er ogs\u00e5 svaret fra h\u00f8yresiden, dokumentaren<a href=\"https:\/\/www.youtube.com\/watch?v=jVneXVYkNt0\" class=\"_link_1bvmi_39\" rel=\"nofollow noopener\" target=\"_blank\"> \u00abHvor blir det av pengene?\u00bb<\/a><\/p>\n<p class=\"_paragraph_1bvmi_4 _paragraph_xtcu6_10 layout-component text-serif-m layout-normal text-serif-m layout-padded\">\u00abH\u00e6, er det virkelig sant\u00bb er reaksjonen til den selvironiske influenceren Sindre Wiig Nordby som unders\u00f8ker norsk pengebruk. <\/p>\n<p class=\"_paragraph_1bvmi_4 _paragraph_xtcu6_10 layout-component text-serif-m layout-normal text-serif-m layout-padded\">Med seg har han Sl\u00f8seriombudsmannen, en professor, en pensjonert h\u00e6rsjef og en eks-byr\u00e5krat. <\/p>\n<p><img alt=\"HUMORISTISK: Problemstillingen i filmen \u00abHvor blir det av pengene?\u00bb unders\u00f8kes p\u00e5 en lettfattelig og morsom m\u00e5te.   Foto: Fra: \u00abHvor blir det av pengene?\u00bb\" class=\"_image_qp4xg_65 layout-component layout-normal\" data-fullscreen- data-track-element-type=\"Article image fullscreen\" data-track-name=\"ImageFullscreen\" decoding=\"async\" loading=\"lazy\" height=\"1208\" itemprop=\"image\"  src=\"https:\/\/www.europesays.com\/no\/wp-content\/uploads\/2025\/08\/7218109d-653f-4165-9cbe-5a2ad3282870\"  style=\"object-position:0% 0%\" width=\"2116\"\/>HUMORISTISK: Problemstillingen i filmen \u00abHvor blir det av pengene?\u00bb unders\u00f8kes p\u00e5 en lettfattelig og morsom m\u00e5te.   Foto: Fra: \u00abHvor blir det av pengene?\u00bb<\/p>\n<p class=\"_paragraph_1bvmi_4 _paragraph_xtcu6_10 layout-component text-serif-m layout-normal text-serif-m layout-padded\">Og han starter med et godt sp\u00f8rsm\u00e5l. Staten blir stadig rikere. Samtidig m\u00e5 vi kutte? <\/p>\n<p class=\"_paragraph_1bvmi_4 _paragraph_xtcu6_10 layout-component text-serif-m layout-normal text-serif-m layout-padded\">V\u00e5re skandinaviske venner klarer seg uten oljen. Vi burde ha passert dem p\u00e5 listene.<\/p>\n<p class=\"_paragraph_1bvmi_4 _paragraph_xtcu6_10 layout-component text-serif-m layout-normal text-serif-m layout-padded\">Men Norge har b\u00e5de middels resultater og helsek\u00f8er. <\/p>\n<p class=\"_paragraph_1bvmi_4 _paragraph_xtcu6_10 layout-component text-serif-m layout-normal text-serif-m layout-padded\">Dokumentaren er godt laget. Wiig Nordby unng\u00e5r \u00abmansplaining\u00bb. Han t\u00f8r stille dumme sp\u00f8rsm\u00e5l. Vi seere f\u00f8ler oss smartere, noe som er litt av hemmeligheten bak lignende lytter\u2013 og seersuksesser.<\/p>\n<p class=\"_paragraph_1bvmi_4 _paragraph_xtcu6_10 layout-component text-serif-m layout-normal text-serif-m layout-padded\">Dokumentaren er sett rundt 1,5 millioner ganger. Om noen film vil p\u00e5virke valgkampen, tipper jeg at det er denne. <\/p>\n<p><img alt=\"MED P\u00c5 BEKYMRINGEN: R\u00f8dt-politiker M\u00edmir Kristj\u00e1nsson i \u00abHvor blir det av pengene?\u00bb  Foto: Fra: \u00abHvor blir det av pengene?\u00bb\" class=\"_image_qp4xg_65 layout-component layout-normal\" data-fullscreen- data-track-element-type=\"Article image fullscreen\" data-track-name=\"ImageFullscreen\" decoding=\"async\" loading=\"lazy\" height=\"1179\" itemprop=\"image\"  src=\"https:\/\/www.europesays.com\/no\/wp-content\/uploads\/2025\/08\/612dc67e-b79b-4ef7-9410-8394e8ca0583\"  style=\"object-position:0% 0%\" width=\"2556\"\/>MED P\u00c5 BEKYMRINGEN: R\u00f8dt-politiker M\u00edmir Kristj\u00e1nsson i \u00abHvor blir det av pengene?\u00bb  Foto: Fra: \u00abHvor blir det av pengene?\u00bb<\/p>\n<p class=\"_paragraph_1bvmi_4 _paragraph_xtcu6_10 layout-component text-serif-m layout-normal text-serif-m layout-padded\">Sl\u00f8seriombudsmannen bidrar med gode eksempler p\u00e5 sl\u00f8seri. Hvorfor skal det <a href=\"https:\/\/www.vg.no\/sport\/i\/gwl7kA\/nordre-follo-oensker-aa-huse-nffs-nye-treningsanlegg\" data-track-element-type=\"Link\" data-track-id=\"link:gwl7kA\" class=\"_link_1bvmi_39\" rel=\"nofollow noopener\" target=\"_blank\">bygges svindyre haller<\/a> i kommuner som <a href=\"https:\/\/www.aftenposten.no\/sport\/fotball\/i\/eMgXzQ\/norges-fotballforbund-vil-bygge-nytt-nasjonalt-treningsanlegg-det-kan-koste-nordre-follo-kommune-850-millioner-kroner\" class=\"_link_1bvmi_39\" rel=\"nofollow noopener\" target=\"_blank\">sliter? <\/a><\/p>\n<p class=\"_paragraph_1bvmi_4 _paragraph_xtcu6_10 layout-component text-serif-m layout-normal text-serif-m layout-padded\">I Troms\u00f8<a href=\"https:\/\/www.itromso.no\/nyheter\/i\/4Bk7xq\/110-mill-kroner-for-aa-utvide-sykkelfeltet-paa-tromsoebrua?fbclid=IwY2xjawMLtgNleHRuA2FlbQIxMABicmlkETFrS3ZJV21sRG5hejRmcEJYAR6g0PRuYZQNrxkzWyIW3Ic8euKgMTBfBUKgRPqGOp7EC6im_9zjDLPrVrgV3Q_aem_IJwGAJWcSp9GuyDkKq8x-g\" class=\"_link_1bvmi_39\" rel=\"nofollow noopener\" target=\"_blank\"> bruker de 110 millioner<\/a> p\u00e5 \u00e5 utvide en bro, <a href=\"https:\/\/www.nordnorskdebatt.no\/derfor-endrer-vi-tilbudsstrukturen-i-troms\/o\/5-124-340646\" class=\"_link_1bvmi_39\" rel=\"nofollow noopener\" target=\"_blank\">mens linjer legges ned<\/a> p\u00e5 videreg\u00e5ende.<\/p>\n<p class=\"_paragraph_1bvmi_4 _paragraph_xtcu6_10 layout-component text-serif-m layout-normal text-serif-m layout-padded\">Men intervjuobjektene f\u00e5r ingen kritiske sp\u00f8rsm\u00e5l. Trengs ikke gangfelt og jernbane?  <\/p>\n<p class=\"_paragraph_1bvmi_4 _paragraph_xtcu6_10 layout-component text-serif-m layout-normal text-serif-m layout-padded\">Skolebarn blir satt opp mot en dyr bro. Men ogs\u00e5 skoler kan v\u00e6re sl\u00f8seri. Hva om en linje har tre s\u00f8kere eller skolen har syv barn? <\/p>\n<p class=\"_paragraph_1bvmi_4 _paragraph_xtcu6_10 layout-component text-serif-m layout-normal text-serif-m layout-padded\">Programlederen godtar alle svar han f\u00e5r og virker lettbent naiv. <\/p>\n<p><img alt=\"REDD: Simen Velle i FpU.   Foto: Fra: \u00abHvor blir det av pengene?\u00bb\" class=\"_image_qp4xg_65 layout-component layout-normal\" data-fullscreen- data-track-element-type=\"Article image fullscreen\" data-track-name=\"ImageFullscreen\" decoding=\"async\" loading=\"lazy\" height=\"1179\" itemprop=\"image\"  src=\"https:\/\/www.europesays.com\/no\/wp-content\/uploads\/2025\/08\/976bc193-ae17-4cc0-aeca-c2fcd0d48a99\"  style=\"object-position:0% 0%\" width=\"2556\"\/>REDD: Simen Velle i FpU.   Foto: Fra: \u00abHvor blir det av pengene?\u00bb<\/p>\n<p class=\"_paragraph_1bvmi_4 _paragraph_xtcu6_10 layout-component text-serif-m layout-normal text-serif-m layout-padded\">Dermed blir et av verdens rikeste og beste land \u00e5 bo i fremstilt som en versting. Vi f\u00e5r h\u00f8re at Norge <a href=\"https:\/\/bsky.app\/profile\/olavslettebo.bsky.social\/post\/3lw5kybges22v\" class=\"_link_1bvmi_39\" rel=\"nofollow noopener\" target=\"_blank\">har det nest h\u00f8yeste skatteniv\u00e5et i verden, <\/a>den laveste produktiviteten og er nederst p\u00e5 digitalisering. <\/p>\n<p class=\"_paragraph_1bvmi_4 _paragraph_xtcu6_10 layout-component text-serif-m layout-normal text-serif-m layout-padded\">Men <a href=\"https:\/\/www.oecd.org\/en\/publications\/the-digital-transformation-of-norway-s-public-sector_1620e542-en.html?utm_source=chatgpt.com\" class=\"_link_1bvmi_39\" rel=\"nofollow noopener\" target=\"_blank\">det er feil.<\/a><\/p>\n<p class=\"_paragraph_1bvmi_4 _paragraph_xtcu6_10 layout-component text-serif-m layout-normal text-serif-m layout-padded\">Norge er <a href=\"https:\/\/www.oecd.org\/en\/publications\/oecd-economic-surveys-norway-2024_cb13475f-en.html?utm_source=chatgpt.com\" class=\"_link_1bvmi_39\" rel=\"nofollow noopener\" target=\"_blank\">blant verdens mest produktive land<\/a>, men i likhet med land rundt oss er veksten svak. Kj\u00f8pekraften til nordmenn raser ikke, den er <a href=\"https:\/\/www.ssb.no\/nasjonalregnskap-og-konjunkturer\/konjunkturer\/statistikk\/konjunkturtendensene\/artikler\/hoyeste-reallonnsvekst-pa-over-ti-ar\" class=\"_link_1bvmi_39\" rel=\"nofollow noopener\" target=\"_blank\">p\u00e5 vei opp.<\/a> Og selv om kommune\u00f8konomien er anstrengt, <a href=\"https:\/\/www.regjeringen.no\/no\/tema\/kommuner-og-regioner\/kommuneokonomi\/robek-2\/robek-2001-2015\/id415536\/\" class=\"_link_1bvmi_39\" rel=\"nofollow noopener\" target=\"_blank\">eser ikke Robek-listen<\/a> ut. <\/p>\n<p><img alt=\"KUK I COMPUTEREN: Passordet til Sindre Bortnes (aka Sindre Finnes) i den nye filmen \u00abIngen kommentar\u00bb kan fremkalle latter.   Foto: DAM\" class=\"_image_qp4xg_65 layout-component layout-normal\" data-fullscreen- data-track-element-type=\"Article image fullscreen\" data-track-name=\"ImageFullscreen\" decoding=\"async\" loading=\"lazy\" height=\"2291\" itemprop=\"image\"  src=\"https:\/\/www.europesays.com\/no\/wp-content\/uploads\/2025\/08\/0a6c0c0d-caa2-49a3-91ae-52a69ce2b06c\"  style=\"object-position:0% 0%\" width=\"1934\"\/>KUK I COMPUTEREN: Passordet til Sindre Bortnes (aka Sindre Finnes) i den nye filmen \u00abIngen kommentar\u00bb kan fremkalle latter.   Foto: DAM<\/p>\n<p class=\"_paragraph_1bvmi_4 _paragraph_xtcu6_10 layout-component text-serif-m layout-normal text-serif-m layout-padded\">Den <a href=\"https:\/\/www.minerva.no\/dokumentarfilm-norges-okonomi-offentlig-sloseri\/ny-slosedokumentar-treffer-godt\/478366\" class=\"_link_1bvmi_39\" rel=\"nofollow noopener\" target=\"_blank\">borgerlige avisen Minerva<\/a> har gitt dokumentaren sitt godkjentstempel i en faktasjekk, som vises som en plakat i begynnelsen av filmen. <\/p>\n<p class=\"_paragraph_1bvmi_4 _paragraph_xtcu6_10 layout-component text-serif-m layout-normal text-serif-m layout-padded\">Minervas redakt\u00f8r <a href=\"https:\/\/radio.nrk.no\/serie\/nyhetsmorgen\/sesong\/202508\/NPUB32013225#t=52m9s\" class=\"_link_1bvmi_39\" rel=\"nofollow noopener\" target=\"_blank\">har ogs\u00e5 v\u00e6rt p\u00e5 NRK og forsvart dokumentaren.<\/a><\/p>\n<p class=\"_paragraph_1bvmi_4 _paragraph_xtcu6_10 layout-component text-serif-m layout-normal text-serif-m layout-padded\">Han syntes \u00e5 mene at faktafeil likevel kan v\u00e6re riktig n\u00e5r intensjonen er god. <\/p>\n<p class=\"_paragraph_1bvmi_4 _paragraph_xtcu6_10 layout-component text-serif-m layout-normal text-serif-m layout-padded\">Vi har alle v\u00e5re skylapper. Og sm\u00e5 feil kan man leve med. <\/p>\n<p class=\"_paragraph_1bvmi_4 _paragraph_xtcu6_10 layout-component text-serif-m layout-normal text-serif-m layout-padded\">Men til sammen ender dokumentaren med \u00e5 gi et overdrevent, kullsvart inntrykk av et Norge som risikerer \u00e5 bli som Venezuela. <\/p>\n<p class=\"_paragraph_1bvmi_4 _paragraph_xtcu6_10 layout-component text-serif-m layout-normal text-serif-m layout-padded\">\u2013 Jeg er redd for at vi g\u00e5r mot en velferdsstatlig kollaps, sier R\u00f8dt-politiker M\u00edmir Kristj\u00e1nsson. <\/p>\n<p class=\"_paragraph_1bvmi_4 _paragraph_xtcu6_10 layout-component text-serif-m layout-normal text-serif-m layout-padded\">\u2013 Jeg er livredd jeg, for hva Norge kommer til \u00e5 v\u00e6re om 10\u201320 \u00e5r, sier Simen Velle i FpU, som ogs\u00e5 f\u00e5r st\u00f8tte av KrFs Dag-Inge Ulstein. <\/p>\n<p class=\"_paragraph_1bvmi_4 _paragraph_xtcu6_10 layout-component text-serif-m layout-normal text-serif-m layout-padded\">Jeg vet ikke om de skj\u00f8nte hva de svarte p\u00e5. <\/p>\n<p class=\"_paragraph_1bvmi_4 _paragraph_xtcu6_10 layout-component text-serif-m layout-normal text-serif-m layout-padded\">Det er mulig de er kryssklippet inn, slik en professor har beskyldt influenceren<a href=\"https:\/\/www.faktisk.no\/faktasjekk\/forsker-ble-kryssklippet-av-influenser-fabrikkerer-fakta\/122082\" class=\"_link_1bvmi_39\" rel=\"nofollow noopener\" target=\"_blank\"> for \u00e5 ha gjort tidligere. <\/a><\/p>\n<p class=\"_paragraph_1bvmi_4 _paragraph_xtcu6_10 layout-component text-serif-m layout-normal text-serif-m layout-padded\">Vi f\u00e5r heller ikke svar p\u00e5 hva vi f\u00e5r for pengene i Norge. <\/p>\n<p class=\"_paragraph_1bvmi_4 _paragraph_xtcu6_10 layout-component text-serif-m layout-normal text-serif-m layout-padded\">Dokumentaristen svarer ikke p\u00e5 sitt eget sp\u00f8rsm\u00e5l. <\/p>\n<p class=\"_paragraph_1bvmi_4 _paragraph_xtcu6_10 layout-component text-serif-m layout-normal text-serif-m layout-padded\">Det sies ikke noe om at du f\u00e5r barnehageplass til tre barn for 2400 kroner i m\u00e5neden i Oslo og at det lengst nord er gratis. <\/p>\n<p class=\"_paragraph_1bvmi_4 _paragraph_xtcu6_10 layout-component text-serif-m layout-normal text-serif-m layout-padded\">Norge er ogs\u00e5 <a href=\"https:\/\/www.oecd.org\/en\/publications\/serials\/health-at-a-glance_g1gha65a.html\" class=\"_link_1bvmi_39\" rel=\"nofollow noopener\" target=\"_blank\">bedre p\u00e5 helse <\/a>enn nesten alle andre land (antall sunne leve\u00e5r og lavest spedbarnsd\u00f8delighet). <\/p>\n<p class=\"_paragraph_1bvmi_4 _paragraph_xtcu6_10 layout-component text-serif-m layout-normal text-serif-m layout-padded\">Distriktspolitikk bruker vi mye penger p\u00e5. Og vi har tettere befolkning i nord enn Sverige. <\/p>\n<p class=\"_paragraph_1bvmi_4 _paragraph_xtcu6_10 layout-component text-serif-m layout-normal text-serif-m layout-padded\">Nordmenn f\u00e5r ogs\u00e5 <a href=\"https:\/\/www.oecd.org\/content\/dam\/oecd\/en\/publications\/reports\/2020\/02\/sickness-and-disability-systems-comparing-outcomes-and-policies-in-norway-with-those-in-sweden-the-netherlands-and-switzerland_f78ad243\/c768699b-en.pdf?utm_source=chatgpt.com\" class=\"_link_1bvmi_39\" rel=\"nofollow noopener\" target=\"_blank\">mer penger <\/a>n\u00e5r vi er borte fra jobb. Vi har rausere <a href=\"https:\/\/www.safeguardglobal.com\/resources\/blog\/which-country-has-the-best-maternity-leave\/?utm_source=chatgpt.com\" class=\"_link_1bvmi_39\" rel=\"nofollow noopener\" target=\"_blank\">foreldrepengeordning<\/a> og <a href=\"https:\/\/www.euronews.com\/business\/2025\/08\/11\/family-benefits-in-europe-which-countries-offer-the-best-social-security?utm_source=chatgpt.com\" class=\"_link_1bvmi_39\" rel=\"nofollow noopener\" target=\"_blank\">barnetrygd enn v\u00e5re naboer <\/a><\/p>\n<p class=\"_paragraph_1bvmi_4 _paragraph_xtcu6_10 layout-component text-serif-m layout-normal text-serif-m layout-padded\">Dette er prioriteringer man kan v\u00e6re enig eller uenig i. Men alt sl\u00f8ses ikke vekk. <\/p>\n<p class=\"_paragraph_1bvmi_4 _paragraph_xtcu6_10 layout-component text-serif-m layout-normal text-serif-m layout-padded\">Dokumentaren er best nettopp n\u00e5r den gir eksempler p\u00e5 hva overdrevne reguleringer kan f\u00f8re til.  <\/p>\n<p class=\"_paragraph_1bvmi_4 _paragraph_xtcu6_10 layout-component text-serif-m layout-normal text-serif-m layout-padded\">For her er det mye \u00e5 ta tak i. Det er noe \u00abHeia Norge\u00bb \u2013 for ikke \u00e5 si \u00abHeia EU\u00bb \u2013 over at folk som har jobbet et halvt liv, plutselig m\u00e5 ha sertifikat eller kurs for \u00e5 kunne fortsette med det de alltid har gjort. <\/p>\n<p class=\"_paragraph_1bvmi_4 _paragraph_xtcu6_10 layout-component text-serif-m layout-normal text-serif-m layout-padded\">Krav om rapportering b\u00e5de i det offentlige og i n\u00e6ringslivet er ekstremt ressurskrevende, tar tid og gj\u00f8r alt dyrere. <\/p>\n<p class=\"_paragraph_1bvmi_4 _paragraph_xtcu6_10 layout-component text-serif-m layout-normal text-serif-m layout-padded\">Her m\u00e5 det v\u00e6re mulig \u00e5 gj\u00f8re en stor slankejobb. <\/p>\n<p class=\"_paragraph_1bvmi_4 _paragraph_xtcu6_10 layout-component text-serif-m layout-normal text-serif-m layout-padded\">Samtidig: Dette er ikke s\u00e6rnorsk. <\/p>\n<p class=\"_paragraph_1bvmi_4 _paragraph_xtcu6_10 layout-component text-serif-m layout-normal text-serif-m layout-padded\">Kutt i direktiver og byr\u00e5krati trengs. Men at det fikser alt, slik filmen hevder, det tviler jeg p\u00e5. <\/p>\n<p class=\"_paragraph_1bvmi_4 _paragraph_xtcu6_10 layout-component text-serif-m layout-normal text-serif-m layout-padded\">Det ansiktsl\u00f8se byr\u00e5kratiet er stort, men nok ikke s\u00e5 stort som mange liker \u00e5 tro. <\/p>\n<p class=\"_paragraph_1bvmi_4 _paragraph_xtcu6_10 layout-component text-serif-m layout-normal text-serif-m layout-padded\">For Norges del er det og mulig \u00e5 kutte i gangbroer, kulturhus, bibliotek, teater, stipend og kunst, men det vil ikke monne voldsomt. <\/p>\n<p class=\"_paragraph_1bvmi_4 _paragraph_xtcu6_10 layout-component text-serif-m layout-normal text-serif-m layout-padded\">Som et rikt land bruker vi mye penger. Det er helse, omsorg, folketrygd, utdanning og forsvar som er de store utgiftspostene. <\/p>\n<p class=\"_paragraph_1bvmi_4 _paragraph_xtcu6_10 layout-component text-serif-m layout-normal text-serif-m layout-padded\">Og det at vi \u00aballe\u00bb blir 90 \u00e5r, det er jo f\u00f8rst og fremst en god nyhet. <\/p>\n<p class=\"_paragraph_1bvmi_4 _paragraph_xtcu6_10 layout-component text-serif-m layout-normal text-serif-m layout-padded\">Det vil neppe f\u00f8re til kollaps. Men det er nok av utfordringer. Som eksperter varsler: Mange flere m\u00e5 jobbe i helsevesenet. <\/p>\n<p class=\"_paragraph_1bvmi_4 _paragraph_xtcu6_10 layout-component text-serif-m layout-normal text-serif-m layout-padded\">Det kan ogs\u00e5 bli n\u00f8dvendig med kutt i sykel\u00f8nn og andre ytelser. <\/p>\n<p class=\"_paragraph_1bvmi_4 _paragraph_xtcu6_10 layout-component text-serif-m layout-normal text-serif-m layout-padded\">Men det nevner ikke dokumentaren om sl\u00f8seri noe om. Det skapes snarere et inntrykk av at alle kan f\u00e5 mer.<\/p>\n<p class=\"_paragraph_1bvmi_4 _paragraph_xtcu6_10 layout-component text-serif-m layout-normal text-serif-m layout-padded\">Bare vi kutter, skal folk f\u00e5 beholde skolen, f\u00e5 bedre r\u00e5d og helse. Bare vi kutter, slipper vi kutt!<\/p>\n<p class=\"_paragraph_1bvmi_4 _paragraph_xtcu6_10 layout-component text-serif-m layout-normal text-serif-m layout-padded\">Og kutt som ikke g\u00e5r ut over noen det er enklest om man vil g\u00e5 viralt p\u00e5 YouTube. <\/p>\n<p>Les ogs\u00e5<br \/>\n   Dette er en kommentar. Kommentaren gir uttrykk for skribentens holdning. <\/p>\n","protected":false},"excerpt":{"rendered":"Det har blitt laget flere filmer opp mot valgkampen i \u00e5r. I \u00abIngen kommentar\u00bb ropes passordet i statsministerboligen&hellip;\n","protected":false},"author":2,"featured_media":11124,"comment_status":"","ping_status":"","sticky":false,"template":"","format":"standard","meta":{"footnotes":""},"categories":[5],"tags":[20,21,24,25,15,39,19,22,23,17,18,13,30,28,29,14,16,2275,26,27,103],"class_list":{"0":"post-11123","1":"post","2":"type-post","3":"status-publish","4":"format-standard","5":"has-post-thumbnail","7":"category-overskrifter","8":"tag-breaking-news","9":"tag-breakingnews","10":"tag-featured-news","11":"tag-featurednews","12":"tag-headlines","13":"tag-helse-og-omsorg","14":"tag-hovedoppslag","15":"tag-latest-news","16":"tag-latestnews","17":"tag-main-news","18":"tag-mainnews","19":"tag-news","20":"tag-no","21":"tag-norge","22":"tag-norway","23":"tag-nyheter","24":"tag-overskrifter","25":"tag-regulering","26":"tag-top-stories","27":"tag-topstories","28":"tag-vgmeninger"},"share_on_mastodon":{"url":"","error":""},"_links":{"self":[{"href":"https:\/\/www.europesays.com\/no\/wp-json\/wp\/v2\/posts\/11123","targetHints":{"allow":["GET"]}}],"collection":[{"href":"https:\/\/www.europesays.com\/no\/wp-json\/wp\/v2\/posts"}],"about":[{"href":"https:\/\/www.europesays.com\/no\/wp-json\/wp\/v2\/types\/post"}],"author":[{"embeddable":true,"href":"https:\/\/www.europesays.com\/no\/wp-json\/wp\/v2\/users\/2"}],"replies":[{"embeddable":true,"href":"https:\/\/www.europesays.com\/no\/wp-json\/wp\/v2\/comments?post=11123"}],"version-history":[{"count":0,"href":"https:\/\/www.europesays.com\/no\/wp-json\/wp\/v2\/posts\/11123\/revisions"}],"wp:featuredmedia":[{"embeddable":true,"href":"https:\/\/www.europesays.com\/no\/wp-json\/wp\/v2\/media\/11124"}],"wp:attachment":[{"href":"https:\/\/www.europesays.com\/no\/wp-json\/wp\/v2\/media?parent=11123"}],"wp:term":[{"taxonomy":"category","embeddable":true,"href":"https:\/\/www.europesays.com\/no\/wp-json\/wp\/v2\/categories?post=11123"},{"taxonomy":"post_tag","embeddable":true,"href":"https:\/\/www.europesays.com\/no\/wp-json\/wp\/v2\/tags?post=11123"}],"curies":[{"name":"wp","href":"https:\/\/api.w.org\/{rel}","templated":true}]}}