{"id":111233,"date":"2025-12-12T10:49:20","date_gmt":"2025-12-12T10:49:20","guid":{"rendered":"https:\/\/www.europesays.com\/no\/111233\/"},"modified":"2025-12-12T10:49:20","modified_gmt":"2025-12-12T10:49:20","slug":"pa-tv-skal-vi-danse-5","status":"publish","type":"post","link":"https:\/\/www.europesays.com\/no\/111233\/","title":{"rendered":"P\u00e5 TV, Skal vi danse"},"content":{"rendered":"\n<p><a href=\"https:\/\/www.nettavisen.no\/\" rel=\"Follow nofollow noopener\" target=\"_blank\">Nettavisen:<\/a> Forrige l\u00f8rdag var det<a href=\"https:\/\/www.nettavisen.no\/kjendis\/ute-av-skal-vi-danse\/s\/5-95-2766544\" rel=\"Follow nofollow noopener\" target=\"_blank\">artist Carina Dahl (40) som r\u00f8k ut av \u00abSkal vi danse\u00bb<\/a>, til tross for solide leveranser p\u00e5 parketten gjennom hele h\u00f8sten. <\/p>\n<p>Hun tapte l\u00f8rdagens duell mot den tidligere skiskytterstjernen Tiril Eckhoff (35).<\/p>\n<p>Siden sjokk-exiten har Dahl delt \u00e5pent om den store skuffelsen over \u00e5 ikke ta seg til finalen, b\u00e5de i mediene og i sosiale medier.<\/p>\n<p>N\u00e5 forteller Dahl til Nettavisen at hun verken kommer til \u00e5 se programmet eller m\u00f8te opp i salen f\u00f8rstkommende l\u00f8rdag.<\/p>\n<p>    Vil du se neste video?<\/p>\n<p>    <a href=\"https:\/\/www.tk.no\/her-flytter-brannvesenet-til-ny-stasjon\/v\/5-51-1786245\" class=\"recommend-poster\" data-adp-clicklabel=\"video-recommend\" data-adp-clickvalue=\"poster\" rel=\"nofollow noopener\" target=\"_blank\"><br \/>\n      <img decoding=\"async\" width=\"200\" height=\"200\" loading=\"lazy\" src=\"https:\/\/www.europesays.com\/no\/wp-content\/uploads\/2025\/12\/v-i-700e4329-d090-406b-b401-ee94e12bff09-1.jpg\" alt=\"\" class=\"brick-c-cFOWSL\" style=\"--brick-image-ratio: 200 \/ 200;\"\/><\/p>\n<p>Her flytter brannvesenet til ny stasjon2:02<\/p>\n<p>    <\/a><\/p>\n<p>Uteblir<\/p>\n<p>Tradisjon tro pleier utsl\u00e5tte deltakere \u00e5 dukke opp i salen etter exit for \u00e5 heie videre p\u00e5 resten av gjengen. Slik blir det ikke for Dahl.<\/p>\n<p>\u2013 Nei, det trenger jeg ikke, sier Dahl til Nettavisen torsdag ettermiddag.<\/p>\n<p>   <img decoding=\"async\" width=\"4500\" height=\"3002\" fetchpriority=\"low\"  loading=\"lazy\"  src=\"https:\/\/www.europesays.com\/no\/wp-content\/uploads\/2025\/12\/carina+dahl.bin\" alt=\"Carina Dahl og Ole-Thomas Hansen m\u00e5tte forlate  Skal vi danse 2025.&#10;Foto: Jesper Malthus-Andersen  \/ TV 2\" class=\"brick-c-cFOWSL\" style=\"--brick-image-ratio: 4500 \/ 3002;\"\/><\/p>\n<p>      EN BR\u00c5 SLUTT: Carina Dahl og Ole Thomas Hansen har danset sin siste dans.<br \/>\n      Foto: Jesper Malthus-Andersen (TV 2)\n    <\/p>\n<p>Hun forklarer at hun fortsatt kjenner p\u00e5 et stort savn etter \u00e5 ikke v\u00e6re en del av konkurransen.<\/p>\n<p>\u2013 Vi skal jo tilbake i finalen, og det jeg kjenner mest p\u00e5 n\u00e5, er f\u00f8lelsen av \u00e5 g\u00e5 glipp av ting. Det er for s\u00e5rt \u00e5 ikke f\u00e5 gj\u00f8re det vi hadde planlagt for semifinalen og finalen. Da blir det bare \u00e5 gni salt i s\u00e5ret. Jeg heier selvf\u00f8lgelig p\u00e5 hele gjengen, forklarer hun.<\/p>\n<p>  <a href=\"https:\/\/www.tk.no\/5-51-1775817\" class=\"related-teaser has-image default-story-teaser article--c-eRUmMG article--c-eRUmMG-jKCPdD-design-default\" rel=\"nofollow noopener\" target=\"_blank\"><\/p>\n<p>    <img decoding=\"async\" loading=\"lazy\"  src=\"https:\/\/www.europesays.com\/no\/wp-content\/uploads\/2025\/12\/DSC09655.jpg\" alt=\"\" class=\"brick-c-cFOWSL\" style=\"\"\/><\/p>\n<p>\n            Les ogs\u00e5<\/p>\n<p>              Massiv st\u00f8tte etter r\u00f8rende innlegg\n        <\/p>\n<p>  <\/a><\/p>\n<p>Hun presiserer at det ikke er noe vondt blod med de andre deltakerne eller produksjonen. Det blir bare for s\u00e5rt.<\/p>\n<p>I stedet skal Dahl bruke helgen p\u00e5 de n\u00e6rmeste rundt henne.<\/p>\n<p>\u2013 Jeg tenker heller \u00e5 v\u00e6re litt med venner, koble av og kose meg, sier hun.<\/p>\n<p>Nettavisen har fors\u00f8kt en kommentar fra TV 2. Henvendelsene er forel\u00f8pig ikke blitt besvart. <\/p>\n<p>  <a href=\"https:\/\/www.tk.no\/5-51-1773294\" class=\"related-teaser has-image default-story-teaser article--c-eRUmMG article--c-eRUmMG-jKCPdD-design-default\" rel=\"nofollow noopener\" target=\"_blank\"><\/p>\n<p>    <img decoding=\"async\" loading=\"lazy\"  src=\"https:\/\/www.europesays.com\/no\/wp-content\/uploads\/2025\/12\/Eren-Gj%C3%A6ktvik-Spillet-skjermdumpTV2.jpg\" alt=\"\" class=\"brick-c-cFOWSL\" style=\"\"\/><\/p>\n<p>\n            Les ogs\u00e5<\/p>\n<p>              Eren skapte drama i f\u00f8rste episode: \u2013 Det ble et g\u00f8y TV-\u00f8yeblikk\n        <\/p>\n<p>  <\/a><br \/>\n  \u2013 Det som er vondest<\/p>\n<p><a href=\"https:\/\/www.nettavisen.no\/kjendis\/carina-dahl-er-sonderknust-etter-skal-vi-danse-sjokket-grater-meg-i-sovn\/s\/5-95-2767945\" rel=\"Follow nofollow noopener\" target=\"_blank\">S\u00f8ndag kveld<\/a> skrev Dahl p\u00e5 Snapchat at hun hulkegr\u00e5ter seg i s\u00f8vn, og at det er brutalt vondt \u00e5 ikke f\u00e5 v\u00e6re med p\u00e5 resten av reisen.<\/p>\n<p>Mandag uttalte hun seg til <a href=\"https:\/\/www.nettavisen.no\/kjendis\/carina-dahl-er-sonderknust-etter-skal-vi-danse-sjokket-grater-meg-i-sovn\/s\/5-95-2767945\" rel=\"Follow nofollow noopener\" target=\"_blank\">Nettavisen <\/a>om sjokket.<\/p>\n<p>\u2013 Det som er vondest er \u00e5 ikke f\u00e5 oppleve det vi hadde planlagt for semifinalen og finalen. Ogs\u00e5 er det veldig s\u00e5rt og rart at danse-hverdagen n\u00e5 er slutt. Det hadde den uansett v\u00e6rt om to uker, men det er likevel vondt \u00e5 g\u00e5 glipp av de neste ukene, sier hun.<\/p>\n<p>   <img decoding=\"async\" width=\"1179\" height=\"2086\" fetchpriority=\"low\"  loading=\"lazy\"  src=\"https:\/\/www.europesays.com\/no\/wp-content\/uploads\/2025\/12\/1765536560_357_carina+dahl_1.bin\" alt=\"\" class=\"brick-c-cFOWSL\" style=\"--brick-image-ratio: 1179 \/ 2086;\"\/><\/p>\n<p>      OPPDATERING: Carina Dahl la ut dette i sosiale medier s\u00f8ndag.<br \/>\n      Foto: Skjermdump (Instagram)\n    <\/p>\n<p>40-\u00e5ringen har gjort seg flere tanker om hvorfor det ble hennes tur denne gangen.<\/p>\n<p>\u2013 Det er jo veldig mange variabler som spiller inn. Vi var uheldige med at m\u00e5ten vi valgte \u00e5 l\u00f8se showdansen p\u00e5, ikke falt i smak hos dommerne. Selv om vi fikk 39 poeng for f\u00f8rste dans og full jubel p\u00e5 den andre, endte det alts\u00e5 i duell. Og da var det ogs\u00e5 veldig uheldig \u00e5 st\u00e5 mot hele Norges OL-prinsesse Tiril.<\/p>\n","protected":false},"excerpt":{"rendered":"Nettavisen: Forrige l\u00f8rdag var detartist Carina Dahl (40) som r\u00f8k ut av \u00abSkal vi danse\u00bb, til tross for&hellip;\n","protected":false},"author":2,"featured_media":110471,"comment_status":"","ping_status":"","sticky":false,"template":"","format":"standard","meta":{"footnotes":""},"categories":[58],"tags":[36,2288,71,30,28,29,2981,2280,1510,208,72],"class_list":{"0":"post-111233","1":"post","2":"type-post","3":"status-publish","4":"format-standard","5":"has-post-thumbnail","7":"category-underholdning","8":"tag-art","9":"tag-carina-dahl","10":"tag-entertainment","11":"tag-no","12":"tag-norge","13":"tag-norway","14":"tag-pa-tv","15":"tag-skal-vi-danse","16":"tag-story","17":"tag-tv-2","18":"tag-underholdning"},"share_on_mastodon":{"url":"https:\/\/pubeurope.com\/@no\/115706211004932944","error":""},"_links":{"self":[{"href":"https:\/\/www.europesays.com\/no\/wp-json\/wp\/v2\/posts\/111233","targetHints":{"allow":["GET"]}}],"collection":[{"href":"https:\/\/www.europesays.com\/no\/wp-json\/wp\/v2\/posts"}],"about":[{"href":"https:\/\/www.europesays.com\/no\/wp-json\/wp\/v2\/types\/post"}],"author":[{"embeddable":true,"href":"https:\/\/www.europesays.com\/no\/wp-json\/wp\/v2\/users\/2"}],"replies":[{"embeddable":true,"href":"https:\/\/www.europesays.com\/no\/wp-json\/wp\/v2\/comments?post=111233"}],"version-history":[{"count":0,"href":"https:\/\/www.europesays.com\/no\/wp-json\/wp\/v2\/posts\/111233\/revisions"}],"wp:featuredmedia":[{"embeddable":true,"href":"https:\/\/www.europesays.com\/no\/wp-json\/wp\/v2\/media\/110471"}],"wp:attachment":[{"href":"https:\/\/www.europesays.com\/no\/wp-json\/wp\/v2\/media?parent=111233"}],"wp:term":[{"taxonomy":"category","embeddable":true,"href":"https:\/\/www.europesays.com\/no\/wp-json\/wp\/v2\/categories?post=111233"},{"taxonomy":"post_tag","embeddable":true,"href":"https:\/\/www.europesays.com\/no\/wp-json\/wp\/v2\/tags?post=111233"}],"curies":[{"name":"wp","href":"https:\/\/api.w.org\/{rel}","templated":true}]}}