{"id":111234,"date":"2025-12-12T10:54:17","date_gmt":"2025-12-12T10:54:17","guid":{"rendered":"https:\/\/www.europesays.com\/no\/111234\/"},"modified":"2025-12-12T10:54:17","modified_gmt":"2025-12-12T10:54:17","slug":"naeringsliv-arbeidsliv-naeringslivsloggen-nytt-firma-i-meierigata","status":"publish","type":"post","link":"https:\/\/www.europesays.com\/no\/111234\/","title":{"rendered":"N\u00e6ringsliv, Arbeidsliv | N\u00e6ringslivsloggen: Nytt firma i Meierigata"},"content":{"rendered":"<p>  Nyregistrering<\/p>\n<p><b>RAVNHEIM AS<\/b>, med forretningsadresse Meierigata 22, 4340 BRYNE i Time, er nyregistrert i Foretaksregisteret. Selskapet ble stiftet i forbindelse med en fisjon og har som form\u00e5l &laquo;Deltakelse i andre virksomheter&raquo;. Kapitalen er satt til 99.913,00 kroner. Styrets leder er Steinar Haugseng, bosatt i Meierigata 22, 4340 BRYNE. Selskapets \u00e5rsregnskap skal ikke revideres, og styrets leder alene har signaturrett. Vedtektsdatoen er 02.10.2025.<\/p>\n<p>Endring av styre<\/p>\n<p><b>BOS REGNSKAP AS<\/b>, med forretningsadresse Borevegen 34, 4352 KLEPPE i Klepp, har endret styret. Bente Ott\u00f8y Salte, bosatt i Borevegen 34, 4352 KLEPPE, er n\u00e5 styrets leder og representant for de ansatte. Trond Salte er oppf\u00f8rt som styremedlem.<\/p>\n<p>Sletting<\/p>\n<p><b>MARK\u00c5 BARNEHAGE SA<\/b>, som hadde forretningsadresse Austvegen 46, 4341 BRYNE i Klepp, er slettet i Foretaksregisteret.<\/p>\n<p><b>VHV HOLMEN AS<\/b>, med forretningsadresse Att: Astor Industri Eiendom AS Vardheivegen 66, 4340 BRYNE i Klepp, er slettet i Foretaksregisteret etter fusjon med <b>ASTOR INDUSTRI EIENDOM AS<\/b>.<\/p>\n<p>Endring av kapital og vedtektsdato<\/p>\n<p><b>NORWEGIAN KING PRAWNS AS<\/b>, med forretningsadresse V\u00e5gen 42, 4364 SIREV\u00c5G i H\u00e5, har endret kapitalen til 1.241.324,10 kroner. Selskapets vedtektsdato er endret til 12.11.2025.<\/p>\n<p><b>TRELLER AS<\/b>, med forretningsadresse Meierigata 22, 4340 BRYNE i Time, har endret kapitalen til 2.343.675,00 kroner. Selskapets vedtektsdato er endret til 02.10.2025.<\/p>\n<p>Gjennomf\u00f8rte fusjoner og fisjoner<\/p>\n<p><b>ASTOR INDUSTRI EIENDOM AS<\/b>, med forretningsadresse Vardheivegen 66, 4340 BRYNE i Klepp, har gjennomf\u00f8rt en fusjon som overtakende foretak.<\/p>\n<p><b>RAVNHEIM AS<\/b>, med forretningsadresse Meierigata 22, 4340 BRYNE i Time, har gjennomf\u00f8rt en fisjon som overtakende foretak, der <b>TRELLER AS<\/b> var det overdragende foretaket.<\/p>\n<p><b>TRELLER AS<\/b>, med forretningsadresse Meierigata 22, 4340 BRYNE i Time, har gjennomf\u00f8rt en fisjon som overdragende foretak, der <b>RAVNHEIM AS<\/b> var det overtakende foretaket.<\/p>\n<p>Varsel om fusjon<\/p>\n<p><b>P UNDHEIM BOLIG AS<\/b>, med forretningsadresse Undheimsvegen 408, 4342 UNDHEIM i Time, har besluttet \u00e5 innfusjonere <b>UPK EIENDOM AS<\/b>. Eventuelle krav eller innsigelser m\u00e5 meldes P UNDHEIM BOLIG AS innen seks uker fra 10. desember 2025.<\/p>\n","protected":false},"excerpt":{"rendered":"Nyregistrering RAVNHEIM AS, med forretningsadresse Meierigata 22, 4340 BRYNE i Time, er nyregistrert i Foretaksregisteret. Selskapet ble stiftet&hellip;\n","protected":false},"author":2,"featured_media":7544,"comment_status":"","ping_status":"","sticky":false,"template":"","format":"standard","meta":{"footnotes":""},"categories":[56],"tags":[465,36,60,61,62,1676,30,28,29,1510],"class_list":{"0":"post-111234","1":"post","2":"type-post","3":"status-publish","4":"format-standard","5":"has-post-thumbnail","7":"category-naeringsliv","8":"tag-arbeidsliv","9":"tag-art","10":"tag-business","11":"tag-economy","12":"tag-naeringsliv","13":"tag-naeringslivsloggen","14":"tag-no","15":"tag-norge","16":"tag-norway","17":"tag-story"},"share_on_mastodon":{"url":"https:\/\/pubeurope.com\/@no\/115706230374712741","error":""},"_links":{"self":[{"href":"https:\/\/www.europesays.com\/no\/wp-json\/wp\/v2\/posts\/111234","targetHints":{"allow":["GET"]}}],"collection":[{"href":"https:\/\/www.europesays.com\/no\/wp-json\/wp\/v2\/posts"}],"about":[{"href":"https:\/\/www.europesays.com\/no\/wp-json\/wp\/v2\/types\/post"}],"author":[{"embeddable":true,"href":"https:\/\/www.europesays.com\/no\/wp-json\/wp\/v2\/users\/2"}],"replies":[{"embeddable":true,"href":"https:\/\/www.europesays.com\/no\/wp-json\/wp\/v2\/comments?post=111234"}],"version-history":[{"count":0,"href":"https:\/\/www.europesays.com\/no\/wp-json\/wp\/v2\/posts\/111234\/revisions"}],"wp:featuredmedia":[{"embeddable":true,"href":"https:\/\/www.europesays.com\/no\/wp-json\/wp\/v2\/media\/7544"}],"wp:attachment":[{"href":"https:\/\/www.europesays.com\/no\/wp-json\/wp\/v2\/media?parent=111234"}],"wp:term":[{"taxonomy":"category","embeddable":true,"href":"https:\/\/www.europesays.com\/no\/wp-json\/wp\/v2\/categories?post=111234"},{"taxonomy":"post_tag","embeddable":true,"href":"https:\/\/www.europesays.com\/no\/wp-json\/wp\/v2\/tags?post=111234"}],"curies":[{"name":"wp","href":"https:\/\/api.w.org\/{rel}","templated":true}]}}