{"id":111235,"date":"2025-12-12T10:56:08","date_gmt":"2025-12-12T10:56:08","guid":{"rendered":"https:\/\/www.europesays.com\/no\/111235\/"},"modified":"2025-12-12T10:56:08","modified_gmt":"2025-12-12T10:56:08","slug":"nei-og-atter-nei-til-eu-aftenposten","status":"publish","type":"post","link":"https:\/\/www.europesays.com\/no\/111235\/","title":{"rendered":"Nei og atter nei til EU &#8211; Aftenposten"},"content":{"rendered":"<ol>\n<li><a href=\"https:\/\/news.google.com\/rss\/articles\/CBMihAFBVV95cUxQdmxVZHlLc1BCdzVBNkNiYWlzbXVaM1FsVk80X25vNDFlSlljRUtRRGJwX3BEcWpaRmU3d0lCS2JLTHZXVGdNMlc0UHI3UU1oTXFhZ3NBMGJxaUwwNktTeFB5SC1sdEROUTdmcVNGUVNHTGJqdkNGLVBhNlJ1MWlsdFQ5QWo?oc=5\" target=\"_blank\" rel=\"nofollow noopener\">Nei og atter nei til EU<\/a>&nbsp;&nbsp;Aftenposten<\/li>\n<li><a href=\"https:\/\/news.google.com\/rss\/articles\/CBMie0FVX3lxTE1KZ0tDOVhFcDRsblRBZG11dDRRTTdoSkNDb29PT28yeVBCUThPOXpnOTBGWDJ0bWhtVzd2ZDkxcGo0ZDZHMGI2WmZUV29qQm9nM3p5QmtfVHljS0FJNDBqakFiaWxBWW1iWWVfYnNEMkloSXlkTHd1OUl6QQ?oc=5\" target=\"_blank\" rel=\"nofollow noopener\">EU-m\u00e5ling: Ap-velgerne har g\u00e5tt fra ja til nei<\/a>&nbsp;&nbsp;VG<\/li>\n<li><a href=\"https:\/\/news.google.com\/rss\/articles\/CBMikwFBVV95cUxPMndWeHZqa1RwV2hrenpDRUJWTU1RM3hLMkltd2VtODhkeHZubTd6MkpmZ0l1T3VwMEQ2b3NmdWN5YWx5aDdaWGtnOUw0SmtzNnhJQmRQQ2JzRUtlMTBXeW1Pb3VXb0ExRlBWUVV6TzJ5bndkeE5DakNWQ0k0UlF2WmlpdmpGaEx1YU9PaGRMeTlTZDA?oc=5\" target=\"_blank\" rel=\"nofollow noopener\">Nei-flertallet vokser p\u00e5 ny EU-m\u00e5ling<\/a>&nbsp;&nbsp;adressa.no<\/li>\n<li><a href=\"https:\/\/news.google.com\/rss\/articles\/CBMioAFBVV95cUxNSnBvaVlpT01YaVE1dGZoUmJmSzhmSXM3eHRIOG9RWk82NkYxR3EzdjNaZzQ3ZjhjNDY0VV9sZTdOVG1XenRFVmdWajBsZnNZbkZnellDa3NmN0lFaGlsOXMxaXo5OWhBVGVCclhmYklEME44ekxNbWNlWlpmTWhxb3B2Q3F0UXNlbmVYS2tneDlGYkhySXlKVV9hbmhyT2VU?oc=5\" target=\"_blank\" rel=\"nofollow noopener\">E\u00d8S-komi\u00adteen setter ny rekord \u2013 godkjenner over 150 nye EU-lover<\/a>&nbsp;&nbsp;smp.no<\/li>\n<li><a href=\"https:\/\/news.google.com\/rss\/articles\/CBMihAFBVV95cUxPYTd0TXlkSWhvV0FvR1RZSVlLNlF1ekYtaTRESVdwRk03enZTcTg4QkQ3UjlDNk5xN1FQRzAwMUtWb0M4YTlmdnpCVDIyVTNELTNqdDg2Nkd5MzBLYkdzRjJOUk9FWDFLT3E4bUI0c19XNzJkLTFmeVREVXBYNzNubmY1SlM?oc=5\" target=\"_blank\" rel=\"nofollow noopener\">Debatt, EU | Rettsliggj\u00f8ringen og den svekkede norske stat<\/a>&nbsp;&nbsp;Gudbrandsd\u00f8len Dagningen<\/li>\n<\/ol>\n","protected":false},"excerpt":{"rendered":"Nei og atter nei til EU&nbsp;&nbsp;Aftenposten EU-m\u00e5ling: Ap-velgerne har g\u00e5tt fra ja til nei&nbsp;&nbsp;VG Nei-flertallet vokser p\u00e5 ny&hellip;\n","protected":false},"author":2,"featured_media":111236,"comment_status":"","ping_status":"","sticky":false,"template":"","format":"standard","meta":{"footnotes":""},"categories":[10],"tags":[20,21,24,25,15,22,23,13,30,28,29,14,16,26,27],"class_list":{"0":"post-111235","1":"post","2":"type-post","3":"status-publish","4":"format-standard","5":"has-post-thumbnail","7":"category-norge","8":"tag-breaking-news","9":"tag-breakingnews","10":"tag-featured-news","11":"tag-featurednews","12":"tag-headlines","13":"tag-latest-news","14":"tag-latestnews","15":"tag-news","16":"tag-no","17":"tag-norge","18":"tag-norway","19":"tag-nyheter","20":"tag-overskrifter","21":"tag-top-stories","22":"tag-topstories"},"share_on_mastodon":{"url":"https:\/\/pubeurope.com\/@no\/115706238316892277","error":""},"_links":{"self":[{"href":"https:\/\/www.europesays.com\/no\/wp-json\/wp\/v2\/posts\/111235","targetHints":{"allow":["GET"]}}],"collection":[{"href":"https:\/\/www.europesays.com\/no\/wp-json\/wp\/v2\/posts"}],"about":[{"href":"https:\/\/www.europesays.com\/no\/wp-json\/wp\/v2\/types\/post"}],"author":[{"embeddable":true,"href":"https:\/\/www.europesays.com\/no\/wp-json\/wp\/v2\/users\/2"}],"replies":[{"embeddable":true,"href":"https:\/\/www.europesays.com\/no\/wp-json\/wp\/v2\/comments?post=111235"}],"version-history":[{"count":0,"href":"https:\/\/www.europesays.com\/no\/wp-json\/wp\/v2\/posts\/111235\/revisions"}],"wp:featuredmedia":[{"embeddable":true,"href":"https:\/\/www.europesays.com\/no\/wp-json\/wp\/v2\/media\/111236"}],"wp:attachment":[{"href":"https:\/\/www.europesays.com\/no\/wp-json\/wp\/v2\/media?parent=111235"}],"wp:term":[{"taxonomy":"category","embeddable":true,"href":"https:\/\/www.europesays.com\/no\/wp-json\/wp\/v2\/categories?post=111235"},{"taxonomy":"post_tag","embeddable":true,"href":"https:\/\/www.europesays.com\/no\/wp-json\/wp\/v2\/tags?post=111235"}],"curies":[{"name":"wp","href":"https:\/\/api.w.org\/{rel}","templated":true}]}}