{"id":111243,"date":"2025-12-12T11:03:10","date_gmt":"2025-12-12T11:03:10","guid":{"rendered":"https:\/\/www.europesays.com\/no\/111243\/"},"modified":"2025-12-12T11:03:10","modified_gmt":"2025-12-12T11:03:10","slug":"kan-bli-vaerrekord-i-oslo-mild-desember","status":"publish","type":"post","link":"https:\/\/www.europesays.com\/no\/111243\/","title":{"rendered":"Kan bli v\u00e6rrekord i Oslo: Mild desember"},"content":{"rendered":"\n<p class=\"_lead_o9xde_2 _lead_xtcu6_50 layout-component text-serif-m layout-normal text-serif-l layout-component layout-wide layout-padded _wide_17hqh_1 layout-padded\">Meteorologene varsler en mulig v\u00e6rrekord i Oslo.<\/p>\n<p><img alt=\"Det kan ligge an til \u00e5 bli den mildeste desemberm\u00e5neden noensinne.  Foto: Fredrik Hagen \/ NTB\" class=\"_image_qp4xg_65 layout-component layout-wide\" data-fullscreen- data-track-element-type=\"Article image fullscreen\" data-track-name=\"ImageFullscreen\" fetchpriority=\"high\" decoding=\"sync\" loading=\"eager\" height=\"4423\" itemprop=\"image\"  src=\"https:\/\/www.europesays.com\/no\/wp-content\/uploads\/2025\/12\/4a4657cc-294e-4b8b-b979-ea939b2d9f24\"  style=\"object-position:0% 0%\" width=\"6631\"\/>Det kan ligge an til \u00e5 bli den mildeste desemberm\u00e5neden noensinne.  Foto: Fredrik Hagen \/ NTB<\/p>\n<ul aria-hidden=\"true\" class=\"_images_ntbth_112\">\n<li><a class=\"_link_ntbth_117\" href=\"https:\/\/www.vg.no\/forfatter\/ntb\" style=\"z-index:1\" title=\"NTB\" rel=\"nofollow noopener\" target=\"_blank\"><img alt=\"Bilde av NTB\" class=\"_image_ntbth_93\" fetchpriority=\"low\" loading=\"lazy\" decoding=\"async\" itemprop=\"image\"  src=\"https:\/\/www.europesays.com\/no\/wp-content\/uploads\/2025\/12\/1765537390_120_c33980b0-5d07-4027-84a1-813f90a7c8d6\"  width=\"480\"\/><\/a><\/li>\n<\/ul>\n<p> Oppdatert fredag 12. desember kl. 11:43     <\/p>\n<p class=\"_paragraph_o9xde_4 _paragraph_xtcu6_10 layout-component text-serif-m layout-normal text-serif-m layout-padded\">Nesten halvveis inn i desember er m\u00e5neden unormalt mild.<\/p>\n<p class=\"_paragraph_o9xde_4 _paragraph_xtcu6_10 layout-component text-serif-m layout-normal text-serif-m layout-padded\">\u2013 Det har v\u00e6rt en mild desember s\u00e5 langt i S\u00f8r-Norge og det kan bli den aller mildeste i <a href=\"https:\/\/www.vg.no\/tag\/oslo?utm_source=vg-article&amp;utm_medium=auto-tagger&amp;utm_campaign=8pw1MA\" class=\"_link_o9xde_39\" rel=\"nofollow noopener\" target=\"_blank\">Oslo<\/a> om mildv\u00e6ret fortsetter, skriver meteorologene i en melding p\u00e5 sine <a href=\"https:\/\/www.yr.no\/nb\/meteorologene\/cb01eca4-e389-4a35-91d5-a3858ed0167b\" class=\"_link_o9xde_39\" rel=\"nofollow noopener\" target=\"_blank\">nettsider<\/a>.<\/p>\n<p class=\"_paragraph_o9xde_4 _paragraph_xtcu6_10 layout-component text-serif-m layout-normal text-serif-m layout-padded\">Gjennomsnittstemperaturen s\u00e5 langt ligger p\u00e5 4 grader, og om det er minst 1,5 grader resten av m\u00e5neden, blir det ny v\u00e6rrekord. <\/p>\n<p class=\"_paragraph_o9xde_4 _paragraph_xtcu6_10 layout-component text-serif-m layout-normal text-serif-m layout-padded\">Den forrige rekorden var i desember 2006 hvor gjennomsnittstemperaturen gjennom desember var 2,4 grader.<\/p>\n","protected":false},"excerpt":{"rendered":"Meteorologene varsler en mulig v\u00e6rrekord i Oslo. Det kan ligge an til \u00e5 bli den mildeste desemberm\u00e5neden noensinne.&hellip;\n","protected":false},"author":2,"featured_media":111244,"comment_status":"","ping_status":"","sticky":false,"template":"","format":"standard","meta":{"footnotes":""},"categories":[10],"tags":[20,21,6645,24,25,15,22,23,13,30,28,29,14,636,16,26,27,553],"class_list":{"0":"post-111243","1":"post","2":"type-post","3":"status-publish","4":"format-standard","5":"has-post-thumbnail","7":"category-norge","8":"tag-breaking-news","9":"tag-breakingnews","10":"tag-desember","11":"tag-featured-news","12":"tag-featurednews","13":"tag-headlines","14":"tag-latest-news","15":"tag-latestnews","16":"tag-news","17":"tag-no","18":"tag-norge","19":"tag-norway","20":"tag-nyheter","21":"tag-oslo","22":"tag-overskrifter","23":"tag-top-stories","24":"tag-topstories","25":"tag-vaer"},"share_on_mastodon":{"url":"https:\/\/pubeurope.com\/@no\/115706266273186611","error":""},"_links":{"self":[{"href":"https:\/\/www.europesays.com\/no\/wp-json\/wp\/v2\/posts\/111243","targetHints":{"allow":["GET"]}}],"collection":[{"href":"https:\/\/www.europesays.com\/no\/wp-json\/wp\/v2\/posts"}],"about":[{"href":"https:\/\/www.europesays.com\/no\/wp-json\/wp\/v2\/types\/post"}],"author":[{"embeddable":true,"href":"https:\/\/www.europesays.com\/no\/wp-json\/wp\/v2\/users\/2"}],"replies":[{"embeddable":true,"href":"https:\/\/www.europesays.com\/no\/wp-json\/wp\/v2\/comments?post=111243"}],"version-history":[{"count":0,"href":"https:\/\/www.europesays.com\/no\/wp-json\/wp\/v2\/posts\/111243\/revisions"}],"wp:featuredmedia":[{"embeddable":true,"href":"https:\/\/www.europesays.com\/no\/wp-json\/wp\/v2\/media\/111244"}],"wp:attachment":[{"href":"https:\/\/www.europesays.com\/no\/wp-json\/wp\/v2\/media?parent=111243"}],"wp:term":[{"taxonomy":"category","embeddable":true,"href":"https:\/\/www.europesays.com\/no\/wp-json\/wp\/v2\/categories?post=111243"},{"taxonomy":"post_tag","embeddable":true,"href":"https:\/\/www.europesays.com\/no\/wp-json\/wp\/v2\/tags?post=111243"}],"curies":[{"name":"wp","href":"https:\/\/api.w.org\/{rel}","templated":true}]}}