{"id":111251,"date":"2025-12-12T11:11:08","date_gmt":"2025-12-12T11:11:08","guid":{"rendered":"https:\/\/www.europesays.com\/no\/111251\/"},"modified":"2025-12-12T11:11:08","modified_gmt":"2025-12-12T11:11:08","slug":"raudt-stiller-mistillitsforslag-mot-byradsleiar-meyer-h-nrk-vestland","status":"publish","type":"post","link":"https:\/\/www.europesays.com\/no\/111251\/","title":{"rendered":"Raudt stiller mistillitsforslag mot byr\u00e5dsleiar Meyer (H) \u2013 NRK Vestland"},"content":{"rendered":"<p>For tredje gong denne hausten blir det stilt mistillitsforslag mot ein bergensbyr\u00e5d.<\/p>\n<p>Denne gong er det retta mot byr\u00e5dsleiar Christine Meyer (H).<strong> <\/strong><\/p>\n<p><strong>\u00c5rsaka er at byr\u00e5det bad om \u00e5 f\u00e5 sj\u00e5 dialog mellom hovodvernombod May Britt Kindem og Bergens Tidende om ei varslingssak.<\/strong><\/p>\n<p>\u2013 Me kan ikkje forst\u00e5 dette som noko anna enn ei gjengjelding mot den som har varsla, seier \u00c5kerblom til NRK.<\/p>\n<p><strong>Ho meiner kravet om \u00e5 utlevere dialog med pressa \u00f8ydelegg verneombodsfunksjonen.<\/strong><\/p>\n<p>\u2013 Viss verneombodet ikkje kan gjere jobben sin utan \u00e5 vere redd for \u00e5 f\u00e5 krav fr\u00e5 kommunen om \u00e5 utlevere informasjon om det ein jobbar med, d\u00e5 har ein eit stort problem.<\/p>\n<p><strong>Mistillitsforslaget vil bli fremma neste veke, og skal stemmast over i bystyrem\u00f8te i januar.<\/strong><\/p>\n<p><img decoding=\"async\"   src=\"data:image\/gif;base64,R0lGODlhAQABAIAAAAAAAP\/\/\/yH5BAEAAAAALAAAAAABAAEAAAIBRAA7\" loading=\"eager\" alt=\"Mailiss Solheim-\u00c5kerblom (R\u00f8dt)\" title=\"Foto: Simon Skjelvik Brandseth \/ NRK\"\/><\/p>\n<p class=\"\">Mailiss Solheim-\u00c5kerblom, gruppeleiar Raudt Bergen.<\/p>\n<p>Foto: Simon Skjelvik Brandseth \/ NRK<\/p>\n<p>Det var <a href=\"https:\/\/www.bt.no\/politikk\/i\/BxVOGv\/innsynskrav-mot-hovedverneombud-og-varsler-may-britt-kindem\" ec-id=\"https:\/\/www.bt.no\/politikk\/i\/BxVOGv\/innsynskrav-mot-hovedverneombud-og-varsler-may-britt-kindem\" ec-name=\"BT\" rel=\"nofollow noopener\" target=\"_blank\">BT<\/a> som f\u00f8rst melde om kravet retta mot hovudverneombodet.<\/p>\n<p>Bad om dialog mellom verneombod og presse<\/p>\n<p>Hovudverneombod Kindem leverte eit varsel kring Kommunaldirekt\u00f8r Bel\u00e9n Birkenes si handtering av ei sak der informasjon om barn knytt til krisesenter l\u00e5g offentleg tilgjengeleg.<\/p>\n<p><strong>Ein seksjonssjef miste jobben etter hendinga, og Birkenes er skulda for \u00e5 ha uttalt at <a href=\"https:\/\/www.nrk.no\/vestland\/bt_-sikkerheitsglipp-i-bergen-kommune-_-seksjonssjef-matte-ga-av-1.17631482\" ec-id=\"pp:article:1.17631482\" ec-name=\"han m\u00e5tte trekke seg\" rel=\"nofollow noopener\" target=\"_blank\">han m\u00e5tte trekke seg<\/a> <\/strong>\u00ab<strong>for \u00e5 redde byr\u00e5det<\/strong>\u00bb<strong>. Birkenes har avvist dette.<\/strong><\/p>\n<p>Dette er saka: <\/p>\n<ul>\n<li>Ein sikkerhetsglipp i Bergen kommune f\u00f8rte til at seksjonssjef for barnevern, sosiale tenester og mangfald, <a href=\"https:\/\/www.nrk.no\/vestland\/bt_-sikkerheitsglipp-i-bergen-kommune-_-seksjonssjef-matte-ga-av-1.17631482\" ec-id=\"pp:article:1.17631482\" ec-name=\"m\u00e5tte g\u00e5 av i fjor sommar\" rel=\"nofollow noopener\" target=\"_blank\">m\u00e5tte g\u00e5 av i fjor sommar<\/a>.<\/li>\n<li>Det skjedde etter at opplysingar som kunne ha identifisert barn p\u00e5 krisesenter i Bergen, vart publisert p\u00e5 kommunen sine nettsider. Det utgjorde ein mogeleg sikkerheitsrisiko.<\/li>\n<li>Bak lukka d\u00f8rer skal kommunaldirekt\u00f8r Bel\u00e9n Birkenes ha sagt at seksjonssjefen m\u00e5tte g\u00e5 av for \u00e5 hindre at heile byr\u00e5det m\u00e5tte g\u00e5 av. Birkenes har avvist dette.<\/li>\n<li>Saka f\u00f8rte til <a href=\"https:\/\/www.nrk.no\/vestland\/derfor-stormar-det-rundt-byrad-charlotte-spurkeland-_h_-i-bergen-1.17636939\" ec-id=\"pp:article:1.17636939\" ec-name=\"mistillitsforslag mot sosialbyr\u00e5d Charlotte Spurkeland (H)\" rel=\"nofollow noopener\" target=\"_blank\">mistillitsforslag mot sosialbyr\u00e5d Charlotte Spurkeland (H)<\/a>. Mistillitsforslaget fekk ikkje fleirtal i bystyrem\u00f8te 19. november.<\/li>\n<li>Hovedvernombud May Britt Kinden i Bergen kommune har levert eit varsel p\u00e5 handteringa til Birkenes handtering av saka. Etter dette har Kindem f\u00e5tt krav om \u00e5 sende all dialog ho har hatt med Bergens Tidende om saka til byr\u00e5dsavdelinga, skriv <a href=\"https:\/\/www.bt.no\/politikk\/i\/BxVOGv\/innsynskrav-mot-hovedverneombud-og-varsler-may-britt-kindem\" ec-id=\"https:\/\/www.bt.no\/politikk\/i\/BxVOGv\/innsynskrav-mot-hovedverneombud-og-varsler-may-britt-kindem\" ec-name=\"Bergens Tidende\" rel=\"nofollow noopener\" target=\"_blank\">Bergens Tidende<\/a>.<\/li>\n<li>Dette reagerer gruppeleiar Mailiss Solheim-\u00c5kerholm i Raudt p\u00e5. Det er bakgrunnen for at partiet fremmer mistillitsforslag mot byr\u00e5dsleiar Christine Meyer (H).<\/li>\n<\/ul>\n<p>\u2013 Det me reagerer p\u00e5 er til sjuande og sist byr\u00e5dsleiar si handtering av denne saka, seier \u00c5kerblom til NRK.<\/p>\n<p><strong>\u2013 Byr\u00e5dsleiar seier at informasjonen som verneombodet har skal utleverast til kommunen p\u00e5 bakgrunn av innsynskrav. Men eit verneombod er ikkje omfatta av offentligheitslova p\u00e5 same m\u00e5te som administrasjonen i kommunen.<\/strong><\/p>\n<p>\u2013 N\u00e5r den \u00f8vste politiske leiaren i Bergen ikkje forst\u00e5r at eit verneombod har ei heilt anna rolle enn administrasjonen, d\u00e5 er me p\u00e5 ville vegar, seier ho.<\/p>\n<p>\u2013 Mange har meld om fryktkultur<\/p>\n<p>Gruppeleiar i Bergen Venstre, Per-Arne Hvidstein Larsen, seier til NRK at han har full forst\u00e5ing for mistillitsforslaget.<\/p>\n<p>\u2013 Det er ordentleg alvorlege saker det er snakk om, som me m\u00e5 g\u00e5 grundig inn i. Det er snakk om fryktkultur og mogleg ulovleg gjengjelding mot varslar. Begge deler er sv\u00e6rt alvorleg.<\/p>\n<p><strong>Larsen er \u00f2g leiar i bystyrets kontrollutval som har kalla Meyer inn p\u00e5 teppet i januar. <\/strong><\/p>\n<p>Venstre ventar til etter ho har svart for seg der med \u00e5 ta stilling til mistillitsforslaget, seier Larsen.<\/p>\n<p>\u2013 Kjenner du deg igjen i det som blir skildra om fryktkultur?<\/p>\n<p>\u2013 Fryktkultur, og kanskje f\u00f8rst og fremst uroa for at det skal oppst\u00e5 ein fryktkultur, er det mange som har meld til meg.<\/p>\n<p><img decoding=\"async\"   src=\"data:image\/gif;base64,R0lGODlhAQABAIAAAAAAAP\/\/\/yH5BAEAAAAALAAAAAABAAEAAAIBRAA7\" loading=\"eager\" alt=\"Venstre-politiker Per-Arne Larsen\" title=\"Foto: Benjamin Dyrdal \/ NRK\"\/><\/p>\n<p>Foto: Benjamin Dyrdal \/ NRK<\/p>\n<p>Tredje mistillitsforslaget i haust<\/p>\n<p>Dette er det tredje mistillitsforslaget mot ein bergensbyr\u00e5d i haust.<\/p>\n<p><strong>Bystyrem\u00f8tet i januar vil bli det tredje p\u00e5 rad der eit mistillitsforslag mot ein byr\u00e5d skal behandlast.<\/strong><\/p>\n<p>F\u00f8rst fekk Charlotte Spurkeland, byr\u00e5d for barnevern, sosiale tenester og mangfald, opposisjonen mot seg p\u00e5 grunn av for lite utbetalt bust\u00f8tte i \u00e5r. Mistillitsforslaget blei nedstemt 19. november, men ho fekk <a href=\"https:\/\/www.nrk.no\/vestland\/bergenslisten-kritiserer-spurkeland-_-stottar-ikkje-mistillit-1.17658857\" ec-id=\"pp:article:1.17658857\" ec-name=\"sterk kritikk\" rel=\"nofollow noopener\" target=\"_blank\">sterk kritikk<\/a> av st\u00f8ttepartiet Bergenslisten.<\/p>\n<p>Same dag blei det fremja eit andre mistillitsforslag mot Spurkeland, denne gang p\u00e5 grunn av saka der informasjon om barn knytt til krisesenter blei publisert p\u00e5 kommunens nettside. Den saka skal opp i bystyret 17. desember.<\/p>\n<p>\u2013 Tre mistillitsforslag p\u00e5 kort tid \u2013 kva betyr det?<\/p>\n<p><strong>\u2013 Det viser at det er eit byr\u00e5d i Bergen som ikkje heilt har kontroll p\u00e5 korleis dei skal styra byen og som gjer mykje feil, svarar \u00c5kerblom.<\/strong><\/p>\n<p>\u2013 Eg trur desse sakene heng veldig saman, seier ho, og viser til at mistillitsforslaget deira heng saman med eit av dei tidlegare mot Spurkeland.<\/p>\n<p>Publisert<\/p>\n<p>12.12.2025, kl. 10.44<\/p>\n<p>Oppdatert<\/p>\n<p>12.12.2025, kl. 12.00<\/p>\n","protected":false},"excerpt":{"rendered":"For tredje gong denne hausten blir det stilt mistillitsforslag mot ein bergensbyr\u00e5d. Denne gong er det retta mot&hellip;\n","protected":false},"author":2,"featured_media":111252,"comment_status":"","ping_status":"","sticky":false,"template":"","format":"standard","meta":{"footnotes":""},"categories":[10],"tags":[20,21,24,25,15,22,23,13,30,28,29,14,16,26,27],"class_list":{"0":"post-111251","1":"post","2":"type-post","3":"status-publish","4":"format-standard","5":"has-post-thumbnail","7":"category-norge","8":"tag-breaking-news","9":"tag-breakingnews","10":"tag-featured-news","11":"tag-featurednews","12":"tag-headlines","13":"tag-latest-news","14":"tag-latestnews","15":"tag-news","16":"tag-no","17":"tag-norge","18":"tag-norway","19":"tag-nyheter","20":"tag-overskrifter","21":"tag-top-stories","22":"tag-topstories"},"share_on_mastodon":{"url":"https:\/\/pubeurope.com\/@no\/115706297308906997","error":""},"_links":{"self":[{"href":"https:\/\/www.europesays.com\/no\/wp-json\/wp\/v2\/posts\/111251","targetHints":{"allow":["GET"]}}],"collection":[{"href":"https:\/\/www.europesays.com\/no\/wp-json\/wp\/v2\/posts"}],"about":[{"href":"https:\/\/www.europesays.com\/no\/wp-json\/wp\/v2\/types\/post"}],"author":[{"embeddable":true,"href":"https:\/\/www.europesays.com\/no\/wp-json\/wp\/v2\/users\/2"}],"replies":[{"embeddable":true,"href":"https:\/\/www.europesays.com\/no\/wp-json\/wp\/v2\/comments?post=111251"}],"version-history":[{"count":0,"href":"https:\/\/www.europesays.com\/no\/wp-json\/wp\/v2\/posts\/111251\/revisions"}],"wp:featuredmedia":[{"embeddable":true,"href":"https:\/\/www.europesays.com\/no\/wp-json\/wp\/v2\/media\/111252"}],"wp:attachment":[{"href":"https:\/\/www.europesays.com\/no\/wp-json\/wp\/v2\/media?parent=111251"}],"wp:term":[{"taxonomy":"category","embeddable":true,"href":"https:\/\/www.europesays.com\/no\/wp-json\/wp\/v2\/categories?post=111251"},{"taxonomy":"post_tag","embeddable":true,"href":"https:\/\/www.europesays.com\/no\/wp-json\/wp\/v2\/tags?post=111251"}],"curies":[{"name":"wp","href":"https:\/\/api.w.org\/{rel}","templated":true}]}}