{"id":111253,"date":"2025-12-12T11:12:13","date_gmt":"2025-12-12T11:12:13","guid":{"rendered":"https:\/\/www.europesays.com\/no\/111253\/"},"modified":"2025-12-12T11:12:13","modified_gmt":"2025-12-12T11:12:13","slug":"domt-til-16-ar-i-fengsel-stor-oslo","status":"publish","type":"post","link":"https:\/\/www.europesays.com\/no\/111253\/","title":{"rendered":"D\u00f8mt til 16 \u00e5r i fengsel \u2013 Stor-Oslo"},"content":{"rendered":"<p><strong>\u2013 S\u00e5 vidt jeg kan se, er dette blant de st\u00f8rste mengdene kokain noen er d\u00f8mt for befatning med i Norge.<\/strong><\/p>\n<p>Det sier statsadvokat Einar Salvesen Lieungh til NRK.<\/p>\n<p>Mannen i 40-\u00e5rene <a href=\"https:\/\/www.nrk.no\/stor-oslo\/tiltalt-for-oppbevaring-av-over-et-tonn-narkotika-i-oslo-1.17666346\" ec-id=\"pp:article:1.17666346\" ec-name=\"skal ha oppbevart 1065 kilo narkotika\" rel=\"nofollow noopener\" target=\"_blank\">skal ha oppbevart 1065 kilo narkotika<\/a>, hvor av 186,6 kilo utvilsomt var kokain.<\/p>\n<p><strong>N\u00e5 er han d\u00f8mt til 16 \u00e5rs fengsel.<\/strong><\/p>\n<p>\u2013 Det er veldig sjeldent at noen blir domfelt for s\u00e5 store mengder narkotika, sier Lieungh.<\/p>\n<p><img decoding=\"async\"   src=\"data:image\/gif;base64,R0lGODlhAQABAIAAAAAAAP\/\/\/yH5BAEAAAAALAAAAAABAAEAAAIBRAA7\" loading=\"eager\" alt=\"En mann i dress st\u00e5r i en rettsal og gestikulerer med h\u00e5nden. Bakgrunnen viser rettssalens m\u00f8bler og utstyr. Det er en formell setting med tre skrivebord og stoler synlig. Lysforholdene er innend\u00f8rs med en del naturlig lys.\" title=\"Foto: Hallgeir Braastad \/ NRK\"\/><\/p>\n<p class=\"\">Statsadvokat Einar Salvesen Lieungh.<\/p>\n<p>Foto: Hallgeir Braastad \/ NRK<\/p>\n<p>Tatt i Frognerparken<\/p>\n<p>Det var i mars at mannen ble p\u00e5grepet av en tilfeldig politipatrulje i Frognerparken.<\/p>\n<p><strong>I parken overleverte han 2 kilo kokain og fikk 705.000 kroner av en annen mann i 20-\u00e5rene.<\/strong><\/p>\n<p>Etter p\u00e5gripelsen ransaket politiet mannens leilighet.\n<\/p>\n<p><img decoding=\"async\"   src=\"data:image\/gif;base64,R0lGODlhAQABAIAAAAAAAP\/\/\/yH5BAEAAAAALAAAAAABAAEAAAIBRAA7\" loading=\"eager\" alt=\"Beslag av narkotika\" title=\"Foto: Politiet\"\/><\/p>\n<p class=\"\">Kokainen som ble funnet hjemme hos mannen.<\/p>\n<p>Foto: Politiet<\/p>\n<p>Her fant de 18 kilo kokain og tomemballasjer som er blitt rekonstruert til \u00e5 tilsvare 51 kilo kokain.<\/p>\n<p><strong>Det ble funnet notatblokker som politiet mener viser regnskap for salg av 908 kilo narkotika.<\/strong>\n<\/p>\n<p><img decoding=\"async\"   src=\"data:image\/gif;base64,R0lGODlhAQABAIAAAAAAAP\/\/\/yH5BAEAAAAALAAAAAABAAEAAAIBRAA7\" loading=\"eager\" alt=\"Bildet viser kokainen som ble funnet p\u00e5 mannen i 20-\u00e5rene som er tiltalt i samme sak.\" title=\"Foto: Politiet\"\/><\/p>\n<p class=\"\">Bildet viser kokainen som ble funnet p\u00e5 mannen i 20-\u00e5rene som er tiltalt i samme sak.<\/p>\n<p>Foto: Politiet<\/p>\n<p>Basert p\u00e5 narkotikaregnskapet mener politiet ogs\u00e5 at mannen har oppbevart 1065 kilo narkotika.<\/p>\n<p><strong>\u2013 Det var en tilfeldighet at dette ble avdekket, sier Lieungh.<\/strong><\/p>\n<p>Sa at han f\u00f8rte regnskap for andre<\/p>\n<p>I tingretten hevdet mannen at han bare f\u00f8rte regnskap p\u00e5 vegne av andre, uten \u00e5 vite hva tallene gjaldt.<\/p>\n<p>Han forklarte at han fikk summene tilsendt p\u00e5 melding og deretter skrev dem inn i notatblokken.<\/p>\n<p>Mannens forsvarer, Zulifqar Munir, sier at de forel\u00f8pig ikke har tatt stilling til dommen.<\/p>\n<p><img decoding=\"async\"   src=\"data:image\/gif;base64,R0lGODlhAQABAIAAAAAAAP\/\/\/yH5BAEAAAAALAAAAAABAAEAAAIBRAA7\" loading=\"eager\" alt=\"En mann st\u00e5r i et rettssal, if\u00f8rt en beige genser over en skjorte. Bak ham er det en dommerstol og et mikrofonsystem. Det er tre vegger i rommet, hvor den ene er av tre. Belysningen er myk og skj\u00e6rer inn over bildet.\" title=\"Foto: Hallgeir Braastad \/ NRK\"\/><\/p>\n<p class=\"\">Forsvarer Zulifqar Munir.<\/p>\n<p>Foto: Hallgeir Braastad \/ NRK<\/p>\n<p>Den medtiltalte mannen i 20-\u00e5rene er d\u00f8mt til fem \u00e5rs fengsel.<\/p>\n<p>Publisert<\/p>\n<p>12.12.2025, kl. 06.24<\/p>\n<p>Oppdatert<\/p>\n<p>12.12.2025, kl. 06.27<\/p>\n","protected":false},"excerpt":{"rendered":"\u2013 S\u00e5 vidt jeg kan se, er dette blant de st\u00f8rste mengdene kokain noen er d\u00f8mt for befatning&hellip;\n","protected":false},"author":2,"featured_media":111254,"comment_status":"","ping_status":"","sticky":false,"template":"","format":"standard","meta":{"footnotes":""},"categories":[5],"tags":[20,21,24,25,15,19,22,23,17,18,13,30,28,29,14,16,26,27],"class_list":{"0":"post-111253","1":"post","2":"type-post","3":"status-publish","4":"format-standard","5":"has-post-thumbnail","7":"category-overskrifter","8":"tag-breaking-news","9":"tag-breakingnews","10":"tag-featured-news","11":"tag-featurednews","12":"tag-headlines","13":"tag-hovedoppslag","14":"tag-latest-news","15":"tag-latestnews","16":"tag-main-news","17":"tag-mainnews","18":"tag-news","19":"tag-no","20":"tag-norge","21":"tag-norway","22":"tag-nyheter","23":"tag-overskrifter","24":"tag-top-stories","25":"tag-topstories"},"share_on_mastodon":{"url":"https:\/\/pubeurope.com\/@no\/115706301233348287","error":""},"_links":{"self":[{"href":"https:\/\/www.europesays.com\/no\/wp-json\/wp\/v2\/posts\/111253","targetHints":{"allow":["GET"]}}],"collection":[{"href":"https:\/\/www.europesays.com\/no\/wp-json\/wp\/v2\/posts"}],"about":[{"href":"https:\/\/www.europesays.com\/no\/wp-json\/wp\/v2\/types\/post"}],"author":[{"embeddable":true,"href":"https:\/\/www.europesays.com\/no\/wp-json\/wp\/v2\/users\/2"}],"replies":[{"embeddable":true,"href":"https:\/\/www.europesays.com\/no\/wp-json\/wp\/v2\/comments?post=111253"}],"version-history":[{"count":0,"href":"https:\/\/www.europesays.com\/no\/wp-json\/wp\/v2\/posts\/111253\/revisions"}],"wp:featuredmedia":[{"embeddable":true,"href":"https:\/\/www.europesays.com\/no\/wp-json\/wp\/v2\/media\/111254"}],"wp:attachment":[{"href":"https:\/\/www.europesays.com\/no\/wp-json\/wp\/v2\/media?parent=111253"}],"wp:term":[{"taxonomy":"category","embeddable":true,"href":"https:\/\/www.europesays.com\/no\/wp-json\/wp\/v2\/categories?post=111253"},{"taxonomy":"post_tag","embeddable":true,"href":"https:\/\/www.europesays.com\/no\/wp-json\/wp\/v2\/tags?post=111253"}],"curies":[{"name":"wp","href":"https:\/\/api.w.org\/{rel}","templated":true}]}}