{"id":111261,"date":"2025-12-12T11:23:12","date_gmt":"2025-12-12T11:23:12","guid":{"rendered":"https:\/\/www.europesays.com\/no\/111261\/"},"modified":"2025-12-12T11:23:12","modified_gmt":"2025-12-12T11:23:12","slug":"hun-blir-ny-kommunedirektor-i-tromso-nord24-no","status":"publish","type":"post","link":"https:\/\/www.europesays.com\/no\/111261\/","title":{"rendered":"Hun blir ny kommunedirekt\u00f8r i Troms\u00f8 &#8211; nord24.no"},"content":{"rendered":"<ol>\n<li><a href=\"https:\/\/news.google.com\/rss\/articles\/CBMihgFBVV95cUxOdlhORUI0WloxUmREVm93OHJkMXZFa3hBS2dVTml6UW84YWJIVHFSUjBHVHMyN2ZJQXJ0TXoza2YxUkhDdjBib2toT2xDVUtrMWktQmdVZXpwMEtZMzdjeE10MGIySTE3d0NEdXZ1OHNaY21ReW5HSDlRU2ZWenpwWXFYT2lQQQ?oc=5\" target=\"_blank\" rel=\"nofollow noopener\">Hun blir ny kommunedirekt\u00f8r i Troms\u00f8<\/a>&nbsp;&nbsp;nord24.no<\/li>\n<li><a href=\"https:\/\/news.google.com\/rss\/articles\/CBMingFBVV95cUxNLTBCR0I4UUphT05FSmpad1N5bHUtY09hV25HbkplWUpLNTlwenNNZzk3cThXZGZoT2UtejhyS1o2Yk5VRDNwY0t5YUVtNXN1N1JBWUNHMEVKSWxkckxIX1ZXRkVtSHJjN09PRzVoZFVqZEx2VU80aWxGTnNycnViX0M2ZDlXQmxnbmRGZ0paRmlyVFQ0R29ZQi1PZmtfQQ?oc=5\" target=\"_blank\" rel=\"nofollow noopener\">Troms\u00f8 kommune, Kommunedirekt\u00f8r | \u2013 Hun f\u00e5r det t\u00f8ft, men jeg er sikker p\u00e5 at hun er rett person<\/a>&nbsp;&nbsp;Nordlys<\/li>\n<li><a href=\"https:\/\/news.google.com\/rss\/articles\/CBMingFBVV95cUxQbVVKcjNXVlRZdkFUR184QUhEclRKTDNPQXBmdEgzeXdTeGJycEZ0VVAwWGZjY0NKcjFybTkxT2dIY2l0blU3cHg1cUVRQndXU1NtTTRJRVVZeHF6Wks3dVhWdml1Nm0xN2pZY2VSOUVlemRkamlMU2hqN2ptNDFuU2hGU3lnNnhhWVRJMmp6bHl2R3lLUzhfSWZKY1NqZw?oc=5\" target=\"_blank\" rel=\"nofollow noopener\">Kommer med sin anbefaling til kommunedirekt\u00f8r i dag<\/a>&nbsp;&nbsp;NRK<\/li>\n<li><a href=\"https:\/\/news.google.com\/rss\/articles\/CBMilgFBVV95cUxQRXRRV3pVclRVR3lLcWNvREVFYjdrcURjRGNHbzcweUFFdzVsSTY3WGpKbzR5dmRweklMV3pfZXJjRFJaMEFQcXRaU1Vzdk1RMzh2Q3drWjE3SWhkSlF6cGVzWkVUdmR6Mm9tUkJlOE9JZ1RGS2lIUGk3eHlkbU94YXAyZ2RHeGV4U1F4SVNEenRqTFhUT1E?oc=5\" target=\"_blank\" rel=\"nofollow noopener\">(+) N\u00e5 avgj\u00f8res det hvem som blir ny kommunedirekt\u00f8r<\/a>&nbsp;&nbsp;itromso.no<\/li>\n<li><a href=\"https:\/\/news.google.com\/rss\/articles\/CBMiiAFBVV95cUxPUjFmTUlpd2dHNjF1dDZES0VUSVNpZDhPZGt5S28xaW9sN3c5UFlHcU83UUNMNlktdWRzS1dPOWhrWXAyWTNXbGI3enoyVVRFdnBXMGJGQWtjLUFQYWlqNnVfSmR5SmF3M3dKOFd5QTE5SzdPbTlyRFFHdVY5WnBrWXJ3MGlTMXN1?oc=5\" target=\"_blank\" rel=\"nofollow noopener\">N\u00e5 startar jakta p\u00e5 ny kommunedirekt\u00f8r<\/a>&nbsp;&nbsp;fjuken.no<\/li>\n<\/ol>\n","protected":false},"excerpt":{"rendered":"Hun blir ny kommunedirekt\u00f8r i Troms\u00f8&nbsp;&nbsp;nord24.no Troms\u00f8 kommune, Kommunedirekt\u00f8r | \u2013 Hun f\u00e5r det t\u00f8ft, men jeg er&hellip;\n","protected":false},"author":2,"featured_media":111262,"comment_status":"","ping_status":"","sticky":false,"template":"","format":"standard","meta":{"footnotes":""},"categories":[5],"tags":[20,21,24,25,15,19,22,23,17,18,13,30,28,29,14,16,26,27],"class_list":{"0":"post-111261","1":"post","2":"type-post","3":"status-publish","4":"format-standard","5":"has-post-thumbnail","7":"category-overskrifter","8":"tag-breaking-news","9":"tag-breakingnews","10":"tag-featured-news","11":"tag-featurednews","12":"tag-headlines","13":"tag-hovedoppslag","14":"tag-latest-news","15":"tag-latestnews","16":"tag-main-news","17":"tag-mainnews","18":"tag-news","19":"tag-no","20":"tag-norge","21":"tag-norway","22":"tag-nyheter","23":"tag-overskrifter","24":"tag-top-stories","25":"tag-topstories"},"share_on_mastodon":{"url":"https:\/\/pubeurope.com\/@no\/115706344689061287","error":""},"_links":{"self":[{"href":"https:\/\/www.europesays.com\/no\/wp-json\/wp\/v2\/posts\/111261","targetHints":{"allow":["GET"]}}],"collection":[{"href":"https:\/\/www.europesays.com\/no\/wp-json\/wp\/v2\/posts"}],"about":[{"href":"https:\/\/www.europesays.com\/no\/wp-json\/wp\/v2\/types\/post"}],"author":[{"embeddable":true,"href":"https:\/\/www.europesays.com\/no\/wp-json\/wp\/v2\/users\/2"}],"replies":[{"embeddable":true,"href":"https:\/\/www.europesays.com\/no\/wp-json\/wp\/v2\/comments?post=111261"}],"version-history":[{"count":0,"href":"https:\/\/www.europesays.com\/no\/wp-json\/wp\/v2\/posts\/111261\/revisions"}],"wp:featuredmedia":[{"embeddable":true,"href":"https:\/\/www.europesays.com\/no\/wp-json\/wp\/v2\/media\/111262"}],"wp:attachment":[{"href":"https:\/\/www.europesays.com\/no\/wp-json\/wp\/v2\/media?parent=111261"}],"wp:term":[{"taxonomy":"category","embeddable":true,"href":"https:\/\/www.europesays.com\/no\/wp-json\/wp\/v2\/categories?post=111261"},{"taxonomy":"post_tag","embeddable":true,"href":"https:\/\/www.europesays.com\/no\/wp-json\/wp\/v2\/tags?post=111261"}],"curies":[{"name":"wp","href":"https:\/\/api.w.org\/{rel}","templated":true}]}}