{"id":111263,"date":"2025-12-12T11:24:14","date_gmt":"2025-12-12T11:24:14","guid":{"rendered":"https:\/\/www.europesays.com\/no\/111263\/"},"modified":"2025-12-12T11:24:14","modified_gmt":"2025-12-12T11:24:14","slug":"hadde-tatt-kvelertak-pa-nye-emil","status":"publish","type":"post","link":"https:\/\/www.europesays.com\/no\/111263\/","title":{"rendered":"\u2013Hadde tatt kvelertak p\u00e5 \u00abnye\u00bb Emil"},"content":{"rendered":"\n<p class=\"_lead_o9xde_2 _lead_xtcu6_50 layout-component text-serif-m layout-normal text-serif-l layout-component layout-wide layout-padded _wide_17hqh_1 layout-padded\">\u00abHar du tid til \u00e5 sitte \u00e5 h\u00f8re p\u00e5 det\u00bb, sier Even Northug om den nye utgaven av Emil Iversen (34) p\u00e5 tur med landslaget igjen.<\/p>\n<p><img alt=\"Emil Iversen, her under et pressetreff i Davos, Sveits, torsdag ettermiddag. Foto: MAXIM THORE \/ BILDBYR\u00c5N\" class=\"_image_qp4xg_65 layout-component layout-wide\" data-fullscreen- data-track-element-type=\"Article image fullscreen\" data-track-name=\"ImageFullscreen\" fetchpriority=\"high\" decoding=\"sync\" loading=\"eager\" height=\"4000\" itemprop=\"image\"  src=\"https:\/\/www.europesays.com\/no\/wp-content\/uploads\/2025\/12\/d6286da6-04e7-44ee-b8ee-6f07c6355c3e\"  style=\"object-position:0% 0%\" width=\"6000\"\/>Emil Iversen, her under et pressetreff i Davos, Sveits, torsdag ettermiddag. Foto: MAXIM THORE \/ BILDBYR\u00c5N<\/p>\n<ul aria-hidden=\"true\" class=\"_images_ntbth_112\">\n<li><a class=\"_link_ntbth_117\" href=\"https:\/\/www.vg.no\/forfatter\/mikal-aaserud\" style=\"z-index:1\" title=\"Mikal Emil Aaserud\" rel=\"nofollow noopener\" target=\"_blank\"><img alt=\"Bilde av Mikal Emil Aaserud\" class=\"_image_ntbth_93\" fetchpriority=\"low\" loading=\"lazy\" decoding=\"async\" itemprop=\"image\"  src=\"https:\/\/www.europesays.com\/no\/wp-content\/uploads\/2025\/12\/1765538651_148_1f4bb18c-b7b1-46ba-9b49-79ae6afd7bbd\"  width=\"480\"\/><\/a><\/li>\n<\/ul>\n<p> Oppdatert fredag 12. desember kl. 11:58    <\/p>\n<ul class=\"_list_o9xde_3 _list_64s2r_85 _unordered_o9xde_106 text-sans-m\">\n<li class=\"_item_o9xde_30\">Emil Iversen har gjort betydelige livsstilsendringer, noe lagkameratene n\u00e5 legger merke til.<\/li>\n<li class=\"_item_o9xde_30\">Even Northug og Johannes H\u00f8sflot Kl\u00e6bo kommenterer Iversens nye metode, blant annet bruk av dagslyslampe og spesifikke matvarer.<\/li>\n<li class=\"_item_o9xde_30\">Iversen deltar i nok et uttaksrenn til OL i Davos denne helgen, etter suksessen i Trondheim sist helg<\/li>\n<\/ul>\n<p>Vis mer <\/p>\n<p class=\"_paragraph_o9xde_4 _paragraph_xtcu6_10 layout-component text-serif-m layout-normal text-serif-m layout-padded\">Det begynner nemlig \u00e5 bli lenge siden tr\u00f8nderen var utenlands med det norske landslaget.<\/p>\n<p class=\"_paragraph_o9xde_4 _paragraph_xtcu6_10 layout-component text-serif-m layout-normal text-serif-m layout-padded\">Men r\u00e5sterke prestasjoner under verdenscupen i Trondheim \u2013 der Iversen fortalte <a href=\"https:\/\/www.vg.no\/sport\/i\/43d3Ra\/etter-emil-iversens-suksess-i-verdenscupen-i-trondheim-avsloerer-naar-han-og-klaebo-drakk-alkohol-sist\" data-track-element-type=\"Link\" data-track-id=\"link:43d3Ra\" class=\"_link_o9xde_39\" rel=\"nofollow noopener\" target=\"_blank\">at suksessen blant annet skyldtes en endring i livsstilen<\/a> \u2013 sikret 34-\u00e5ringen ny billett til verdenscupen.<\/p>\n<p class=\"_paragraph_o9xde_4 _paragraph_xtcu6_10 layout-component text-serif-m layout-normal text-serif-m layout-padded\">I Davos kommende s\u00f8ndag skal han g\u00e5 nok et viktig renn, nemlig OL-\u00f8velsen 10 kilometer fristil.<\/p>\n<p class=\"_paragraph_o9xde_4 _paragraph_xtcu6_10 layout-component text-serif-m layout-normal text-serif-m layout-padded\">Og p\u00e5 Sveits-turen f\u00e5r lagkompisene p\u00e5 landslaget p\u00e5 n\u00e6rt hold se hva slags endring tr\u00f8nderen har gjort med livet sitt.<\/p>\n<p><img decoding=\"async\" alt=\"Bilde av \" class=\"_image_ygndg_42\" height=\"27\" itemprop=\"image\" loading=\"lazy\"  src=\"https:\/\/www.europesays.com\/no\/wp-content\/uploads\/2025\/12\/332307df-a4e8-4f22-8e2b-c349011f6529\"  width=\"40\"\/><strong class=\"_name_ygndg_51 title-serif-xs\"\/><\/p>\n<p class=\"_paragraph_o9xde_4 text-sans-m _description_ygndg_56\">Johannes H\u00f8sflot Kl\u00e6bo, her p\u00e5 et pressetreff f\u00f8r verdenscupen i Davos.<\/p>\n<p class=\"_paragraph_o9xde_4 _paragraph_xtcu6_10 layout-component text-serif-m layout-normal text-serif-m layout-padded\">\u2013 Han hadde mobbet den personen s\u00f8nder og sammen, hadde dette v\u00e6rt for ti \u00e5r siden. Og n\u00e5 er Emil den personen. Det er derfor det er s\u00e5 g\u00f8y. For han er s\u00e5 langt fra Emil som du f\u00e5r det, sier <a href=\"https:\/\/www.vg.no\/tag\/johannes-hoesflot-klaebo?utm_source=vg-article&amp;utm_medium=auto-tagger&amp;utm_campaign=OknXW3\" class=\"_link_o9xde_39\" rel=\"nofollow noopener\" target=\"_blank\">Johannes H\u00f8sflot Kl\u00e6bo<\/a> til VG og gliser.<\/p>\n<p class=\"_paragraph_o9xde_4 _paragraph_xtcu6_10 layout-component text-serif-m layout-normal text-serif-m layout-padded\">Det er Even Northug som bor p\u00e5 rom med Iversen i Davos.<\/p>\n<p class=\"_paragraph_o9xde_4 _paragraph_xtcu6_10 layout-component text-serif-m layout-normal text-serif-m layout-padded\">\u2013 Det er g\u00f8y \u00e5 bli kjent med nye Emil. For jeg var jo god kompis med gamle Emil. Gamle Emil hadde hatet nye Emil. Gamle Emil hadde tatt kvelertak p\u00e5 nye Emil, sendt ham hjem fra Davos og sagt \u00abhva er det du holder p\u00e5 med\u00bb, sier Northug og smiler han ogs\u00e5.<\/p>\n<p><img decoding=\"async\" alt=\"Bilde av Even Northug\" class=\"_image_ygndg_42\" height=\"27\" itemprop=\"image\" loading=\"lazy\"  src=\"https:\/\/www.europesays.com\/no\/wp-content\/uploads\/2025\/12\/f060c082-1bfd-4fe4-a5e2-460dca91dab3\"  width=\"40\"\/><strong class=\"_name_ygndg_51 title-serif-xs\">Even Northug<\/strong><\/p>\n<p class=\"_paragraph_o9xde_4 text-sans-m _description_ygndg_56\">Landslagsl\u00f8per i langrenn<\/p>\n<p class=\"_paragraph_o9xde_4 _paragraph_xtcu6_10 layout-component text-serif-m layout-normal text-serif-m layout-padded\">Men det er f\u00e5 som vil komme med konkrete eksempler.<\/p>\n<p class=\"_paragraph_o9xde_4 _paragraph_xtcu6_10 layout-component text-serif-m layout-normal text-serif-m layout-padded\">Etter hvert letter noen av dem p\u00e5 sl\u00f8ret.<\/p>\n<ul class=\"_list_o9xde_3 _list_xtcu6_9 _unordered_o9xde_106 layout-component text-serif-m layout-normal text-serif-m layout-padded\">\n<li class=\"_item_o9xde_30\">Iversen har angivelig med seg en dagslyslampe som han bruker mot ansiktet hver morgen. \u00abVi har lyskastere p\u00e5 rommet\u00bb, sier Even Northug.<\/li>\n<li class=\"_item_o9xde_30\">Han har angivelig med et eget apparat for massasje. \u00abJeg har med s\u00e5 mye duppeditter\u00bb, sier Iversen.<\/li>\n<li class=\"_item_o9xde_30\">Iversen forteller selv at han har med matvarer hjemmefra. Egen kanel, havregryn og honning fra Norge.\u00bb. Men det er egentlig bare helt fantastisk. Helt r\u00e5tt, sier Northug og smiler han ogs\u00e5, sier Even Northug.<\/li>\n<\/ul>\n<p class=\"_paragraph_o9xde_4 _paragraph_xtcu6_10 layout-component text-serif-m layout-normal text-serif-m layout-padded\"><strong class=\"_strong_o9xde_25\">\u2013 Hva har skjedd med deg?<\/strong><\/p>\n<p class=\"_paragraph_o9xde_4 _paragraph_xtcu6_10 layout-component text-serif-m layout-normal text-serif-m layout-padded\">\u2013 Jeg har bestemt meg for \u00e5 gi det en siste sjanse. Jeg blir mobbet i matsalen for alt jeg gj\u00f8r. Jeg er blitt en ny mann. N\u00e5 er jeg det nye mobbeofferet, men det st\u00e5r jeg veldig fint i, sier Emil Iversen.<\/p>\n<p class=\"_paragraph_o9xde_4 _paragraph_xtcu6_10 layout-component text-serif-m layout-normal text-serif-m layout-padded\">Han fortsetter:<\/p>\n<p class=\"_paragraph_o9xde_4 _paragraph_xtcu6_10 layout-component text-serif-m layout-normal text-serif-m layout-padded\">\u2013 Jeg er bare stolt over det jeg har klart \u00e5 f\u00e5 til. Jeg tror veldig mange \u2013 inkludert meg selv &#8211; er overrasket over at det har blitt s\u00e5pass bra.<\/p>\n<p class=\"_paragraph_o9xde_4 _paragraph_xtcu6_10 layout-component text-serif-m layout-normal text-serif-m layout-padded\">Iversen sier han ikke kan fortelle alt, men lover at alt kommer for en dag.<\/p>\n<p class=\"_paragraph_o9xde_4 _paragraph_xtcu6_10 layout-component text-serif-m layout-normal text-serif-m layout-padded\">\u2013 For det er ganske mye. Det kan jeg si, det er ekstremt mye detaljer. Det er et knallhardt fokus p\u00e5 restitusjon, gode \u00f8kter, bra kosthold. Jeg pr\u00f8ver \u00e5 bygge et tempel. Det har jeg gjort siden i v\u00e5r, det f\u00f8ler jeg er litt p\u00e5 vei, men vi kan ikke r\u00f8pe s\u00e5 mye enn\u00e5. S\u00e5 vi tar det til v\u00e5ren.<\/p>\n<p class=\"_paragraph_o9xde_4 _paragraph_xtcu6_10 layout-component text-serif-m layout-normal text-serif-m layout-padded\">Slik reagerte Emil Iversen da han sist helg tok sin f\u00f8rste pallplass i verdenscupen p\u00e5 nesten fem \u00e5r:<\/p>\n<p class=\"_paragraph_o9xde_4 _paragraph_xtcu6_10 layout-component text-serif-m layout-normal text-serif-m layout-padded\">Kl\u00e6bo er glad for at alle detaljene sammen med god trening har hjulpet Iversen til verdenstoppen igjen.<\/p>\n<p class=\"_paragraph_o9xde_4 _paragraph_xtcu6_10 layout-component text-serif-m layout-normal text-serif-m layout-padded\">\u2013 Han gj\u00f8r det skikkelig. Det er godt han f\u00e5r betalt for det. Det hadde v\u00e6rt tungt for min del \u00e5 gi r\u00e5d og s\u00e5 hadde det g\u00e5tt d\u00e5rlig. N\u00e5 leverer han, sier tr\u00f8nderen.<\/p>\n<p class=\"_paragraph_o9xde_4 _paragraph_xtcu6_10 layout-component text-serif-m layout-normal text-serif-m layout-padded\">Harald \u00d8stberg Amundsen kom inn p\u00e5 langrennslandslaget i 2021.<\/p>\n<p class=\"_paragraph_o9xde_4 _paragraph_xtcu6_10 layout-component text-serif-m layout-normal text-serif-m layout-padded\">Da hadde Iversen nettopp vunnet VM-gull p\u00e5 femmil og var en landslagsveteran.<\/p>\n<p class=\"_paragraph_o9xde_4 _paragraph_xtcu6_10 layout-component text-serif-m layout-normal text-serif-m layout-padded\">N\u00e5 forteller Amundsen at han og andre av Iversen blir bel\u00e6rt i hva slags liv han lever, hva han spiser og hva maten skal inneholde.<\/p>\n<p><img decoding=\"async\" alt=\"Bilde av Harald \u00d8stberg Amundsen\" class=\"_image_ygndg_42\" height=\"27\" itemprop=\"image\" loading=\"lazy\"  src=\"https:\/\/www.europesays.com\/no\/wp-content\/uploads\/2025\/12\/4d929325-d151-4863-932c-91ffc2f9e3c2\"  width=\"40\"\/><strong class=\"_name_ygndg_51 title-serif-xs\">Harald \u00d8stberg Amundsen<\/strong><\/p>\n<p class=\"_paragraph_o9xde_4 text-sans-m _description_ygndg_56\">Landslagsl\u00f8per i langrenn<\/p>\n<p class=\"_paragraph_o9xde_4 _paragraph_xtcu6_10 layout-component text-serif-m layout-normal text-serif-m layout-padded\">\u2013 Da jeg kom p\u00e5 lag i 2021 og ble kjent med ham, s\u00e5 var han ikke s\u00e5nn, men den mest avslappede skil\u00f8peren noen gang. Han k\u00f8ddet mye med dem som stolte p\u00e5 ting som forskningen potensielt har vist ikke har noe \u00e5 si. S\u00e5 har han blitt en ny mann og det er umulig \u00e5 si noe p\u00e5 det, s\u00e5 lenge han g\u00e5r fort p\u00e5 ski, sier Amundsen.<\/p>\n<p class=\"_paragraph_o9xde_4 _paragraph_xtcu6_10 layout-component text-serif-m layout-normal text-serif-m layout-padded\">\u2013 Men jeg tror han ser humoren i det selv, at han har v\u00e6rt s\u00e5 avslappet til \u00e5 bli s\u00e5 utrolig opptatt av \u00e5 f\u00e5 en dagslyslampe midt i ansiktet p\u00e5 morgenen. Det hadde jeg ikke sett for meg. <\/p>\n<p class=\"_paragraph_o9xde_4 _paragraph_xtcu6_10 layout-component text-serif-m layout-normal text-serif-m layout-padded\"><strong class=\"_strong_o9xde_25\">PS:<\/strong> Verdenscupen i Davos starter med en lagsprint fredag. L\u00f8rdag er det sprint fristil, mens det hele avsluttes med 10 kilometer fristil s\u00f8ndag.<\/p>\n","protected":false},"excerpt":{"rendered":"\u00abHar du tid til \u00e5 sitte \u00e5 h\u00f8re p\u00e5 det\u00bb, sier Even Northug om den nye utgaven av&hellip;\n","protected":false},"author":2,"featured_media":111264,"comment_status":"","ping_status":"","sticky":false,"template":"","format":"standard","meta":{"footnotes":""},"categories":[59],"tags":[3647,13163,711,398,30,28,29,83,82,399],"class_list":{"0":"post-111263","1":"post","2":"type-post","3":"status-publish","4":"format-standard","5":"has-post-thumbnail","7":"category-sport","8":"tag-emil-iversen","9":"tag-even-northug","10":"tag-johannes-hosflot-klaebo","11":"tag-langrenn","12":"tag-no","13":"tag-norge","14":"tag-norway","15":"tag-sport","16":"tag-sports","17":"tag-vintersport"},"share_on_mastodon":{"url":"https:\/\/pubeurope.com\/@no\/115706348718825991","error":""},"_links":{"self":[{"href":"https:\/\/www.europesays.com\/no\/wp-json\/wp\/v2\/posts\/111263","targetHints":{"allow":["GET"]}}],"collection":[{"href":"https:\/\/www.europesays.com\/no\/wp-json\/wp\/v2\/posts"}],"about":[{"href":"https:\/\/www.europesays.com\/no\/wp-json\/wp\/v2\/types\/post"}],"author":[{"embeddable":true,"href":"https:\/\/www.europesays.com\/no\/wp-json\/wp\/v2\/users\/2"}],"replies":[{"embeddable":true,"href":"https:\/\/www.europesays.com\/no\/wp-json\/wp\/v2\/comments?post=111263"}],"version-history":[{"count":0,"href":"https:\/\/www.europesays.com\/no\/wp-json\/wp\/v2\/posts\/111263\/revisions"}],"wp:featuredmedia":[{"embeddable":true,"href":"https:\/\/www.europesays.com\/no\/wp-json\/wp\/v2\/media\/111264"}],"wp:attachment":[{"href":"https:\/\/www.europesays.com\/no\/wp-json\/wp\/v2\/media?parent=111263"}],"wp:term":[{"taxonomy":"category","embeddable":true,"href":"https:\/\/www.europesays.com\/no\/wp-json\/wp\/v2\/categories?post=111263"},{"taxonomy":"post_tag","embeddable":true,"href":"https:\/\/www.europesays.com\/no\/wp-json\/wp\/v2\/tags?post=111263"}],"curies":[{"name":"wp","href":"https:\/\/api.w.org\/{rel}","templated":true}]}}