{"id":111277,"date":"2025-12-12T11:41:11","date_gmt":"2025-12-12T11:41:11","guid":{"rendered":"https:\/\/www.europesays.com\/no\/111277\/"},"modified":"2025-12-12T11:41:11","modified_gmt":"2025-12-12T11:41:11","slug":"aldri-fatt-et-eneste-krav","status":"publish","type":"post","link":"https:\/\/www.europesays.com\/no\/111277\/","title":{"rendered":"\u2013 Aldri f\u00e5tt et eneste krav"},"content":{"rendered":"<p>    \u00abBAdesKen\u00bb har ikke f\u00e5tt \u00e9n eneste reaksjon eller faktura etter deling av faksimiler fra aviser landet rundt. Da Petter Northug pr\u00f8vde seg, kom pengekrav fra NTB.<\/p>\n<p>\n        Ken Andr\u00e9 Ottesen n\u00e6rmer seg 13.000 innlegg, og har rundet 400.000 f\u00f8lgere, p\u00e5 Instagram-kontoen BAdesKen.<br \/>\n        Foto: Marte Vike Arnesen\n    <\/p>\n<p>Mannen som m\u00e5 v\u00e6re i norgestoppen hva gjelder deling av skjermdumper p\u00e5 sosiale medier, Ken Andr\u00e9 Ottesen, har aldri h\u00f8rt et kvekk om betaling for faksimilene han legger ut p\u00e5\u00a0Instagram-kontoen \u00ab<a href=\"https:\/\/www.instagram.com\/badesken\/\" rel=\"nofollow noopener\" target=\"_blank\">BAdesKen<\/a>\u00bb.<\/p>\n<p>Det bekrefter Ottesen selv n\u00e5r Journalisten sp\u00f8r.<\/p>\n<p class=\"font-weight-bold m-font-weight-bold\" data-lab-font_weight=\"font-weight-bold\">Grunnen til at Journalisten sp\u00f8r i det hele tatt, er diskusjonen som har blusset opp denne uka om NTBs praksis med \u00e5 sende betalingskrav til privatpersoner som <a href=\"https:\/\/www.journalisten.no\/klassekampen-spaltisten-fekk-pengekrav-etter-a-ha-delt-eiga-sak\/659261\" rel=\"nofollow noopener\" target=\"_blank\">deler skjermdumper<\/a> av artikler der NTB-bilder inng\u00e5r.<\/p>\n<p>\u2013 Aldri v\u00e6rt tema<\/p>\n<p>\u00abEn skjermdump av et bilde er fremdeles et bilde\u00bb, skrev nyhetsredakt\u00f8r Christina Dorthellinger Nygaard i NTB i et <a href=\"https:\/\/www.journalisten.no\/en-skjermdump-av-et-bilde-er-fremdeles-et-bilde\/659637\" rel=\"nofollow noopener\" target=\"_blank\">innlegg<\/a>\u00a0der hun uttrykte at det f\u00f8les merkelig \u00e5 m\u00e5tte forklare og forsvare at NTB\u00a0krever vederlag for urettmessig bildebruk:<\/p>\n<p>        <a itemprop=\"url\" class=\"\" href=\"https:\/\/www.journalisten.no\/ntb-advokaten-og-redaktoren-har-selv-delt-skjermdumper\/659948\" data-k5a-url=\"https:\/\/www.journalisten.no\/a\/659948\" rel=\"nofollow noopener\" target=\"_blank\"><\/p>\n<p>            NTB-advokaten og redakt\u00f8ren har selv delt skjermdumper<\/p>\n<p>        <\/a><\/p>\n<p> \u00ab\u00c5 ta og publisere en skjermdump som inneholder et bilde man ikke har rettighetene til, er ikke prinsipielt annerledes enn \u00e5 kopiere en hel avisartikkel, en hel roman eller en fil med en hel l\u00e5t, for s\u00e5 \u00e5 publisere kopien, uten tillatelse fra dem som har skapt innholdet. Hvorfor skulle det v\u00e6re annerledes for fotografier?\u00bb <\/p>\n<p>Videre i uka har diskusjonen g\u00e5tt friskt, og blant annet pressefolk har <a href=\"https:\/\/www.journalisten.no\/mener-ntb-skyter-seg-selv-i-foten\/659845\" rel=\"nofollow noopener\" target=\"_blank\">uttrykt skepsis<\/a> til NTBs praksis.<\/p>\n<p>Oppmerksomheten rundt temaet har ogs\u00e5 f\u00f8rt til at advokat Jon Wessel-Aas, som selv har r\u00e5dgitt NTB om jussen p\u00e5 feltet, <a href=\"https:\/\/www.journalisten.no\/ntb-advokaten-og-redaktoren-har-selv-delt-skjermdumper\/659948\" style=\"font-size: 1.25rem;\" rel=\"nofollow noopener\" target=\"_blank\">har erkjent overfor Journalisten<\/a> at han nok har beg\u00e5tt urettmessig bildedeling selv.<\/p>\n<p>Ottesen ansl\u00e5r selv at 98 prosent av oppslagene han deler stammer fra norske lokalaviser. BAdesKen-kontoen har rullet og g\u00e5tt i \u00e5revis, og etter hvert har Ottesen basert b\u00e5de bokutgivelser og forestillinger p\u00e5 de humoristiske faksimilene.<\/p>\n<p>Men pengekrav fra redaksjoner, fotografer eller bildebyr\u00e5er har han aldri f\u00e5tt.<\/p>\n<p class=\"font-weight-bold m-font-weight-bold\" data-lab-font_weight=\"font-weight-bold\">\u2013 Jeg har aldri f\u00e5tt et eneste krav. Det har aldri v\u00e6rt tema. Du er den f\u00f8rste som sp\u00f8r, sier Ottesen p\u00e5 telefon fra Stavanger torsdag ettermiddag, der han forbereder seg p\u00e5 show samme kveld.<\/p>\n<p>\u2013 Egen verksh\u00f8yde<\/p>\n<p class=\"font-weight-normal m-font-weight-normal\" data-lab-font_weight=\"font-weight-normal\">Slik han selv ser det opererer han i en tradisjon for faksimile, samt at han uansett tilf\u00f8rer de delte verkene egen verksh\u00f8yde med den humoristiske konteksten han setter dem inn i.<\/p>\n<p class=\"font-weight-normal m-font-weight-normal\" data-lab-font_weight=\"font-weight-normal\">Et typisk innlegg fra Ottesen viser avisas logo, artikkelbildet og den tilh\u00f8rende tittelen, samt en egen punchline i bildeteksten under.<\/p>\n<p>        <a itemprop=\"url\" class=\"\" href=\"https:\/\/www.journalisten.no\/mener-ntb-skyter-seg-selv-i-foten\/659845\" data-k5a-url=\"https:\/\/www.journalisten.no\/a\/659845\" rel=\"nofollow noopener\" target=\"_blank\"><\/p>\n<p>            Mener NTB \u00abskyter seg selv i foten\u00bb<\/p>\n<p>        <\/a><\/p>\n<p class=\"font-weight-bold m-font-weight-bold\" data-lab-font_weight=\"font-weight-bold\">\u2013 En tredel av bildet jeg deler er en reklame for originalverket. Jeg anser det som faksimile med egen verksh\u00f8yde, fordi jeg tilf\u00f8rer verket noe, sier Ottesen til Journalisten.<\/p>\n<p>Han understreker at han ikke tjener noe p\u00e5 kontoen, og ikke publiserer reklame der.<\/p>\n<p>\u2013 Jeg gj\u00f8r dette av ren kj\u00e6rlighet til media. Dette m\u00e5 v\u00e6re Norges st\u00f8rste Instagram-konto uten reklame.<\/p>\n<p>Det danske selskapet Copyright Agent, som NTB bruker til \u00e5 p\u00e5vise og fakturere urettmessig bildebruk p\u00e5 nettet, har Ottesen h\u00f8rt om, men han har alts\u00e5 aldri blitt kontaktet.<\/p>\n<p class=\"italic m-italic\" data-lab-italic=\"italic\">\u2013 Hva hadde du gjort hvis du mottok faktura derfra?<\/p>\n<p>\u2013 Det m\u00e5 jeg nesten ta hvis det kommer.\u00a0<\/p>\n<p>Sendte Northug krav for humor-innlegg<\/p>\n<p>Men p\u00e5 nyhetsredakt\u00f8r Christina Dorthellinger Nygaard i NTB virker det ikke som Ottesen trenger \u00e5 bekymre seg for reaksjoner fra akkurat dem.<\/p>\n<p>Hun har p\u00e5 eget initiativ sendt Journalisten en forklaring p\u00e5 hvorfor NTB ikke har meldt krav:<\/p>\n<p>\u2013 Han driver satire. Derfor har han ikke \u00abh\u00f8rt et kvekk\u00bb om krav.\u00a0Det er forskjell p\u00e5 \u00e5 ta et bilde man ikke har rettigheter til eller ta en skjermdump for \u00e5 unng\u00e5 \u00e5 betale for bildet til eget bruk uten \u00e5 ha lisens og Ottesens innhold. Han knytter unike og humoristiske\u00a0kommentarer til hvert innlegg. <\/p>\n<p class=\"italic m-italic\" data-lab-italic=\"italic\"> \u2013 Men i 2017 <a href=\"https:\/\/www.m24.no\/bildetyveri-christina-dorthellinger-nygaard-ntb-scanpix\/scanpix-har-sett-seg-lei-pa-at-petter-northug-stjeler-bilder-for-a-lage-satire-i-sosiale-medier---og-sender-regning-til-skistjernen\/170721\" rel=\"nofollow noopener\" target=\"_blank\">krevde dere penger av Petter Northug<\/a> for humoristiske fotomontasjer han la ut p\u00e5 Instagram? <\/p>\n<p>\u2013\u00a0 Han var skil\u00f8per. Ikke satiriker. <\/p>\n<p class=\"italic m-italic\" data-lab-italic=\"italic\">\u2013 Kan ikke skil\u00f8pere lage satire?<\/p>\n<p>\u2013 Skil\u00f8pere kan lage satire. Men de kan ikke gj\u00f8re det samtidig med et kommersielt bakteppe der hovedvirksomheten er \u00e5 v\u00e6re idrettsut\u00f8ver med kommersielle interesser. Det kolliderer. Man kan heller ikke manipulere bilder slik det ble gjort i det tilfellet. I 2017, avslutter Nygaard.<\/p>\n<p>Hun viser til <a href=\"https:\/\/www.ntb.no\/avtalevilkar-bilder?\" rel=\"nofollow noopener\" target=\"_blank\">NTBs vilk\u00e5r<\/a> ved kj\u00f8p av bildene deres, der det nevnes at det ikke er tillatt \u00e5 bearbeide eller manipulere uten tillatelse fra NTB.<\/p>\n<p>        <a itemprop=\"url\" class=\"\" href=\"https:\/\/www.journalisten.no\/ntb-forstar-ikke-hvordan-internett-fungerer\/659718\" data-k5a-url=\"https:\/\/www.journalisten.no\/a\/659718\" rel=\"nofollow noopener\" target=\"_blank\"><\/p>\n<p>\nDEBATT:\n<\/p>\n<p>            NTB forst\u00e5r ikke hvordan internett fungerer<\/p>\n<p>        <\/a><\/p>\n<p><script async src=\"\/\/www.instagram.com\/embed.js\"><\/script><\/p>\n","protected":false},"excerpt":{"rendered":"\u00abBAdesKen\u00bb har ikke f\u00e5tt \u00e9n eneste reaksjon eller faktura etter deling av faksimiler fra aviser landet rundt. Da&hellip;\n","protected":false},"author":2,"featured_media":111278,"comment_status":"","ping_status":"","sticky":false,"template":"","format":"standard","meta":{"footnotes":""},"categories":[5],"tags":[20,21,24,25,15,19,22,23,17,18,13,30,28,29,14,16,26,27],"class_list":{"0":"post-111277","1":"post","2":"type-post","3":"status-publish","4":"format-standard","5":"has-post-thumbnail","7":"category-overskrifter","8":"tag-breaking-news","9":"tag-breakingnews","10":"tag-featured-news","11":"tag-featurednews","12":"tag-headlines","13":"tag-hovedoppslag","14":"tag-latest-news","15":"tag-latestnews","16":"tag-main-news","17":"tag-mainnews","18":"tag-news","19":"tag-no","20":"tag-norge","21":"tag-norway","22":"tag-nyheter","23":"tag-overskrifter","24":"tag-top-stories","25":"tag-topstories"},"share_on_mastodon":{"url":"https:\/\/pubeurope.com\/@no\/115706415235850256","error":""},"_links":{"self":[{"href":"https:\/\/www.europesays.com\/no\/wp-json\/wp\/v2\/posts\/111277","targetHints":{"allow":["GET"]}}],"collection":[{"href":"https:\/\/www.europesays.com\/no\/wp-json\/wp\/v2\/posts"}],"about":[{"href":"https:\/\/www.europesays.com\/no\/wp-json\/wp\/v2\/types\/post"}],"author":[{"embeddable":true,"href":"https:\/\/www.europesays.com\/no\/wp-json\/wp\/v2\/users\/2"}],"replies":[{"embeddable":true,"href":"https:\/\/www.europesays.com\/no\/wp-json\/wp\/v2\/comments?post=111277"}],"version-history":[{"count":0,"href":"https:\/\/www.europesays.com\/no\/wp-json\/wp\/v2\/posts\/111277\/revisions"}],"wp:featuredmedia":[{"embeddable":true,"href":"https:\/\/www.europesays.com\/no\/wp-json\/wp\/v2\/media\/111278"}],"wp:attachment":[{"href":"https:\/\/www.europesays.com\/no\/wp-json\/wp\/v2\/media?parent=111277"}],"wp:term":[{"taxonomy":"category","embeddable":true,"href":"https:\/\/www.europesays.com\/no\/wp-json\/wp\/v2\/categories?post=111277"},{"taxonomy":"post_tag","embeddable":true,"href":"https:\/\/www.europesays.com\/no\/wp-json\/wp\/v2\/tags?post=111277"}],"curies":[{"name":"wp","href":"https:\/\/api.w.org\/{rel}","templated":true}]}}