{"id":111281,"date":"2025-12-12T11:48:12","date_gmt":"2025-12-12T11:48:12","guid":{"rendered":"https:\/\/www.europesays.com\/no\/111281\/"},"modified":"2025-12-12T11:48:12","modified_gmt":"2025-12-12T11:48:12","slug":"arets-desember-kan-bli-den-mildeste-i-oslo-noensinne-dagbladet","status":"publish","type":"post","link":"https:\/\/www.europesays.com\/no\/111281\/","title":{"rendered":"\u00c5rets desember kan bli den mildeste i Oslo noensinne &#8211; Dagbladet"},"content":{"rendered":"<ol>\n<li><a href=\"https:\/\/news.google.com\/rss\/articles\/CBMimgFBVV95cUxQNkpNdTEya1JiYklpNHdjUy12ZlVxQjZZUlhQenZPWWNxUTFoa0JTRFhVaWxPUDlHc0hTU3FDSlJOS2hSN1NCRFh2ZmpxV3NOaWNoV2ZYM0FaRVhPM3pkMkxrNmM1bXpsdk5mZmdZZzNsRF82MHVhWlNpZG5WQnhmRFprR1ExaXFQUVJYS2FpZjRmNGJnT3k5dllB?oc=5\" target=\"_blank\" rel=\"nofollow noopener\">\u00c5rets desember kan bli den mildeste i Oslo noensinne<\/a>&nbsp;&nbsp;Dagbladet<\/li>\n<li><a href=\"https:\/\/news.google.com\/rss\/articles\/CBMibEFVX3lxTFBtaEs2SXlpQzZXdk1KR2lNY0ctRFZiWFFVcVVUZk5nazFmTUVfc2lBX0lnV19CRXl6VTM4Q0J0SlFhaWxoOHRNQV8zeHZ2M3pBVHAtWGdpNjZkU25JRlVvaFhUNWJ3cnREcUExSA?oc=5\" target=\"_blank\" rel=\"nofollow noopener\">Kan bli v\u00e6rrekord<\/a>&nbsp;&nbsp;Dagbladet<\/li>\n<li><a href=\"https:\/\/news.google.com\/rss\/articles\/CBMif0FVX3lxTE91OVdPT05wMGM5X2FSYUlHMzhua2kxOGsycXVSZlRzVnYxak9icndyT3VBRXU5a2JVaVlCWThBa05lRDVaRmNkSGF1YVlJRjVjMGgxc3dUZWlBZUd0SVNxMnRod3lXUFJkdzNuZDltWGFkd0J2V1A1XzlncGRPVWc?oc=5\" target=\"_blank\" rel=\"nofollow noopener\">siste: \u00c5rets desember kan bli den mildeste noensinne i Oslo<\/a>&nbsp;&nbsp;VG<\/li>\n<li><a href=\"https:\/\/news.google.com\/rss\/articles\/CBMi0AFBVV95cUxPZ1p6cUowNWpmaDhQd3FXSjZMdlNwZ0dORGVmcG9yQlVoa1lBX3FvRFBvMFRqdmJmSFcydFNnLWJvMzhxVFp4ZWUwZnpwYndmTnVWdkFpd0ZzazcwdXJYcG8xMDJDOTlEMGRjNFVmYlI0QWNlT0dKMFdPa2wxVHpscEVLQ29vU3lNNHlWZElwNllIal9kd0NSVmktdW1iMVdLNHVDSkVYR2ZmbGtPSWQtQ0pwdFJROUpHQVhNZ0FZWVZRUnI3QWcwREV6YUFGNXh2?oc=5\" target=\"_blank\" rel=\"nofollow noopener\">Meteorologene: \u00c5rets desember kan bli den mildeste i Oslo noensinne<\/a>&nbsp;&nbsp;TV2.no<\/li>\n<li><a href=\"https:\/\/news.google.com\/rss\/articles\/CBMifkFVX3lxTFB3eDVFYnFreUFuUXdra2RKc21QUmVTQ0FRNDliUUdMQ2dpaUJNcWFTVlkxQmVId3ZDbmczQWVVMVcyNEh1blpTV0lEX3A3ZlZuVzNaTHlCNG5raV9aR0g4NXllemJTUENUX29RV0FiZ2xUQnkxX3lBSmlZU1Eydw?oc=5\" target=\"_blank\" rel=\"nofollow noopener\">Hvit jul eller ikke? N\u00e5 er meteorologen noks\u00e5 sikker<\/a>&nbsp;&nbsp;agderposten.no<\/li>\n<\/ol>\n","protected":false},"excerpt":{"rendered":"\u00c5rets desember kan bli den mildeste i Oslo noensinne&nbsp;&nbsp;Dagbladet Kan bli v\u00e6rrekord&nbsp;&nbsp;Dagbladet siste: \u00c5rets desember kan bli den&hellip;\n","protected":false},"author":2,"featured_media":111282,"comment_status":"","ping_status":"","sticky":false,"template":"","format":"standard","meta":{"footnotes":""},"categories":[10],"tags":[20,21,24,25,15,2539,22,23,13,30,28,29,14,16,26,27],"class_list":{"0":"post-111281","1":"post","2":"type-post","3":"status-publish","4":"format-standard","5":"has-post-thumbnail","7":"category-norge","8":"tag-breaking-news","9":"tag-breakingnews","10":"tag-featured-news","11":"tag-featurednews","12":"tag-headlines","13":"tag-innenriks","14":"tag-latest-news","15":"tag-latestnews","16":"tag-news","17":"tag-no","18":"tag-norge","19":"tag-norway","20":"tag-nyheter","21":"tag-overskrifter","22":"tag-top-stories","23":"tag-topstories"},"share_on_mastodon":{"url":"https:\/\/pubeurope.com\/@no\/115706442732994961","error":""},"_links":{"self":[{"href":"https:\/\/www.europesays.com\/no\/wp-json\/wp\/v2\/posts\/111281","targetHints":{"allow":["GET"]}}],"collection":[{"href":"https:\/\/www.europesays.com\/no\/wp-json\/wp\/v2\/posts"}],"about":[{"href":"https:\/\/www.europesays.com\/no\/wp-json\/wp\/v2\/types\/post"}],"author":[{"embeddable":true,"href":"https:\/\/www.europesays.com\/no\/wp-json\/wp\/v2\/users\/2"}],"replies":[{"embeddable":true,"href":"https:\/\/www.europesays.com\/no\/wp-json\/wp\/v2\/comments?post=111281"}],"version-history":[{"count":0,"href":"https:\/\/www.europesays.com\/no\/wp-json\/wp\/v2\/posts\/111281\/revisions"}],"wp:featuredmedia":[{"embeddable":true,"href":"https:\/\/www.europesays.com\/no\/wp-json\/wp\/v2\/media\/111282"}],"wp:attachment":[{"href":"https:\/\/www.europesays.com\/no\/wp-json\/wp\/v2\/media?parent=111281"}],"wp:term":[{"taxonomy":"category","embeddable":true,"href":"https:\/\/www.europesays.com\/no\/wp-json\/wp\/v2\/categories?post=111281"},{"taxonomy":"post_tag","embeddable":true,"href":"https:\/\/www.europesays.com\/no\/wp-json\/wp\/v2\/tags?post=111281"}],"curies":[{"name":"wp","href":"https:\/\/api.w.org\/{rel}","templated":true}]}}