{"id":111283,"date":"2025-12-12T11:50:12","date_gmt":"2025-12-12T11:50:12","guid":{"rendered":"https:\/\/www.europesays.com\/no\/111283\/"},"modified":"2025-12-12T11:50:12","modified_gmt":"2025-12-12T11:50:12","slug":"vraket-en-nedtur","status":"publish","type":"post","link":"https:\/\/www.europesays.com\/no\/111283\/","title":{"rendered":"Vraket: &#8211; En nedtur"},"content":{"rendered":"<p class=\"kicker \" style=\"\">Langrenn:<\/p>\n<p>  Kometen Einar Hedegart (24) avskriver seg til OL-\u00f8velse etter at han ikke ble tatt ut til verdenscuprenn fredag: &#8211; Det er synd.<\/p>\n<p>\n    LANGRENNSL\u00d8PER: Einar Hedegart har lagt vekk skiskytterb\u00f8rsa &#8211; i hvert fall denne sesongen &#8211; for \u00e5 satse p\u00e5 langrenn. Foto: Maxim Thor\u00e9 \/ BILDBYR\u00c5N\n  <\/p>\n<p>Einar Hedegart har virkelig meldt seg p\u00e5 i kampen om OL-billett i langrenn i februar.\u00a0<\/p>\n<p>To seire tidlig i sesongen p\u00e5 distansen 10 kilometer fri &#8211; som er en av seks langrenns\u00f8velser i OL &#8211; gj\u00f8r ham h\u00f8yaktuell.<\/p>\n<p>Men siden det er en tropp p\u00e5 bare \u00e5tte <a href=\"https:\/\/www.dagbladet.no\/sport\/det-ble-ganske-stille\/83725019\" rel=\"nofollow noopener\" target=\"_blank\">(trolig)<\/a> norske herrer som skal til OL, skader det ikke \u00e5 v\u00e6re aktuell p\u00e5 flere \u00f8velser. Han er sjansel\u00f8s i klassisk, for \u00e5 sitere ham selv, og da er han allerede avskrevet fra tre \u00f8velser.<\/p>\n<p>    Davos, program &#8211; verdenscup, langrenn<\/p>\n<p class=\"font-weight-bold m-font-weight-bold\" data-lab-font_weight=\"font-weight-bold\">Fredag:<\/p>\n<ul>\n<li class=\"lab-bodytext-line\">Lagsprint, kvalifisering: 15.00<\/li>\n<li class=\"lab-bodytext-line\">Finale, kvinner: 17.05<\/li>\n<li class=\"lab-bodytext-line\">Finale, herrer: 17.35<\/li>\n<\/ul>\n<p class=\"font-weight-bold m-font-weight-bold\" data-lab-font_weight=\"font-weight-bold\">L\u00f8rdag:<\/p>\n<ul>\n<li class=\"lab-bodytext-line\">Sprint, fri teknikk.<\/li>\n<li class=\"lab-bodytext-line\">Kvalifisering: 13.45<\/li>\n<li class=\"lab-bodytext-line\">Kvartfinaler fra: 16.15<\/li>\n<\/ul>\n<p class=\"font-weight-bold m-font-weight-bold\" data-lab-font_weight=\"font-weight-bold\">S\u00f8ndag:<\/p>\n<ul>\n<li class=\"lab-bodytext-line\">10 kilometer fri, herrer: 09.50<\/li>\n<li class=\"lab-bodytext-line\">10 kilometer fri, kvinner: 13.45<\/li>\n<\/ul>\n<p class=\"italic m-italic font-weight-bold m-font-weight-bold\" data-lab-italic=\"italic\" data-lab-font_weight=\"font-weight-bold\">Rennene sendes p\u00e5 TV 3, Vsport 1 og Viaplay denne helga.<\/p>\n<p>      Vis mer<br \/>\n      Vis mindre<\/p>\n<p>Siden han egentlig er skiskytter har han bare treningstimer i sk\u00f8yteteknikk. Skiskyttere g\u00e5r ikke i klassisk stil.<\/p>\n<p>Men lagsprinten i OL &#8211; som er i sk\u00f8yting &#8211; hadde han pekt seg ut. I Davos fredag er det verdenscuprenn med lagsprint p\u00e5 programmet. Der ble det tatt ut to Norge-lag, men Hedegart er ikke blant de fire som f\u00e5r g\u00e5.<\/p>\n<p>Hedegart: &#8211; Det er synd\t<\/p>\n<p> Det ene laget best\u00e5r av Johannes H\u00f8sflot Kl\u00e6bo og Erik Valnes, mens Harald \u00d8stberg Amundsen og Oskar Opstad Vike g\u00e5r for\u00a0\u00abNorge 2\u00bb. <\/p>\n<p>&#8211; Syns det er nedtur, skriver han i en SMS til Dagbladet torsdag ettermiddag.<\/p>\n<p>        LIVESTREAMET: Einar Hedegart gikk inn til seier p\u00e5 10 kilometer sk\u00f8yting i Trondheim, men da han livestreamet i ettertid avbr\u00f8t han trener Eirik Nossum. Video: NRK \/ Fredrik Schjesvold. Reporter: B\u00e5rd S\u00f8r\u00f8 Olsen<\/p>\n<p class=\"font-weight-bold m-font-weight-bold\" data-lab-font_weight=\"font-weight-bold\">Han utdyper:<\/p>\n<p>&#8211; Jeg hadde h\u00e5pet \u00e5 f\u00e5 plass, og tror det\u00a0er en av de \u00f8velsene som passer meg best, kanskje faktisk bedre enn 10 km fri. Syns det er synd at jeg ikke f\u00e5r mulighet n\u00e5r det kom en god mulighet til at jeg kunne bevise niv\u00e5et mitt. Det toget gikk nok for min del. Men, det er alltid vanskelig \u00e5 ta ut norske lag. De fire p\u00e5 start er ekstremt gode, og jeg tipper begge lagene kommer p\u00e5 pall uansett.<\/p>\n<p>Til <a href=\"https:\/\/tv.nrk.no\/serie\/dagsrevyen\/sesong\/202512\/episode\/NNFA19121125\" rel=\"nofollow noopener\" target=\"_blank\">NRK<\/a> sa han at ba om et m\u00f8te med sprinttrener Arild Monsen etter den skuffende beskjeden<\/p>\n<p>&#8211; Om det er vraking .. er ikke helt sikker p\u00e5 om det er riktig ord \u00e5 bruke, men vi har kommet fram til et lag som han ikke er med i, sa Monsen.<\/p>\n<p> Landslagssjef Per Elias Kalfoss sier til Dagbladet at han ikke har en kommentar til saken. <\/p>\n<p>        <img loading=\"lazy\" decoding=\"async\" src=\"https:\/\/www.europesays.com\/no\/wp-content\/uploads\/2025\/12\/83974098.webp\" width=\"980\" height=\"559\" title=\"SEIRET: Einar Hedegart vant karrierens f\u00f8rste verdenscuprenn i Trondheim forrige helg. Foto: Maxim Thor\u00e9 \/ BILDBYR\u00c5N\" alt=\"\" class=\"\" style=\"--aspect-ratio-image: 1.75; \"\/><\/p>\n<p>\n        SEIRET: Einar Hedegart vant karrierens f\u00f8rste verdenscuprenn i Trondheim forrige helg. Foto: Maxim Thor\u00e9 \/ BILDBYR\u00c5N\n    <\/p>\n<p>Hedegart avskriver seg p\u00e5 distansen til OL og sier\u00a0\u00abja\u00bb p\u00e5 sp\u00f8rsm\u00e5l om han bare er aktuell for vanlig stafett og 10 kilometer fri i et OL.<\/p>\n<p> <a href=\"https:\/\/www.dagbladet.no\/sport\/kalt-inn-til-juryen\/83950198\" rel=\"nofollow noopener\" target=\"_blank\">I Trondheim forrige helg<\/a>\u00a0vant han sitt f\u00f8rste verdenscuprenn p\u00e5 10 kilometer fri. OL-sjansene til Hedegart skal uansett dermed v\u00e6re gode, selv om han eventuelt skulle v\u00e6re uaktuell til en lagsprint. <\/p>\n<p>Meldte p\u00e5 Beito: &#8211; Lagsprint passer meg bra\t<\/p>\n<p>24-\u00e5ringen vant 10 kilometer fri p\u00e5 Beitost\u00f8len med 13,2 sekunder til landslagsl\u00f8per Andreas Fjorden Ree. Iver Tildheim Andersen, Simen Hegstad Kr\u00fcger og Martin L\u00f8wstr\u00f8m Nyenget ble ogs\u00e5 sl\u00e5tt.<\/p>\n<p>&#8211; Jeg vet at en lagsprint, der det er tre runder med h\u00f8y fart, det passer meg bra. Det er en kronglete vei for \u00e5 kvalifisere seg for det siden da m\u00e5 jeg gj\u00f8re det bra p\u00e5 sprinten i OL, som ikke er helt det samme, sa Hedegart til Dagbladet p\u00e5 Beitost\u00f8len for tre uker siden.<\/p>\n<p>    <a itemprop=\"url\" href=\"https:\/\/www.dagbladet.no\/sport\/kalt-inn-til-juryen\/83950198\" rel=\"nofollow noopener\" target=\"_blank\"><\/p>\n<p>        <img loading=\"lazy\" decoding=\"async\" src=\"https:\/\/www.europesays.com\/no\/wp-content\/uploads\/2025\/12\/83950337.webp\" width=\"980\" height=\"441\" title=\"Kalt inn til juryen\" alt=\"\" class=\"lazyload\" style=\"--aspect-ratio-image: 2.22; \"\/><\/p>\n<p>        Kalt inn til juryen<\/p>\n<p>    <\/a><\/p>\n<p>I verdenscup\u00e5pningen i finske Ruka ble han <a href=\"https:\/\/www.dagbladet.no\/sport\/is-og-faenskap\/83918712\" rel=\"nofollow noopener\" target=\"_blank\">nummer to<\/a> p\u00e5 20 kilometer fellesstart i Ruka og spurtslo svenske Edvin Anger p\u00e5 oppl\u00f8pet.<\/p>\n<p>S\u00f8ndag er det 10 kilometer fri i Davos. Det er &#8211; igjen &#8211; et sv\u00e6rt viktig l\u00f8p for ut\u00f8vere som blant andre Einar Hedegart. Emil Iversen og Andreas Fjorden Ree b\u00f8r ogs\u00e5 g\u00e5 veldig bra med tanke p\u00e5 OL.<\/p>\n","protected":false},"excerpt":{"rendered":"Langrenn: Kometen Einar Hedegart (24) avskriver seg til OL-\u00f8velse etter at han ikke ble tatt ut til verdenscuprenn&hellip;\n","protected":false},"author":2,"featured_media":111284,"comment_status":"","ping_status":"","sticky":false,"template":"","format":"standard","meta":{"footnotes":""},"categories":[59],"tags":[11507,398,30,28,29,83,82],"class_list":{"0":"post-111283","1":"post","2":"type-post","3":"status-publish","4":"format-standard","5":"has-post-thumbnail","7":"category-sport","8":"tag-einar-hedegart","9":"tag-langrenn","10":"tag-no","11":"tag-norge","12":"tag-norway","13":"tag-sport","14":"tag-sports"},"share_on_mastodon":{"url":"https:\/\/pubeurope.com\/@no\/115706450929249297","error":""},"_links":{"self":[{"href":"https:\/\/www.europesays.com\/no\/wp-json\/wp\/v2\/posts\/111283","targetHints":{"allow":["GET"]}}],"collection":[{"href":"https:\/\/www.europesays.com\/no\/wp-json\/wp\/v2\/posts"}],"about":[{"href":"https:\/\/www.europesays.com\/no\/wp-json\/wp\/v2\/types\/post"}],"author":[{"embeddable":true,"href":"https:\/\/www.europesays.com\/no\/wp-json\/wp\/v2\/users\/2"}],"replies":[{"embeddable":true,"href":"https:\/\/www.europesays.com\/no\/wp-json\/wp\/v2\/comments?post=111283"}],"version-history":[{"count":0,"href":"https:\/\/www.europesays.com\/no\/wp-json\/wp\/v2\/posts\/111283\/revisions"}],"wp:featuredmedia":[{"embeddable":true,"href":"https:\/\/www.europesays.com\/no\/wp-json\/wp\/v2\/media\/111284"}],"wp:attachment":[{"href":"https:\/\/www.europesays.com\/no\/wp-json\/wp\/v2\/media?parent=111283"}],"wp:term":[{"taxonomy":"category","embeddable":true,"href":"https:\/\/www.europesays.com\/no\/wp-json\/wp\/v2\/categories?post=111283"},{"taxonomy":"post_tag","embeddable":true,"href":"https:\/\/www.europesays.com\/no\/wp-json\/wp\/v2\/tags?post=111283"}],"curies":[{"name":"wp","href":"https:\/\/api.w.org\/{rel}","templated":true}]}}