{"id":111286,"date":"2025-12-12T11:55:09","date_gmt":"2025-12-12T11:55:09","guid":{"rendered":"https:\/\/www.europesays.com\/no\/111286\/"},"modified":"2025-12-12T11:55:09","modified_gmt":"2025-12-12T11:55:09","slug":"arne-bye-far-redusert-straff-etter-lovendring-i-voldtektsparagrafen","status":"publish","type":"post","link":"https:\/\/www.europesays.com\/no\/111286\/","title":{"rendered":"Arne Bye f\u00e5r redusert straff etter lovendring i voldtektsparagrafen"},"content":{"rendered":"\n<p class=\"_lead_o9xde_2 _lead_xtcu6_50 layout-component text-serif-m layout-normal text-serif-l layout-component layout-wide layout-padded _wide_17hqh_1 layout-padded\">Bakgrunnen er en lovendring, som gj\u00f8r at den voldtektsd\u00f8mte tidligere kommuneoverlegen n\u00e5 f\u00e5r fem \u00e5r kortere straff.<\/p>\n<p><img alt=\"Bildet er en tegning av Arne Bye fra ankesaken som har g\u00e5tt i Frostating lagmannsrett.  Foto: Ane Hem \/ NTB\" class=\"_image_qp4xg_65 layout-component layout-wide\" data-fullscreen- data-track-element-type=\"Article image fullscreen\" data-track-name=\"ImageFullscreen\" fetchpriority=\"high\" decoding=\"sync\" loading=\"eager\" height=\"3024\" itemprop=\"image\"  src=\"https:\/\/www.europesays.com\/no\/wp-content\/uploads\/2025\/12\/0a94a27b-3e0c-47dc-9cea-af5fd7291080\"  style=\"object-position:0% 0%\" width=\"4032\"\/>Bildet er en tegning av Arne Bye fra ankesaken som har g\u00e5tt i Frostating lagmannsrett.  Foto: Ane Hem \/ NTB<\/p>\n<ul aria-hidden=\"true\" class=\"_images_ntbth_112\">\n<li><a class=\"_link_ntbth_117\" href=\"https:\/\/www.vg.no\/forfatter\/elise-kvien\" style=\"z-index:2\" title=\"Elise Kvien\" rel=\"nofollow noopener\" target=\"_blank\"><img alt=\"Bilde av Elise Kvien\" class=\"_image_ntbth_93\" fetchpriority=\"low\" loading=\"lazy\" decoding=\"async\" itemprop=\"image\"  src=\"https:\/\/www.europesays.com\/no\/wp-content\/uploads\/2025\/12\/1765540509_966_e9d71b6f-2a15-4dd1-85be-ea8fb873046c\"  width=\"480\"\/><\/a><\/li>\n<li><a class=\"_link_ntbth_117\" href=\"https:\/\/www.vg.no\/forfatter\/ntb\" style=\"z-index:1\" title=\"NTB\" rel=\"nofollow noopener\" target=\"_blank\"><img alt=\"Bilde av NTB\" class=\"_image_ntbth_93\" fetchpriority=\"low\" loading=\"lazy\" decoding=\"async\" itemprop=\"image\"  src=\"https:\/\/www.europesays.com\/no\/wp-content\/uploads\/2025\/12\/1765540509_190_c33980b0-5d07-4027-84a1-813f90a7c8d6\"  width=\"480\"\/><\/a><\/li>\n<\/ul>\n<p> Oppdatert fredag 12. desember kl. 12:50     <\/p>\n<p class=\"_paragraph_o9xde_4 _paragraph_xtcu6_10 layout-component text-serif-m layout-normal text-serif-m layout-padded\">Frostating lagmannsrett har redusert dommen til 16 \u00e5r i fengsel for tidligere kommunelege Arne Bye (56). Dommen fra tingretten var p\u00e5 21 \u00e5rs fengsel.<\/p>\n<p class=\"_paragraph_o9xde_4 _paragraph_xtcu6_10 layout-component text-serif-m layout-normal text-serif-m layout-padded\">6. juni i \u00e5r ble den tidligere kommuneoverlegen i <a href=\"https:\/\/www.vg.no\/tag\/frosta?utm_source=vg-article&amp;utm_medium=auto-tagger&amp;utm_campaign=oERmKg\" class=\"_link_o9xde_39\" rel=\"nofollow noopener\" target=\"_blank\">Frosta<\/a> d\u00f8mt til 21 \u00e5r fengsel i Tr\u00f8ndelag tingrett. Arne Bye er d\u00f8mt for 70 voldtekter og 82 tilfeller av \u00e5 ha misbrukt sin stilling som lege for \u00e5 oppn\u00e5 seksuell omgang. <\/p>\n<p class=\"_paragraph_o9xde_4 _paragraph_xtcu6_10 layout-component text-serif-m layout-normal text-serif-m layout-padded\">En lovendring i voldtektsparagrafen gjorde at han anket saken for \u00e5 f\u00e5 vurdert straffeniv\u00e5et p\u00e5 nytt.<\/p>\n<p>Maksstraff<\/p>\n<p class=\"_paragraph_o9xde_4 _paragraph_xtcu6_10 layout-component text-serif-m layout-normal text-serif-m layout-padded\">Fredag fikk Bye forkynt dommen i Trondheim fengsel, hvor han sitter i varetekt. <\/p>\n<p class=\"_paragraph_o9xde_4 _paragraph_xtcu6_10 layout-component text-serif-m layout-normal text-serif-m layout-padded\">\u2013 Vi er forn\u00f8yd med at lagmannsrettens flertall har v\u00e6rt enig med v\u00e5r argumentasjon og konklusjon om hvordan jussen skal forst\u00e5s. N\u00e5 skal vi de neste dagene lese dommen n\u00f8ye, sier advokat Frode Wisth, en av Byes tre forsvarere, til\u00a0<a href=\"https:\/\/www.adressa.no\/nyheter\/trondelag\/i\/6qny50\/naa-er-dommen-mot-arne-bye-klar\" class=\"_link_o9xde_39\" rel=\"nofollow noopener\" target=\"_blank\">Adresseavisen<\/a>.<\/p>\n<p class=\"_paragraph_o9xde_4 _paragraph_xtcu6_10 layout-component text-serif-m layout-normal text-serif-m layout-padded\">En rettspsykiater har p\u00e5vist en tvangsmessig personlighetsforstyrrelse hos Bye. Men aktor, statsadvokat Eli Nessimo, mente dette ikke burde v\u00e6re formildende. Hun la derfor ned p\u00e5stand om 16 \u00e5rs fengsel, dagens maksimumsstraff.<\/p>\n<p class=\"_paragraph_o9xde_4 _paragraph_xtcu6_10 layout-component text-serif-m layout-normal text-serif-m layout-padded\">Forsvarer Frode Wisth mente ogs\u00e5 det ville v\u00e6re riktig \u00e5 ta utgangspunkt i maksstraffen, men at Bye burde f\u00e5 mellom ett og halvannet \u00e5r i fradrag.<\/p>\n<p class=\"_paragraph_o9xde_4 _paragraph_xtcu6_10 layout-component text-serif-m layout-normal text-serif-m layout-padded\">\u2013 Korrekt straff er etter mitt syn i omr\u00e5det 14,5 til 15 \u00e5r, sa Wisth i sin sluttprosedyre i retten.<\/p>\n<p>Lovendringen<\/p>\n<p class=\"_paragraph_o9xde_4 _paragraph_xtcu6_10 layout-component text-serif-m layout-normal text-serif-m layout-padded\">Skyldsp\u00f8rsm\u00e5let er allerede avgjort, men Frostating lagmannsrett har behandlet Bye sin anke over straffeutm\u00e5lingenstraffeutm\u00e5lingen Prosessen med \u00e5 bestemme hvilken straff en person skal f\u00e5 etter \u00e5 ha blitt funnet skyldig i en forbrytelse.. <\/p>\n<p class=\"_paragraph_o9xde_4 _paragraph_xtcu6_10 layout-component text-serif-m layout-normal text-serif-m layout-padded\">Grunnen til dette er at den tidligere kommuneoverlegen ble funnet skyldig i 38 lovbrudd av \u00a7292 i straffeloven\u00a7292 i straffeloven En spesifikk paragraf i den norske straffeloven som tidligere omhandlet voldtekt, men som n\u00e5 er erstattet av samtykkeloven.. <\/p>\n<p class=\"_paragraph_o9xde_4 _paragraph_xtcu6_10 layout-component text-serif-m layout-normal text-serif-m layout-padded\">1. juli i \u00e5r ble det en endring. Da tr\u00e5dte samtykkelovensamtykkelovenEn ny lov som krever at alle parter gir sitt samtykke til seksuell omgang, og som har endret hvordan voldtektssaker vurderes juridisk. i kraft, som gj\u00f8r at paragraf 292 ikke finnes lenger. <\/p>\n<p class=\"_paragraph_o9xde_4 _paragraph_xtcu6_10 layout-component text-serif-m layout-normal text-serif-m layout-padded\">Denne lovendringen har en annen strafferamme p\u00e5 maks 16 \u00e5r. Dersom Bye skulle d\u00f8mmes til 21 \u00e5r i fengsel, m\u00e5tte det bli bevist at voldtektene var grove nok. <\/p>\n","protected":false},"excerpt":{"rendered":"Bakgrunnen er en lovendring, som gj\u00f8r at den voldtektsd\u00f8mte tidligere kommuneoverlegen n\u00e5 f\u00e5r fem \u00e5r kortere straff. Bildet&hellip;\n","protected":false},"author":2,"featured_media":111287,"comment_status":"","ping_status":"","sticky":false,"template":"","format":"standard","meta":{"footnotes":""},"categories":[10],"tags":[20,21,24,25,3581,15,13643,22,23,13,30,28,29,14,16,26,27],"class_list":{"0":"post-111286","1":"post","2":"type-post","3":"status-publish","4":"format-standard","5":"has-post-thumbnail","7":"category-norge","8":"tag-breaking-news","9":"tag-breakingnews","10":"tag-featured-news","11":"tag-featurednews","12":"tag-frosta","13":"tag-headlines","14":"tag-kommuneoverlege","15":"tag-latest-news","16":"tag-latestnews","17":"tag-news","18":"tag-no","19":"tag-norge","20":"tag-norway","21":"tag-nyheter","22":"tag-overskrifter","23":"tag-top-stories","24":"tag-topstories"},"share_on_mastodon":{"url":"https:\/\/pubeurope.com\/@no\/115706470405251498","error":""},"_links":{"self":[{"href":"https:\/\/www.europesays.com\/no\/wp-json\/wp\/v2\/posts\/111286","targetHints":{"allow":["GET"]}}],"collection":[{"href":"https:\/\/www.europesays.com\/no\/wp-json\/wp\/v2\/posts"}],"about":[{"href":"https:\/\/www.europesays.com\/no\/wp-json\/wp\/v2\/types\/post"}],"author":[{"embeddable":true,"href":"https:\/\/www.europesays.com\/no\/wp-json\/wp\/v2\/users\/2"}],"replies":[{"embeddable":true,"href":"https:\/\/www.europesays.com\/no\/wp-json\/wp\/v2\/comments?post=111286"}],"version-history":[{"count":0,"href":"https:\/\/www.europesays.com\/no\/wp-json\/wp\/v2\/posts\/111286\/revisions"}],"wp:featuredmedia":[{"embeddable":true,"href":"https:\/\/www.europesays.com\/no\/wp-json\/wp\/v2\/media\/111287"}],"wp:attachment":[{"href":"https:\/\/www.europesays.com\/no\/wp-json\/wp\/v2\/media?parent=111286"}],"wp:term":[{"taxonomy":"category","embeddable":true,"href":"https:\/\/www.europesays.com\/no\/wp-json\/wp\/v2\/categories?post=111286"},{"taxonomy":"post_tag","embeddable":true,"href":"https:\/\/www.europesays.com\/no\/wp-json\/wp\/v2\/tags?post=111286"}],"curies":[{"name":"wp","href":"https:\/\/api.w.org\/{rel}","templated":true}]}}