{"id":111288,"date":"2025-12-12T11:57:10","date_gmt":"2025-12-12T11:57:10","guid":{"rendered":"https:\/\/www.europesays.com\/no\/111288\/"},"modified":"2025-12-12T11:57:10","modified_gmt":"2025-12-12T11:57:10","slug":"johan-olav-botn-viste-form-pallen-glapp-pa-sprinten-i-osterrike","status":"publish","type":"post","link":"https:\/\/www.europesays.com\/no\/111288\/","title":{"rendered":"Johan-Olav Botn viste form \u2013 pallen glapp p\u00e5 sprinten i \u00d8sterrike"},"content":{"rendered":"\n<p class=\"_lead_o9xde_2 _lead_xtcu6_50 layout-component text-serif-m layout-normal text-serif-l layout-component layout-wide layout-padded _wide_17hqh_1 layout-padded\">Skiskytter Johan-Olav Botn (26) leverte en god sprint og kjempet i toppen, men greide ikke \u00e5 kjempe til seg en pallplass i verdenscuprennet i Hochfilzen i \u00d8sterrike.<\/p>\n<p><img alt=\"Johan-Olav Botn under sprintrennet i \u00d8sterrike.  Foto: Matthias Schrader \/ AP \/ NTB\" class=\"_image_qp4xg_65 layout-component layout-wide\" data-fullscreen- data-track-element-type=\"Article image fullscreen\" data-track-name=\"ImageFullscreen\" fetchpriority=\"high\" decoding=\"sync\" loading=\"eager\" height=\"5541\" itemprop=\"image\"  src=\"https:\/\/www.europesays.com\/no\/wp-content\/uploads\/2025\/12\/72af3888-4c8d-4352-a3e6-691dcb381dea\"  style=\"object-position:0% 0%\" width=\"8311\"\/>Johan-Olav Botn under sprintrennet i \u00d8sterrike.  Foto: Matthias Schrader \/ AP \/ NTB<\/p>\n<ul aria-hidden=\"true\" class=\"_images_ntbth_112\">\n<li><a class=\"_link_ntbth_117\" href=\"https:\/\/www.vg.no\/forfatter\/synne-sofie-christiansen-2\" style=\"z-index:2\" title=\"Synne Sofie Christiansen\" rel=\"nofollow noopener\" target=\"_blank\"><img alt=\"Bilde av Synne Sofie Christiansen\" class=\"_image_ntbth_93\" fetchpriority=\"low\" loading=\"lazy\" decoding=\"async\" itemprop=\"image\"  src=\"https:\/\/www.europesays.com\/no\/wp-content\/uploads\/2025\/12\/1765540630_240_8d683f6f-f2ba-47ca-8bcc-2db625b33cb1\"  width=\"480\"\/><\/a><\/li>\n<li><a class=\"_link_ntbth_117\" href=\"https:\/\/www.vg.no\/forfatter\/ntb\" style=\"z-index:1\" title=\"NTB\" rel=\"nofollow noopener\" target=\"_blank\"><img alt=\"Bilde av NTB\" class=\"_image_ntbth_93\" fetchpriority=\"low\" loading=\"lazy\" decoding=\"async\" itemprop=\"image\"  src=\"https:\/\/www.europesays.com\/no\/wp-content\/uploads\/2025\/12\/1765540630_878_c33980b0-5d07-4027-84a1-813f90a7c8d6\"  width=\"480\"\/><\/a><\/li>\n<\/ul>\n<p> Oppdatert fredag 12. desember kl. 12:38     <\/p>\n<p class=\"_paragraph_o9xde_4 _paragraph_xtcu6_10 layout-component text-serif-m layout-normal text-serif-m layout-padded\">Italienske Giacomel Tommaso leverte ogs\u00e5 ti treff og var enda sterkere i l\u00f8ypa. Det sikret han seieren foran franske \u00c9ric Perrot og tyske Philipp Horn.<\/p>\n<p class=\"_paragraph_o9xde_4 _paragraph_xtcu6_10 layout-component text-serif-m layout-normal text-serif-m layout-padded\">Botn har vist kjempeform i starten av sesongen og viste samme takter i \u00d8sterrike. St\u00e5rheim-mannen var feilfri p\u00e5 standplass og kjempet i toppen, men hadde 9,1 sekunder opp til Tommaso ved m\u00e5lgang. Han la seg inn som nummer to i m\u00e5l, men falt senere utenfor pallen og ble nummer fire. <\/p>\n<p class=\"_paragraph_o9xde_4 _paragraph_xtcu6_10 layout-component text-serif-m layout-normal text-serif-m layout-padded\">\u2013 Den sure fjerdeplassen. Men jeg gj\u00f8r et godt l\u00f8p og gj\u00f8r det jeg kan for \u00e5 f\u00e5 en god plassering, sier Botn til TV 2. <\/p>\n<p class=\"_paragraph_o9xde_4 _paragraph_xtcu6_10 layout-component text-serif-m layout-normal text-serif-m layout-padded\">Han er mer forn\u00f8yd enn forrige uke hvor han ikke la skjul p\u00e5 at han var <a href=\"https:\/\/www.vg.no\/sport\/i\/Exob4l\/fransk-seier-i-ostersund-botn-paa-pallen\" data-track-element-type=\"Link\" data-track-id=\"link:Exob4l\" class=\"_link_o9xde_39\" rel=\"nofollow noopener\" target=\"_blank\">meget skuffet etter en tredjeplass p\u00e5 jaktstarten. <\/a><\/p>\n<p class=\"_paragraph_o9xde_4 _paragraph_xtcu6_10 layout-component text-serif-m layout-normal text-serif-m layout-padded\">\u2013 Jeg fikk litt kjeft etter jeg sa at jeg var skuffet over tredjeplass. Jeg pr\u00f8ver \u00e5 skjerpe meg, sier Botn. <\/p>\n<p class=\"_paragraph_o9xde_4 _paragraph_xtcu6_10 layout-component text-serif-m layout-normal text-serif-m layout-padded\">Sturla Holm L\u00e6greid ble nummer fem og Vetle Sj\u00e5stad Christiansen nummer \u00e5tte. <\/p>\n<p class=\"_paragraph_o9xde_4 _paragraph_xtcu6_10 layout-component text-serif-m layout-normal text-serif-m layout-padded\">\u2013 Kanskje vi m\u00e5 ha et oppvaskm\u00f8te, sier Holm L\u00e6greid etter at ingen nordmenn havnet p\u00e5 pallen.<\/p>\n<p class=\"_paragraph_o9xde_4 _paragraph_xtcu6_10 layout-component text-serif-m layout-normal text-serif-m layout-padded\">Botn vant b\u00e5de normaldistanserennet og sprinten i verdenscupstarten i svenske \u00d6stersund tidligere i desember. Han ble ogs\u00e5 nummer tre p\u00e5 jaktstarten og ledet dermed verdenscupen etter \u00e5pningshelgen. <\/p>\n<p class=\"_paragraph_o9xde_4 _paragraph_xtcu6_10 layout-component text-serif-m layout-normal text-serif-m layout-padded\">L\u00e6greid skj\u00f8t ogs\u00e5 to fulle hus og la seg inn som nummer tre i m\u00e5l, men endte til slutt p\u00e5 5.-plass. <\/p>\n<p class=\"_paragraph_o9xde_4 _paragraph_xtcu6_10 layout-component text-serif-m layout-normal text-serif-m layout-padded\">L\u00f8rdag venter jaktstart for skiskytterherrene i \u00d8sterrike.<\/p>\n","protected":false},"excerpt":{"rendered":"Skiskytter Johan-Olav Botn (26) leverte en god sprint og kjempet i toppen, men greide ikke \u00e5 kjempe til&hellip;\n","protected":false},"author":2,"featured_media":111289,"comment_status":"","ping_status":"","sticky":false,"template":"","format":"standard","meta":{"footnotes":""},"categories":[59],"tags":[30,28,29,769,83,82],"class_list":{"0":"post-111288","1":"post","2":"type-post","3":"status-publish","4":"format-standard","5":"has-post-thumbnail","7":"category-sport","8":"tag-no","9":"tag-norge","10":"tag-norway","11":"tag-skiskyting","12":"tag-sport","13":"tag-sports"},"share_on_mastodon":{"url":"https:\/\/pubeurope.com\/@no\/115706478382274075","error":""},"_links":{"self":[{"href":"https:\/\/www.europesays.com\/no\/wp-json\/wp\/v2\/posts\/111288","targetHints":{"allow":["GET"]}}],"collection":[{"href":"https:\/\/www.europesays.com\/no\/wp-json\/wp\/v2\/posts"}],"about":[{"href":"https:\/\/www.europesays.com\/no\/wp-json\/wp\/v2\/types\/post"}],"author":[{"embeddable":true,"href":"https:\/\/www.europesays.com\/no\/wp-json\/wp\/v2\/users\/2"}],"replies":[{"embeddable":true,"href":"https:\/\/www.europesays.com\/no\/wp-json\/wp\/v2\/comments?post=111288"}],"version-history":[{"count":0,"href":"https:\/\/www.europesays.com\/no\/wp-json\/wp\/v2\/posts\/111288\/revisions"}],"wp:featuredmedia":[{"embeddable":true,"href":"https:\/\/www.europesays.com\/no\/wp-json\/wp\/v2\/media\/111289"}],"wp:attachment":[{"href":"https:\/\/www.europesays.com\/no\/wp-json\/wp\/v2\/media?parent=111288"}],"wp:term":[{"taxonomy":"category","embeddable":true,"href":"https:\/\/www.europesays.com\/no\/wp-json\/wp\/v2\/categories?post=111288"},{"taxonomy":"post_tag","embeddable":true,"href":"https:\/\/www.europesays.com\/no\/wp-json\/wp\/v2\/tags?post=111288"}],"curies":[{"name":"wp","href":"https:\/\/api.w.org\/{rel}","templated":true}]}}