{"id":111294,"date":"2025-12-12T12:09:02","date_gmt":"2025-12-12T12:09:02","guid":{"rendered":"https:\/\/www.europesays.com\/no\/111294\/"},"modified":"2025-12-12T12:09:02","modified_gmt":"2025-12-12T12:09:02","slug":"debattinnlegg-om-strategiske-muligheter-for-norge-ved-allianser-med-usa-og-japan-mot-kina","status":"publish","type":"post","link":"https:\/\/www.europesays.com\/no\/111294\/","title":{"rendered":"Debattinnlegg om strategiske muligheter for Norge ved allianser med USA og Japan mot Kina"},"content":{"rendered":"<p class=\"kicker t15 font-weight-bold m-font-weight-bold color_mobile_no_bg_color quaternary color_mobile_quaternary align-left mobile_text_align_align-left text-case-transform-upper mobile-hasTextPadding\" style=\"\">Kronikk<\/p>\n<p>    Norge burde ha en interesse av \u00e5 knytte seg til USA og Japan i en kollektiv respons overfor Kina.<\/p>\n<p>\n        NATO: Sikkerhet rundt konferansesenteret i sentrum av Washington DC hvor Nato-toppm\u00f8tet holdes.<br \/>\n        Foto: Krister S\u00f8rb\u00f8, Forsvarets forum\n    <\/p>\n<p>Dette er en kronikk. Meninger i teksten st\u00e5r for skribentens regning. Send inn kronikker og debattinnlegg til Forsvarets forum her. <\/p>\n<p>Jeg vil begynne med \u00e5 anerkjenne generalmajor (p) Tor Rune Raabye for <a href=\"https:\/\/www.forsvaretsforum.no\/europa-meninger-nato\/vi-star-i-en-ny-strategisk-virkelighet\/471485\" target=\"_blank\" rel=\"nofollow noopener\">en tankevekkende kronikk<\/a>, der han p\u00e5peker sentrale utfordringer for Norges nasjonale sikkerhet.\u00a0<\/p>\n<p>Samtidig ser jeg behov for \u00e5 legge til noen perspektiver som kan komplementere analysen. S\u00e6rlig n\u00e5r det gjelder Norges globale interesser og hvordan vi strategisk posisjonerer oss i en verden preget av rivalisering mellom stormakter.<\/p>\n<p data-lab-font_weight=\"\">\u00abInteresser, ikke evige allianser\u00bb<\/p>\n<p data-lab-font_weight=\"\">\u00abNations have no permanent friends or allies, they only have permanent interests.\u00bb<\/p>\n<p>Sitatet tilskrevet Lord Palmerston minner oss om at lojalitet og allianser mellom stater kan endre seg over tid. USA som stormakt endrer sine prioriteringer mot Asia. Dette skaper usikkerhet i Europa, s\u00e6rlig med den p\u00e5g\u00e5ende krigen p\u00e5 kontinentet.\u00a0<\/p>\n<p>Her m\u00e5 Norge stille sp\u00f8rsm\u00e5let: Hvilke interesser har vi, og hvor b\u00f8r vi posisjonere oss for \u00e5 sikre dem?<\/p>\n<p>Historisk konsistens og muligheter<\/p>\n<p>Realiteten tilsier at allierte og unioner, v\u00e6re seg Nato eller EU, kan splittes i kriser som g\u00e5r p\u00e5 akkord med nasjonale prioriteringer. Derfor er det uansvarlig \u00e5 passivt lene seg p\u00e5 geografi og allianser som garantist for sikkerhet, uten \u00e5 aktivt bygge handlefrihet. Dette speiler praksisen etter andre verdenskrig og s\u00e6rlig etter Sovjetunionens fall, hvor Forsvaret aktivt har deltatt i internasjonale bidrag med Nato og FN.\u00a0<\/p>\n<p>Dette anses som Norges depositum av milit\u00e6rmakt i \u00abbanken\u00bb, med den implisitte forventningen om hjelp tilbake USA, uavhengig av den eksplisitte Nato-alliansen.<\/p>\n<p>        <a itemprop=\"url\" class=\"\" href=\"https:\/\/www.forsvaretsforum.no\/europa-meninger-nato\/vi-star-i-en-ny-strategisk-virkelighet\/471485\" data-k5a-url=\"https:\/\/www.forsvaretsforum.no\/a\/471485\" rel=\"nofollow noopener\" target=\"_blank\"><\/p>\n<p>\nMeninger\n<\/p>\n<p>            Vi st\u00e5r i en ny strategisk virkelighet<\/p>\n<p itemprop=\"description\" class=\"subtitle \" style=\"\">\n    Av Tor Rune Raabye\n<\/p>\n<p>        <\/a><\/p>\n<p>Forsvarsindustrien forteller oss noe om mulighetene. F\u00f8r Finland og Sverige ble medlemmer i Nato, var det allerede tilknytning innen eierskap mellom landenes v\u00e5penindustri. Kongsberg Gruppen har med sine internasjonale satsninger tydeliggjort norske interesser langt utenfor Skandinavia, med etableringen av missilproduksjonsfabrikker b\u00e5de i USA og Australia.\u00a0<\/p>\n<p>Fabrikkene vil produsere missiler b\u00e5de for disse landene, men ogs\u00e5 for andre kunder. Etableringen understreker at Norge har reell tilstedev\u00e6relse og industrielle forpliktelser i strategisk viktige regioner. Dette er s\u00e6rlig viktig i Indo-Stillehavsomr\u00e5det, som blir stadig viktigere for global maktbalanse.<\/p>\n<p>Norge, USA og Japan \u2014 et strategisk press mot Kina<\/p>\n<p>Norge burde ha en interesse av \u00e5 knytte seg til USA og Japan i en kollektiv respons overfor Kina. USA og Taiwan s\u00f8ker n\u00e6rhet grunnet Taiwans enorme markedsandel i mikrochipper og halvledere. Dette er en avgj\u00f8rende del i verdikjeden, s\u00e6rlig ettersom teknologien er kritisk i vestlig v\u00e5penproduksjon.\u00a0<\/p>\n<p>Nylig kommenterte Japans f\u00f8rste kvinnelige statsminister, Sanae Takaichi, at en kinesisk milit\u00e6r aksjon mot Taiwan ville behandles som et angrep mot Japan. Dette er et sv\u00e6rt tydelig standpunkt som viser vilje til \u00e5 tydelig utfordre Kina dersom det kreves.<\/p>\n<p>        <a itemprop=\"url\" class=\"\" href=\"https:\/\/www.forsvaretsforum.no\/meninger-miljopartiet-de-gronne-politikk\/norge-trenger-et-psykologisk-forsvar\/453553\" data-k5a-url=\"https:\/\/www.forsvaretsforum.no\/a\/453553\" rel=\"nofollow noopener\" target=\"_blank\"><\/p>\n<p>\nMeninger\n<\/p>\n<p>            Norge trenger et psykologisk forsvar<\/p>\n<p itemprop=\"description\" class=\"subtitle \" style=\"\">\n    Av Hildegunn Seip\n<\/p>\n<p>        <\/a><\/p>\n<p>Kina kan geo- og sikkerhetspolitisk fremst\u00e5 som fremmed eller langt unna, men dette har endret seg med klimaendringene og et sp\u00e5dd isfritt Arktis. Tilstedev\u00e6relsen alene krever \u00f8kt \u00e5rv\u00e5kenhet, men inneb\u00e6rer en betraktelig trussel mot v\u00e5re fiskeriinteresser. Dette ser vi i S\u00f8r- Amerika, og m\u00e5ten kinesiske tr\u00e5lere utraderer fiskeribestanden. Dette truer b\u00e5de \u00f8konomisk og ikke minst b\u00e6rekraftig forvaltning av havressursene.\u00a0<\/p>\n<p>\u00c5 tro Norge er fredet denne typen angrep mot v\u00e5r fiskeribestand er i beste fall naivt, og i verste fall en ren underkastelse. Tidligere i \u00e5r var Svalbard en p\u00e5minnelse om dette: en kvinne tilknyttet det kinesiske forsvaret poserte i uniform foran en kinesisk forskningsstasjon i Ny-\u00c5lesund. Svalbard er godt kjent for \u00e5 v\u00e6re demilitarisert, og denne provokasjonen mot Norge viser at Kina tar seg til rette, og at Norges interesser kan komme i spill i Arktis.<\/p>\n<p>        <a itemprop=\"url\" class=\"\" href=\"https:\/\/www.forsvaretsforum.no\/effektivisering-forsvaret-ledelse\/erfaring-gjor-deg-ikke-automatisk-til-en-god-leder\/421980\" data-k5a-url=\"https:\/\/www.forsvaretsforum.no\/a\/421980\" rel=\"nofollow noopener\" target=\"_blank\"><\/p>\n<p>\nMeninger\n<\/p>\n<p>            Erfaring gj\u00f8r deg ikke automatisk til en god leder<\/p>\n<p itemprop=\"description\" class=\"subtitle \" style=\"\">\n    Av Nikolai O. Bj\u00f8rnsund\n<\/p>\n<p>        <\/a><\/p>\n<p>I dagens verden kan vi ikke tro at EU er en erstatning for USA. Dette ser vi p\u00e5 alvor i form av st\u00f8tte til Ukraina. Vestens dryppvise og forsiktige leveranser av kampfly, langtrekkende v\u00e5pen og vedlikeholdspersonell har ikke bare forlenget krigen, men vist at Europa er et mangehodet troll som er avhengig av amerikansk involvering. Denne erfaringen b\u00f8r v\u00e6re en vekker: N\u00e5r USA prioriterer Indo-Stillehavet, kan vi ikke lenger v\u00e6re en passiv klientstat som h\u00e5per p\u00e5 restene av amerikansk oppmerksomhet. Vi m\u00e5 selv bygge den kapasiteten og de globale partnerskapene som gj\u00f8r at vi blir en akt\u00f8r andre trenger.<\/p>\n<p>Sikkerheten v\u00e5r er global<\/p>\n<p>Den strategiske virkeligheten i 2025 er at USA fortsetter \u00e5 flytte tyngdepunktet til Indo-Stillehavet. Europa er fortsatt viktig \u2013 men forventes \u00e5 v\u00e6re herre i eget hus (iht. siste amerikanske National Security Strategy forventes det motsatte &#8211; Europa vil d\u00f8). I en slik verden er det naivt \u00e5 tro at passiv lojalitet alene vil sikre amerikansk oppmerksomhet den dagen russiske eller kinesiske akt\u00f8rer utfordrer norske interesser.<\/p>\n<p>Derfor m\u00e5 Norge gj\u00f8re det vi allerede har begynt. Det vil si \u00e5 erkjenne at v\u00e5r sikkerhet er global, ikke bare nord-atlantisk. Her bygges reell handlefrihet gjennom produksjon, teknologi og tilstedev\u00e6relse. USA har lenge hatt interesser i Stillehavsregionen, med milit\u00e6re baser p\u00e5 blant annet Filippinene, S\u00f8r-Korea og Japan. Ukraina har dessverre ikke hatt en liknende tilknytning, men det har Norge.<\/p>\n<p>Norge har r\u00e5d til \u00e5 v\u00e6re en lojal Nato-alliert. Vi har ikke r\u00e5d til \u00e5 v\u00e6re en passiv en. Det er realisme i en verden der ingen lenger har evige allierte \u2013 bare evige interesser.<\/p>\n","protected":false},"excerpt":{"rendered":"Kronikk Norge burde ha en interesse av \u00e5 knytte seg til USA og Japan i en kollektiv respons&hellip;\n","protected":false},"author":2,"featured_media":111295,"comment_status":"","ping_status":"","sticky":false,"template":"","format":"standard","meta":{"footnotes":""},"categories":[12],"tags":[20,21,24,25,15,22,23,13,30,28,29,14,16,26,27,42,43,44,45],"class_list":{"0":"post-111294","1":"post","2":"type-post","3":"status-publish","4":"format-standard","5":"has-post-thumbnail","7":"category-verden","8":"tag-breaking-news","9":"tag-breakingnews","10":"tag-featured-news","11":"tag-featurednews","12":"tag-headlines","13":"tag-latest-news","14":"tag-latestnews","15":"tag-news","16":"tag-no","17":"tag-norge","18":"tag-norway","19":"tag-nyheter","20":"tag-overskrifter","21":"tag-top-stories","22":"tag-topstories","23":"tag-verden","24":"tag-world","25":"tag-world-news","26":"tag-worldnews"},"share_on_mastodon":{"url":"https:\/\/pubeurope.com\/@no\/115706525458439363","error":""},"_links":{"self":[{"href":"https:\/\/www.europesays.com\/no\/wp-json\/wp\/v2\/posts\/111294","targetHints":{"allow":["GET"]}}],"collection":[{"href":"https:\/\/www.europesays.com\/no\/wp-json\/wp\/v2\/posts"}],"about":[{"href":"https:\/\/www.europesays.com\/no\/wp-json\/wp\/v2\/types\/post"}],"author":[{"embeddable":true,"href":"https:\/\/www.europesays.com\/no\/wp-json\/wp\/v2\/users\/2"}],"replies":[{"embeddable":true,"href":"https:\/\/www.europesays.com\/no\/wp-json\/wp\/v2\/comments?post=111294"}],"version-history":[{"count":0,"href":"https:\/\/www.europesays.com\/no\/wp-json\/wp\/v2\/posts\/111294\/revisions"}],"wp:featuredmedia":[{"embeddable":true,"href":"https:\/\/www.europesays.com\/no\/wp-json\/wp\/v2\/media\/111295"}],"wp:attachment":[{"href":"https:\/\/www.europesays.com\/no\/wp-json\/wp\/v2\/media?parent=111294"}],"wp:term":[{"taxonomy":"category","embeddable":true,"href":"https:\/\/www.europesays.com\/no\/wp-json\/wp\/v2\/categories?post=111294"},{"taxonomy":"post_tag","embeddable":true,"href":"https:\/\/www.europesays.com\/no\/wp-json\/wp\/v2\/tags?post=111294"}],"curies":[{"name":"wp","href":"https:\/\/api.w.org\/{rel}","templated":true}]}}