{"id":11131,"date":"2025-08-18T09:14:09","date_gmt":"2025-08-18T09:14:09","guid":{"rendered":"https:\/\/www.europesays.com\/no\/11131\/"},"modified":"2025-08-18T09:14:09","modified_gmt":"2025-08-18T09:14:09","slug":"pep-guardiola-hyller-oscar-bobb","status":"publish","type":"post","link":"https:\/\/www.europesays.com\/no\/11131\/","title":{"rendered":"Pep Guardiola hyller Oscar Bobb"},"content":{"rendered":"<p>     Spill Profeten   <img decoding=\"async\" class=\"_confettiImage_b81ng_95\" src=\"https:\/\/www.europesays.com\/no\/wp-content\/uploads\/2025\/08\/SzwcSxt.png\" alt=\"\" fetchpriority=\"high\" loading=\"eager\"\/>   <img decoding=\"async\" class=\"_playerImage_b81ng_83\" src=\"https:\/\/www.europesays.com\/no\/wp-content\/uploads\/2025\/08\/U9NvSiG.png\" alt=\"profeten-promo-player\" fetchpriority=\"high\" loading=\"eager\"\/>     <\/p>\n<p class=\"_lead_1bvmi_2 _lead_xtcu6_50 layout-component text-serif-m layout-normal text-serif-l layout-component layout-wide layout-padded _wide_17hqh_1 layout-padded\">Oscar Bobb (22) mottar hyllest fra Pep Guardiola etter sesong\u00e5pningen.<\/p>\n<p><img alt=\"Oscar Bobb storspilte mot Wolverhampton l\u00f8rdag kveld. Foto: Chris Radburn \/ Reuters \/ NTB\" class=\"_image_qp4xg_65 layout-component layout-wide\" data-fullscreen- data-track-element-type=\"Article image fullscreen\" data-track-name=\"ImageFullscreen\" fetchpriority=\"high\" decoding=\"sync\" loading=\"eager\" height=\"1957\" itemprop=\"image\"  src=\"https:\/\/www.europesays.com\/no\/wp-content\/uploads\/2025\/08\/1967ee4a-b0f7-4a3f-be28-13abb300f103\"  style=\"object-position:0% 0%\" width=\"2652\"\/>Oscar Bobb storspilte mot Wolverhampton l\u00f8rdag kveld. Foto: Chris Radburn \/ Reuters \/ NTB<\/p>\n<ul aria-hidden=\"true\" class=\"_images_1y6fe_106\">\n<li><a class=\"_link_1y6fe_111\" href=\"https:\/\/www.vg.no\/forfatter\/andreas-hopen\" style=\"z-index:1\" title=\"Andreas Hopen\" rel=\"nofollow noopener\" target=\"_blank\"><img alt=\"Bilde av Andreas Hopen\" class=\"_image_1y6fe_88\" fetchpriority=\"low\" loading=\"lazy\" decoding=\"async\" itemprop=\"image\"  src=\"https:\/\/www.europesays.com\/no\/wp-content\/uploads\/2025\/08\/1755508449_223_8d697287-ea03-4d54-ab67-6d65b82629eb\"  width=\"480\"\/><\/a><\/li>\n<\/ul>\n<p> Oppdatert mandag 18. august kl. 10:43    <\/p>\n<ul class=\"_list_1bvmi_3 _list_1flq1_85 _unordered_1bvmi_99 text-sans-m\">\n<li class=\"_item_1bvmi_30\">Oscar Bobb ble hyllet av Pep Guardiola etter sin f\u00f8rste kamp for Manchester City p\u00e5 ett \u00e5r.<\/li>\n<li class=\"_item_1bvmi_30\">Nordmannen leverte en m\u00e5lgivende pasning i 4\u20130-seieren over Wolverhampton.<\/li>\n<li class=\"_item_1bvmi_30\">Guardiola roste Bobbs styrke, hurtighet og defensive disiplin.<\/li>\n<li class=\"_item_1bvmi_30\">Bobb har forlenget sin City-avtale til sommeren 2029.<\/li>\n<\/ul>\n<p>Vis mer <\/p>\n<p class=\"_paragraph_1bvmi_4 _paragraph_xtcu6_10 layout-component text-serif-m layout-normal text-serif-m layout-padded\">L\u00f8rdag startet Oscar Bobb sin f\u00f8rste kamp for Manchester City siden Community Shield-finalen mot Manchester United i august for ett \u00e5r siden. Nordmannen takket for tilliten med en m\u00e5lgivende pasning til 2\u20130-m\u00e5let. P\u00e5 pressekonferansen etter 4\u20130-seieren over Wolverhampton ble nordmannen hyllet av sin sjef.<\/p>\n<p class=\"_paragraph_1bvmi_4 _paragraph_xtcu6_10 layout-component text-serif-m layout-normal text-serif-m layout-padded\">\u2013 Da jeg s\u00e5 ham i dag (l\u00f8rdag) forsto jeg hvor mye vi savnet ham forrige sesong. Han er sterk, rask, disiplinert defensivt og en m\u00e5ltrussel, sa Pep Guardiola.<\/p>\n<p class=\"_paragraph_1bvmi_4 _paragraph_xtcu6_10 layout-component text-serif-m layout-normal text-serif-m layout-padded\">Bobb fikk sitt gjennombrudd i Manchester City for to sesonger siden da han endte opp med \u00e5 spille 26 kamper for klubben i alle turneringer. Det s\u00f8rget for at nordmannen forlenget sin City-avtale til sommeren 2029.<\/p>\n<p class=\"_paragraph_1bvmi_4 _paragraph_xtcu6_10 layout-component text-serif-m layout-normal text-serif-m layout-padded\">Forrige sesong fikk Bobb starte i Community Shield-finalen, men s\u00e5 p\u00e5dro 22-\u00e5ringen seg et brudd i beinet p\u00e5 trening som holdt ham ute av spill store deler av sesongen.<\/p>\n<p class=\"_paragraph_1bvmi_4 _paragraph_xtcu6_10 layout-component text-serif-m layout-normal text-serif-m layout-padded\">\u2013 Hvor lenge siden er det han spilte 90 minutter p\u00e5 dette niv\u00e5et? Det er i alle fall ett \u00e5r siden. Jeg h\u00e5per bare at han holder seg frisk. Det er det eneste jeg ber om, fortsatte Guardiola.<\/p>\n<p class=\"_paragraph_1bvmi_4 _paragraph_xtcu6_10 layout-component text-serif-m layout-normal text-serif-m layout-padded\">Bobb var tilbake for Manchester City i april og fikk tre innhopp i <a href=\"https:\/\/www.vg.no\/tag\/premier-league?utm_source=vg-article&amp;utm_medium=auto-tagger&amp;utm_campaign=QMLvx4\" class=\"_link_1bvmi_39\" rel=\"nofollow noopener\" target=\"_blank\">Premier League<\/a> p\u00e5 tampen av sesongen. Under sommerens VM for klubblag fikk Bobb to innhopp og ett av dem endte med scoring mot Al Ain:<\/p>\n","protected":false},"excerpt":{"rendered":"Spill Profeten Oscar Bobb (22) mottar hyllest fra Pep Guardiola etter sesong\u00e5pningen. Oscar Bobb storspilte mot Wolverhampton l\u00f8rdag&hellip;\n","protected":false},"author":2,"featured_media":11132,"comment_status":"","ping_status":"","sticky":false,"template":"","format":"standard","meta":{"footnotes":""},"categories":[59],"tags":[92,30,28,29,1386,161,83,82],"class_list":{"0":"post-11131","1":"post","2":"type-post","3":"status-publish","4":"format-standard","5":"has-post-thumbnail","7":"category-sport","8":"tag-fotball","9":"tag-no","10":"tag-norge","11":"tag-norway","12":"tag-oscar-bobb","13":"tag-premier-league","14":"tag-sport","15":"tag-sports"},"share_on_mastodon":{"url":"","error":""},"_links":{"self":[{"href":"https:\/\/www.europesays.com\/no\/wp-json\/wp\/v2\/posts\/11131","targetHints":{"allow":["GET"]}}],"collection":[{"href":"https:\/\/www.europesays.com\/no\/wp-json\/wp\/v2\/posts"}],"about":[{"href":"https:\/\/www.europesays.com\/no\/wp-json\/wp\/v2\/types\/post"}],"author":[{"embeddable":true,"href":"https:\/\/www.europesays.com\/no\/wp-json\/wp\/v2\/users\/2"}],"replies":[{"embeddable":true,"href":"https:\/\/www.europesays.com\/no\/wp-json\/wp\/v2\/comments?post=11131"}],"version-history":[{"count":0,"href":"https:\/\/www.europesays.com\/no\/wp-json\/wp\/v2\/posts\/11131\/revisions"}],"wp:featuredmedia":[{"embeddable":true,"href":"https:\/\/www.europesays.com\/no\/wp-json\/wp\/v2\/media\/11132"}],"wp:attachment":[{"href":"https:\/\/www.europesays.com\/no\/wp-json\/wp\/v2\/media?parent=11131"}],"wp:term":[{"taxonomy":"category","embeddable":true,"href":"https:\/\/www.europesays.com\/no\/wp-json\/wp\/v2\/categories?post=11131"},{"taxonomy":"post_tag","embeddable":true,"href":"https:\/\/www.europesays.com\/no\/wp-json\/wp\/v2\/tags?post=11131"}],"curies":[{"name":"wp","href":"https:\/\/api.w.org\/{rel}","templated":true}]}}