{"id":111310,"date":"2025-12-12T12:33:14","date_gmt":"2025-12-12T12:33:14","guid":{"rendered":"https:\/\/www.europesays.com\/no\/111310\/"},"modified":"2025-12-12T12:33:14","modified_gmt":"2025-12-12T12:33:14","slug":"sanna-sarromaa-skaper-storm-med-kritikk-av-norsk-julemat","status":"publish","type":"post","link":"https:\/\/www.europesays.com\/no\/111310\/","title":{"rendered":"Sanna Sarromaa skaper storm med kritikk av norsk julemat"},"content":{"rendered":"<p class=\"kicker \" style=\"\">Sanna Sarromaa:\u00a0<\/p>\n<p>  Etter at samfunnsdebattanten ga norsk julemat det glatte lag har hun f\u00e5tt et hav av sterke reaksjoner.<\/p>\n<p>\n    SINTE MELDINGER: Etter at Sanna Saromaa omtalte norsk julemat som \u00abhelt j\u00e6vlig\u00bb kokte det b\u00e5de i kommentarfelt og innboks. Her fra Viaplays v\u00e5rlansering. Foto: Andreas Fadum\n  <\/p>\n<p>Den finske samfunnsdebattanten Sanna Sarromaa (46) kronet f\u00f8rsjulstida ved beskrive norsk julemat som \u00abhelt j\u00e6vlig\u00bb.<\/p>\n<p>&#8211; Pinnekj\u00f8tt er helt j\u00e6vlig. Det er de d\u00e5rligste bitene av kj\u00f8ttet som setter seg fast mellom tennene. F\u00e5rik\u00e5l er akkurat det samme. Det er ikke noe godt, uttalte hun til <a href=\"https:\/\/www.nettavisen.no\/kjendis\/reagerer-pa-sanna-sarromaas-juleutspill-julematen-er-tradisjon\/s\/5-95-2772173\" rel=\"nofollow noopener\" target=\"_blank\">Nettavisen<\/a>.<\/p>\n<p>    <a itemprop=\"url\" href=\"https:\/\/www.dagbladet.no\/kjendis\/dette-orker-jeg-ikke\/83973147\" rel=\"nofollow noopener\" target=\"_blank\"><\/p>\n<p>        <img loading=\"lazy\" decoding=\"async\" src=\"https:\/\/www.europesays.com\/no\/wp-content\/uploads\/2025\/12\/83973432.webp\" width=\"980\" height=\"441\" title=\"- Dette orker jeg ikke\" alt=\"\" class=\"lazyload\" style=\"--aspect-ratio-image: 2.22; \"\/><\/p>\n<p>        &#8211; Dette orker jeg ikke<\/p>\n<p>    <\/a><\/p>\n<p> Uttalelsen skapte raskt sterke reaksjoner, og kommentarfeltet under Nettavisens innlegg p\u00e5 Facebook har i skrivende stund 1200 kommentarer.\u00a0<\/p>\n<p> \u00abN\u00e5 begynner jeg \u00e5 bli mektig lei den binna der\u00bb, lyder en av kommentarene.<\/p>\n<p>        <img loading=\"lazy\" decoding=\"async\" src=\"https:\/\/www.europesays.com\/no\/wp-content\/uploads\/2025\/12\/83971935.webp\" width=\"686\" height=\"460\" title=\"TV-FJES: Sanna Sarromaa var \u00e5 se i \u00e5rets sesong av \u00ab71 grader nord\u00bb. Foto: Matti Bernitz\/Warner Bros. Discovery\" alt=\"\" class=\"\" style=\"--aspect-ratio-image: 1.49; \"\/><\/p>\n<p>\n        TV-FJES: Sanna Sarromaa var \u00e5 se i \u00e5rets sesong av \u00ab71 grader nord\u00bb. Foto: Matti Bernitz\/Warner Bros. Discovery\n    <\/p>\n<p>F\u00e5r kritikk\t<\/p>\n<p>Etter at Sarromaa stilte opp i <a href=\"https:\/\/tv.nrk.no\/serie\/dagsnytt-atten-tv\/sesong\/202512\/episode\/NNFA56121025\" rel=\"nofollow noopener\" target=\"_blank\">radiostudioet til Dagsnytt 18 p\u00e5 NRK<\/a>\u00a0for \u00e5 prate om samme tema kom enda flere kritikere p\u00e5 banen. S\u00e5pass mange ble det at den finske samfunnsdebattanten s\u00e5 seg n\u00f8dt til \u00e5 ta til Facebook for \u00e5 kommentere situasjonen.<\/p>\n<p class=\"font-weight-normal m-font-weight-normal\" data-lab-font_weight=\"font-weight-normal\">\u00abEt kommentarfelt under en sak om Tommy Robinson i Minerva er et barneskirenn sammenlignet med innboksen jeg v\u00e5knet til i dag! Jeg er &#8216;den st\u00f8rste og dummeste finske fitta i Norge&#8217; som &#8216;berre m\u00e5 dra seg heim til Finland n\u00e5r alt er s\u00e5 j\u00e6vlig her i Norge&#8217;\u00bb, \u00e5pner hun innlegget med.\u00a0<\/p>\n<p>        Sanna Sarromaa langer ut mot kunnskapsminister Tonje Brenna. N\u00e5 legger hun seg flat. VIDEO: Wolfgang Wee Uncut<\/p>\n<p>&#8211; Nordmenn er selvgode\t<\/p>\n<p data-lab-font_weight=\"\">N\u00e5r Dagbladet sl\u00e5r p\u00e5 tr\u00e5den til 46-\u00e5ringen ler hun av hele situasjonen:\u00a0<\/p>\n<p class=\"font-weight-bold m-font-weight-bold\" data-lab-font_weight=\"font-weight-bold\"> &#8211; Det er jo ingen nyhetsverdi i at jeg ikke liker norsk julemat. Det\u00a0som er veldig interessant, er jo hvor sterke reaksjoner det skaper hos enkelte mennesker, forteller hun.\u00a0<\/p>\n<p>        <img loading=\"lazy\" decoding=\"async\" src=\"https:\/\/www.europesays.com\/no\/wp-content\/uploads\/2025\/12\/83971975.webp\" width=\"686\" height=\"446\" title=\"SELVODE: Sanna Sarromaa peker p\u00e5 at nordmenn er blitt for selvgode og tar seg selv for h\u00f8ytidelig. Her fra presentasjon av deltakerne i \u00ab71 grader nord\u00bb som hun var med p\u00e5 i h\u00f8st. Foto: Andreas Fadum \/ Se og H\u00f8r\" alt=\"\" class=\"\" style=\"--aspect-ratio-image: 1.54; \"\/><\/p>\n<p>\n        SELVODE: Sanna Sarromaa peker p\u00e5 at nordmenn er blitt for selvgode og tar seg selv for h\u00f8ytidelig. Her fra presentasjon av deltakerne i \u00ab71 grader nord\u00bb som hun var med p\u00e5 i h\u00f8st. Foto: Andreas Fadum \/ Se og H\u00f8r\n    <\/p>\n<p class=\"font-weight-bold m-font-weight-bold\" data-lab-font_weight=\"font-weight-bold\">Hun fortsetter:\u00a0<\/p>\n<p class=\"font-weight-bold m-font-weight-bold\" data-lab-font_weight=\"font-weight-bold\">&#8211;\u00a0 Jeg tror at mange nordmenn er veldig selvgode. Ogs\u00e5 er p\u00e5 en m\u00e5te ryggmargsrefleksen i folk at jeg m\u00e5 komme meg tilbake til Finland.<\/p>\n<p> Hun reagerer ogs\u00e5 kraftig p\u00e5 hva folk tillater seg \u00e5 skrive til henne:\u00a0<\/p>\n<p>&#8211; Jeg underholdes av at noen har s\u00e5 sterke meninger om meg. Men jeg etterlyser empiri her. At jeg er &#8216;Den st\u00f8rste og dummeste finske fitta i Norge&#8217; tviler jeg p\u00e5 at bunner i empirisk forskning. Har vedkommende m\u00e5lt alle de finske fittene i Norge?, sp\u00f8r hun.\u00a0<\/p>\n<p>Hun avslutter:\u00a0<\/p>\n<p>&#8211; Vedkommende har ikke v\u00e6rt i n\u00e6rheten av min fitte, og kommer aldri til \u00e5 v\u00e6re det. Men dette g\u00e5r ikke inn p\u00e5 meg. Jeg syntes det er underholdende.\u00a0<\/p>\n","protected":false},"excerpt":{"rendered":"Sanna Sarromaa:\u00a0 Etter at samfunnsdebattanten ga norsk julemat det glatte lag har hun f\u00e5tt et hav av sterke&hellip;\n","protected":false},"author":2,"featured_media":111311,"comment_status":"","ping_status":"","sticky":false,"template":"","format":"standard","meta":{"footnotes":""},"categories":[10],"tags":[20,21,24,25,15,479,22,23,13,30,28,29,14,16,6283,26,27],"class_list":{"0":"post-111310","1":"post","2":"type-post","3":"status-publish","4":"format-standard","5":"has-post-thumbnail","7":"category-norge","8":"tag-breaking-news","9":"tag-breakingnews","10":"tag-featured-news","11":"tag-featurednews","12":"tag-headlines","13":"tag-kjendis","14":"tag-latest-news","15":"tag-latestnews","16":"tag-news","17":"tag-no","18":"tag-norge","19":"tag-norway","20":"tag-nyheter","21":"tag-overskrifter","22":"tag-sanna-sarromaa","23":"tag-top-stories","24":"tag-topstories"},"share_on_mastodon":{"url":"https:\/\/pubeurope.com\/@no\/115706620054671363","error":""},"_links":{"self":[{"href":"https:\/\/www.europesays.com\/no\/wp-json\/wp\/v2\/posts\/111310","targetHints":{"allow":["GET"]}}],"collection":[{"href":"https:\/\/www.europesays.com\/no\/wp-json\/wp\/v2\/posts"}],"about":[{"href":"https:\/\/www.europesays.com\/no\/wp-json\/wp\/v2\/types\/post"}],"author":[{"embeddable":true,"href":"https:\/\/www.europesays.com\/no\/wp-json\/wp\/v2\/users\/2"}],"replies":[{"embeddable":true,"href":"https:\/\/www.europesays.com\/no\/wp-json\/wp\/v2\/comments?post=111310"}],"version-history":[{"count":0,"href":"https:\/\/www.europesays.com\/no\/wp-json\/wp\/v2\/posts\/111310\/revisions"}],"wp:featuredmedia":[{"embeddable":true,"href":"https:\/\/www.europesays.com\/no\/wp-json\/wp\/v2\/media\/111311"}],"wp:attachment":[{"href":"https:\/\/www.europesays.com\/no\/wp-json\/wp\/v2\/media?parent=111310"}],"wp:term":[{"taxonomy":"category","embeddable":true,"href":"https:\/\/www.europesays.com\/no\/wp-json\/wp\/v2\/categories?post=111310"},{"taxonomy":"post_tag","embeddable":true,"href":"https:\/\/www.europesays.com\/no\/wp-json\/wp\/v2\/tags?post=111310"}],"curies":[{"name":"wp","href":"https:\/\/api.w.org\/{rel}","templated":true}]}}