{"id":111314,"date":"2025-12-12T12:38:11","date_gmt":"2025-12-12T12:38:11","guid":{"rendered":"https:\/\/www.europesays.com\/no\/111314\/"},"modified":"2025-12-12T12:38:11","modified_gmt":"2025-12-12T12:38:11","slug":"nyheter-naeringsliv-kjoper-lokalkontor-i-kongsberg","status":"publish","type":"post","link":"https:\/\/www.europesays.com\/no\/111314\/","title":{"rendered":"Nyheter, N\u00e6ringsliv | Kj\u00f8per lokalkontor i Kongsberg"},"content":{"rendered":"\n<p>(<a href=\"www.gd.no\" rel=\"Follow\">GD<\/a>\ud83d\ude42<b> Ey (Ernst &amp; Young) I Kongsberg er en del av kj\u00f8pet. <\/b><\/p>\n<p>I tillegg til kontorene og de ansatte i Fredrikstad, T\u00f8nsberg, Porsgrunn, Krager\u00f8, B\u00f8, Lillehammer, Otta, Notodden, \u00c5lesund, Steinkjer, Bod\u00f8 og Troms\u00f8.<\/p>\n<p>Det er bare litt over \u00e9n uke siden Cedra Norge ble lansert, med utspring fra Deloitte, og med 23 kontorer over hele landet n\u00e5r mer enn 200 mennesker fra KPMG ogs\u00e5 kommer om bord i l\u00f8pet av desember.<\/p>\n<p>Kontorene Cedra Norge overtar fra Ey har en samlet omsetning p\u00e5 rundt 500 millioner kroner. Etter overtakelse vil selskapet \u00f8ke antall ansatte til rundt 850, og ha en forventet omsetning p\u00e5 n\u00e6rmere 1,5 milliarder kroner.<\/p>\n<p>\u2013 Den 1. desember kalte vi oss litt ubeskjedent for Norges mest erfarne start-up. Det var sant da, men n\u00e5 kan jeg vel si at vi allerede har blitt en scale-up. Vi st\u00e5r midt i den st\u00f8rste omstillingen revisjons- og r\u00e5dgivningsbransjen har sett, og det er fantastisk \u00e5 f\u00e5 med s\u00e5 mange flinke mennesker og nye partnere fra Ey p\u00e5 laget, sier CEO i Cedra Norge, Torgeir Dahle i ei pressemelding.<\/p>\n<p>Avtalen er betinget av regulatoriske godkjenninger og forventes gjennomf\u00f8rt i l\u00f8pet av 2. kvartal 2026.<\/p>\n<p>\u2013 Med denne transaksjonen legger vi grunnlaget for to selskaper som f\u00e5r gode forutsetninger til \u00e5 lykkes i markedet i fremtiden. Overgangen fra Ey Norge til Cedra Norge skal bli smidig for b\u00e5de kunder og medarbeidere som blir med over. Jeg er trygg p\u00e5 at dette er en god beslutning for oss, sier Arbab Dar, administrerende direkt\u00f8r i Ey Norge.<\/p>\n<p>Cedra Sverige gj\u00f8r samtidig en lignende transaksjon med Ey i nabolandet.<\/p>\n","protected":false},"excerpt":{"rendered":"(GD\ud83d\ude42 Ey (Ernst &amp; Young) I Kongsberg er en del av kj\u00f8pet. I tillegg til kontorene og de&hellip;\n","protected":false},"author":2,"featured_media":111250,"comment_status":"","ping_status":"","sticky":false,"template":"","format":"standard","meta":{"footnotes":""},"categories":[56],"tags":[36,60,61,5279,62,30,28,29,14,1510],"class_list":{"0":"post-111314","1":"post","2":"type-post","3":"status-publish","4":"format-standard","5":"has-post-thumbnail","7":"category-naeringsliv","8":"tag-art","9":"tag-business","10":"tag-economy","11":"tag-kongsberg","12":"tag-naeringsliv","13":"tag-no","14":"tag-norge","15":"tag-norway","16":"tag-nyheter","17":"tag-story"},"share_on_mastodon":{"url":"https:\/\/pubeurope.com\/@no\/115706639336733595","error":""},"_links":{"self":[{"href":"https:\/\/www.europesays.com\/no\/wp-json\/wp\/v2\/posts\/111314","targetHints":{"allow":["GET"]}}],"collection":[{"href":"https:\/\/www.europesays.com\/no\/wp-json\/wp\/v2\/posts"}],"about":[{"href":"https:\/\/www.europesays.com\/no\/wp-json\/wp\/v2\/types\/post"}],"author":[{"embeddable":true,"href":"https:\/\/www.europesays.com\/no\/wp-json\/wp\/v2\/users\/2"}],"replies":[{"embeddable":true,"href":"https:\/\/www.europesays.com\/no\/wp-json\/wp\/v2\/comments?post=111314"}],"version-history":[{"count":0,"href":"https:\/\/www.europesays.com\/no\/wp-json\/wp\/v2\/posts\/111314\/revisions"}],"wp:featuredmedia":[{"embeddable":true,"href":"https:\/\/www.europesays.com\/no\/wp-json\/wp\/v2\/media\/111250"}],"wp:attachment":[{"href":"https:\/\/www.europesays.com\/no\/wp-json\/wp\/v2\/media?parent=111314"}],"wp:term":[{"taxonomy":"category","embeddable":true,"href":"https:\/\/www.europesays.com\/no\/wp-json\/wp\/v2\/categories?post=111314"},{"taxonomy":"post_tag","embeddable":true,"href":"https:\/\/www.europesays.com\/no\/wp-json\/wp\/v2\/tags?post=111314"}],"curies":[{"name":"wp","href":"https:\/\/api.w.org\/{rel}","templated":true}]}}